{"id":28242,"date":"2025-03-26T18:26:28","date_gmt":"2025-03-26T21:26:28","guid":{"rendered":"https:\/\/guialimeira.com.br\/?p=28242"},"modified":"2025-03-26T18:26:28","modified_gmt":"2025-03-26T21:26:28","slug":"presidente-da-camara-discute-projeto-medicos-tatuibi-com-alunas-da-unicamp","status":"publish","type":"post","link":"https:\/\/guialimeira.com.br\/news\/presidente-da-camara-discute-projeto-medicos-tatuibi-com-alunas-da-unicamp\/","title":{"rendered":"Presidente da C\u00e2mara discute projeto M\u00e9dicos Tatuibi com alunas da Unicamp"},"content":{"rendered":"\n<figure class=\"wp-block-gallery has-nested-images columns-default is-cropped wp-block-gallery-1 is-layout-flex wp-block-gallery-is-layout-flex\"><\/figure>\n \r\n<br><img data-recalc-dims=\"1\" decoding=\"async\" src=\"https:\/\/i0.wp.com\/guialimeira.com.br\/wp-content\/uploads\/2025\/03\/2025-03-26_presidente-da-camara-discute-projeto-medicos-tatuibi-com-alunas-da-unicamp_1.jpg?w=696&#038;ssl=1\" \/><br><div>\n\t\t\t\t\t<p>O presidente da C\u00e2mara Municipal de Limeira, vereador Everton Ferreira (PSD), recebeu, na tarde desta quarta-feira, 26 de mar\u00e7o, duas alunas da Faculdade de Ci\u00eancias Aplicadas (FCA-Unicamp) de Limeira, que realizam pesquisa para a disciplina de Pol\u00edticas P\u00fablicas no Brasil.<\/p><p>As estudantes de Administra\u00e7\u00e3o P\u00fablica, Sara Vit\u00f3ria da Costa e Maria Eduarda Fonseca Bendas, est\u00e3o pesquisando a aplica\u00e7\u00e3o de pol\u00edticas p\u00fablicas municipais, desde o protocolo, at\u00e9 serem colocadas em pr\u00e1tica.<\/p><p>Uma das propostas escolhidas pelas alunas \u00e9 o <a href=\"https:\/\/consulta.limeira.sp.leg.br\/Documentos\/Documento\/366669\" rel=\"noopener\">Projeto de Lei N\u00ba 22\/2025<\/a>, de autoria de Everton Ferreira, que Institui a pol\u00edtica de sa\u00fade p\u00fablica \u201cM\u00e9dicos Tatuibi\u201d no \u00e2mbito do Munic\u00edpio de Limeira. Segundo o presidente, o projeto nasceu de uma <a href=\"https:\/\/consulta.limeira.sp.leg.br\/Documentos\/Documento\/248336\" rel=\"noopener\">proposta apresentada<\/a> pelo ex-vereador Dr. J\u00falio C\u00e9sar Pereira, que foi arquivada.<\/p><p>O projeto visa ampliar a capacidade de atendimento do SUS, por meio da ades\u00e3o de m\u00e9dicos volunt\u00e1rios interessados em contribuir com o sistema p\u00fablico; reduzir a lista de espera e a demanda por consultas especializadas na rede p\u00fablica municipal; auxiliar na resolutividade dos servi\u00e7os de sa\u00fade com qualidade de atendimento; e estimular o engajamento social da classe m\u00e9dica na valoriza\u00e7\u00e3o do SUS.\u00a0<\/p><p>O projeto j\u00e1 tramitou em todas as comiss\u00f5es permanentes da Casa e est\u00e1 pronto para ir \u00e0 vota\u00e7\u00e3o em Plen\u00e1rio.<\/p>\t\t\t\t<\/div>\r\n<br>\r\n<br><a href=\"https:\/\/www.limeira.sp.leg.br\/noticias\/view\/2025-03-26_presidente-da-camara-discute-projeto-medicos-tatuibi-com-alunas-da-unicamp\" rel=\"noopener\">Informa\u00e7\u00f5es CML <\/a>","protected":false},"excerpt":{"rendered":"<p>O presidente da C\u00e2mara Municipal de Limeira, vereador Everton Ferreira (PSD), recebeu, na tarde desta quarta-feira, 26 de mar\u00e7o, duas alunas da Faculdade de Ci\u00eancias Aplicadas (FCA-Unicamp) de Limeira, que realizam pesquisa para a disciplina de Pol\u00edticas P\u00fablicas no Brasil. As estudantes de Administra\u00e7\u00e3o P\u00fablica, Sara Vit\u00f3ria da Costa e Maria Eduarda Fonseca Bendas, est\u00e3o [&hellip;]<\/p>\n","protected":false},"author":1,"featured_media":28243,"comment_status":"open","ping_status":"open","sticky":false,"template":"","format":"standard","meta":{"_jetpack_newsletter_access":"","_jetpack_dont_email_post_to_subs":false,"_jetpack_newsletter_tier_id":0,"_jetpack_memberships_contains_paywalled_content":false,"_mbp_banners":[],"_jetpack_feature_clip_id":0,"_jetpack_memberships_contains_paid_content":false,"footnotes":"","jetpack_publicize_message":"","jetpack_publicize_feature_enabled":true,"jetpack_social_post_already_shared":true,"jetpack_social_options":{"image_generator_settings":{"template":"highway","default_image_id":0,"font":"","enabled":false},"version":2},"jetpack_post_was_ever_published":false},"categories":[19],"tags":[],"class_list":["post-28242","post","type-post","status-publish","format-standard","has-post-thumbnail","category-politica"],"jetpack_publicize_connections":[],"jetpack-related-posts":[],"jetpack_shortlink":"https:\/\/wp.me\/p7Eq1F-7lw","jetpack_sharing_enabled":true,"jetpack_featured_media_url":"https:\/\/i0.wp.com\/guialimeira.com.br\/news\/wp-content\/uploads\/2025\/03\/Presidente-da-Camara-discute-projeto-Medicos-Tatuibi-com-alunas-da.jpg?fit=1280%2C640&ssl=1","_links":{"self":[{"href":"https:\/\/guialimeira.com.br\/news\/wp-json\/wp\/v2\/posts\/28242","targetHints":{"allow":["GET"]}}],"collection":[{"href":"https:\/\/guialimeira.com.br\/news\/wp-json\/wp\/v2\/posts"}],"about":[{"href":"https:\/\/guialimeira.com.br\/news\/wp-json\/wp\/v2\/types\/post"}],"author":[{"embeddable":true,"href":"https:\/\/guialimeira.com.br\/news\/wp-json\/wp\/v2\/users\/1"}],"replies":[{"embeddable":true,"href":"https:\/\/guialimeira.com.br\/news\/wp-json\/wp\/v2\/comments?post=28242"}],"version-history":[{"count":1,"href":"https:\/\/guialimeira.com.br\/news\/wp-json\/wp\/v2\/posts\/28242\/revisions"}],"predecessor-version":[{"id":28244,"href":"https:\/\/guialimeira.com.br\/news\/wp-json\/wp\/v2\/posts\/28242\/revisions\/28244"}],"wp:featuredmedia":[{"embeddable":true,"href":"https:\/\/guialimeira.com.br\/news\/wp-json\/wp\/v2\/media\/28243"}],"wp:attachment":[{"href":"https:\/\/guialimeira.com.br\/news\/wp-json\/wp\/v2\/media?parent=28242"}],"wp:term":[{"taxonomy":"category","embeddable":true,"href":"https:\/\/guialimeira.com.br\/news\/wp-json\/wp\/v2\/categories?post=28242"},{"taxonomy":"post_tag","embeddable":true,"href":"https:\/\/guialimeira.com.br\/news\/wp-json\/wp\/v2\/tags?post=28242"}],"curies":[{"name":"wp","href":"https:\/\/api.w.org\/{rel}","templated":true}]}}