{"id":2824,"date":"2024-04-25T19:24:55","date_gmt":"2024-04-25T22:24:55","guid":{"rendered":"https:\/\/guialimeira.com.br\/2024\/04\/25\/ubss-hipolito-1-e-morro-azul-realizarao-vacinacao-neste-sabado-27\/"},"modified":"2024-04-25T19:24:55","modified_gmt":"2024-04-25T22:24:55","slug":"ubss-hipolito-1-e-morro-azul-realizarao-vacinacao-neste-sabado-27","status":"publish","type":"post","link":"https:\/\/guialimeira.com.br\/news\/ubss-hipolito-1-e-morro-azul-realizarao-vacinacao-neste-sabado-27\/","title":{"rendered":"UBSs Hip\u00f3lito 1 e Morro Azul realizar\u00e3o vacina\u00e7\u00e3o neste s\u00e1bado (27)"},"content":{"rendered":"<p> <br \/>\n<\/p>\n<div>\n            <main class=\"\">&#13;<br \/>\n                &#13;<br \/>\n&#13;<br \/>\n&#13;<br \/>\n&#13;<br \/>\n    <img data-recalc-dims=\"1\" decoding=\"async\" src=\"https:\/\/i0.wp.com\/ecrie.com.br\/sistema\/conteudos\/imagem\/m_137_0_1_25042024153346.jpg?w=696&#038;ssl=1\" alt=\"UBSs Hip\u00f3lito 1 e Morro Azul realizar\u00e3o vacina\u00e7\u00e3o neste s\u00e1bado (27)\"\/>&#13;<br \/>\n&#13;<\/p>\n<p style=\"text-align: justify;\">Um novo plant\u00e3o de vacina\u00e7\u00e3o ser\u00e1 realizado neste s\u00e1bado (27), das 8h \u00e0s 13h, em tr\u00eas locais de Limeira \u2013 incluindo o drive-thru do Parque Cidade. Segundo a Secretaria de Sa\u00fade, a iniciativa ter\u00e1 imuniza\u00e7\u00e3o contra Covid-19, gripe, febre-amarela e as vacinas previstas no Calend\u00e1rio de Vacina\u00e7\u00e3o. Nesta edi\u00e7\u00e3o, n\u00e3o haver\u00e1 imuniza\u00e7\u00e3o contra Covid-19 para maiores de 12 anos, devido \u00e0 falta da vacina bivalente \u2013 segundo a pasta, o Minist\u00e9rio da Sa\u00fade tem repassado quantidades inferiores \u00e0 demanda do munic\u00edpio, que n\u00e3o recebeu, ainda, novas doses.<\/p>\n<p>&#13;<\/p>\n<p style=\"text-align: justify;\">A vacina\u00e7\u00e3o contra Covid-19 ser\u00e1 na UBS Morro Azul, para crian\u00e7as de seis meses a 11 anos. A atualiza\u00e7\u00e3o vacinal e a vacina\u00e7\u00e3o contra gripe estar\u00e3o dispon\u00edveis nas\u00a0UBSs Hip\u00f3lito 1 e Morro Azul.\u00a0No drive do Parque Cidade, ser\u00e1 poss\u00edvel se vacinar contra febre-amarela e gripe.<\/p>\n<p>&#13;<\/p>\n<p style=\"text-align: justify;\">A Secretaria de Sa\u00fade orienta que \u00e9 necess\u00e1rio apresentar os documentos pessoais, Carteira de Vacina\u00e7\u00e3o, comprovante de resid\u00eancia e Cart\u00e3o SUS. Menores de 18 anos devem estar acompanhados pelos pais ou respons\u00e1veis.<\/p>\n<p>&#13;<\/p>\n<p style=\"text-align: justify;\"><strong>SERVI\u00c7O<\/strong><\/p>\n<p>&#13;<\/p>\n<p style=\"text-align: justify;\"><strong>Plant\u00e3o de vacina\u00e7\u00e3o<\/strong><\/p>\n<p>&#13;<\/p>\n<p style=\"text-align: justify;\">S\u00e1bado, 27 de mar\u00e7o, das 8h \u00e0s 13h<\/p>\n<p>&#13;<\/p>\n<p style=\"text-align: justify;\">UBS Morro Azul \u2013 Rua Oswaldo Bertolini, 500 (Covid-19 \u2013 de seis meses a 11 anos, atualiza\u00e7\u00e3o vacinal e gripe)<\/p>\n<p>&#13;<\/p>\n<p style=\"text-align: justify;\">UBS Pq. Hip\u00f3lito 1 \u2013 Rua Arlinda Abreu Ribeiro s\/n\u00ba (atualiza\u00e7\u00e3o vacinal e gripe)<\/p>\n<p>&#13;<\/p>\n<p style=\"text-align: justify;\">Drive-thru do Parque Cidade \u2013 entrada pelo anel vi\u00e1rio (gripe e febre-amarela)<\/p>\n<p>&#13;<\/p>\n<p>\u00a0<\/p>\n<p>&#13;<br \/>\n&#13;<br \/>\n&#13;<br \/>\n&#13;<\/p>\n<aside class=\"list-related no-print\">&#13;<br \/>\n        &#13;<br \/>\n&#13;<\/p>\n<article class=\"list-item noticias \">&#13;<br \/>\n                    <a class=\"list-item__img\" href=\"https:\/\/limeira.sp.gov.br\/imprensa\/noticias\/saude\/programa-municipal-de-controle-de-agua-vence-13-premio-davidcapistranolimeira-teve-destaque-com-12-projetos-selecionados\" tabindex=\"-1\" aria-hidden=\"true\" rel=\"noopener\">&#13;<br \/>\n                        <img data-recalc-dims=\"1\" decoding=\"async\" src=\"https:\/\/i0.wp.com\/ecrie.com.br\/sistema\/conteudos\/imagem\/m_137_0_1_23042024162617.jpg?w=696&#038;ssl=1\" alt=\"Programa municipal de controle de \u00e1gua vence 13\u00ba Pr\u00eamio David\u00a0Capistrano;\u00a0Limeira teve destaque com 12 projetos selecionados\"\/>&#13;<br \/>\n                    <\/a>&#13;<br \/>\n&#13;<br \/>\n                &#13;<br \/>\n            <\/article>\n<p>&#13;<\/p>\n<article class=\"list-item noticias \">&#13;<br \/>\n                    <a class=\"list-item__img\" href=\"https:\/\/limeira.sp.gov.br\/imprensa\/noticias\/saude\/secretaria-de-saude-atualiza-numeros-sobre-a-dengue\" tabindex=\"-1\" aria-hidden=\"true\" rel=\"noopener\">&#13;<br \/>\n                        <img data-recalc-dims=\"1\" decoding=\"async\" src=\"https:\/\/i0.wp.com\/ecrie.com.br\/sistema\/conteudos\/imagem\/m_137_0_1_22042024191935.jpg?w=696&#038;ssl=1\" alt=\"Secretaria de Sa\u00fade atualiza n\u00fameros sobre a dengue\"\/>&#13;<br \/>\n                    <\/a>&#13;<br \/>\n&#13;<br \/>\n                &#13;<br \/>\n            <\/article>\n<p>&#13;<\/p>\n<article class=\"list-item noticias \">&#13;<br \/>\n                    <a class=\"list-item__img\" href=\"https:\/\/limeira.sp.gov.br\/imprensa\/noticias\/saude\/secretaria-de-saude-esclarece-que-nao-faz-ligacoes-para-renovacao-de-carteirinha-do-sus\" tabindex=\"-1\" aria-hidden=\"true\" rel=\"noopener\">&#13;<br \/>\n                        <img data-recalc-dims=\"1\" decoding=\"async\" src=\"https:\/\/i0.wp.com\/ecrie.com.br\/sistema\/conteudos\/imagem\/m_137_0_1_19042024111053.jpg?w=696&#038;ssl=1\" alt=\"Secretaria de Sa\u00fade esclarece que n\u00e3o faz liga\u00e7\u00f5es para renova\u00e7\u00e3o de carteirinha do SUS\"\/>&#13;<br \/>\n                    <\/a>&#13;<br \/>\n&#13;<br \/>\n                &#13;<br \/>\n            <\/article>\n<p>&#13;<br \/>\n    <\/aside>\n<p>&#13;<br \/>\n&#13;<br \/>\n            <\/main><\/p><\/div>\n<p><br \/>\n<br \/><a href=\"https:\/\/limeira.sp.gov.br\/ubss-hipolito-1-e-morro-azul-realizarao-vacinacao-neste-sabado-27\" rel=\"noopener\">Informa\u00e7\u00f5es da PML <\/a><\/p>\n","protected":false},"excerpt":{"rendered":"<p>&#13; &#13; &#13; &#13; &#13; &#13; &#13; Um novo plant\u00e3o de vacina\u00e7\u00e3o ser\u00e1 realizado neste s\u00e1bado (27), das 8h \u00e0s 13h, em tr\u00eas locais de Limeira \u2013 incluindo o drive-thru do Parque Cidade. Segundo a Secretaria de Sa\u00fade, a iniciativa ter\u00e1 imuniza\u00e7\u00e3o contra Covid-19, gripe, febre-amarela e as vacinas previstas no Calend\u00e1rio de Vacina\u00e7\u00e3o. Nesta [&hellip;]<\/p>\n","protected":false},"author":1,"featured_media":2825,"comment_status":"open","ping_status":"open","sticky":false,"template":"","format":"standard","meta":{"_jetpack_newsletter_access":"","_jetpack_dont_email_post_to_subs":false,"_jetpack_newsletter_tier_id":0,"_jetpack_memberships_contains_paywalled_content":false,"_mbp_banners":[],"_jetpack_feature_clip_id":0,"_jetpack_memberships_contains_paid_content":false,"footnotes":"","jetpack_publicize_message":"","jetpack_publicize_feature_enabled":true,"jetpack_social_post_already_shared":true,"jetpack_social_options":{"image_generator_settings":{"template":"highway","default_image_id":0,"font":"","enabled":false},"version":2},"jetpack_post_was_ever_published":false},"categories":[16],"tags":[],"class_list":["post-2824","post","type-post","status-publish","format-standard","has-post-thumbnail","category-local"],"jetpack_publicize_connections":[],"jetpack-related-posts":[],"jetpack_shortlink":"https:\/\/wp.me\/p7Eq1F-Jy","jetpack_sharing_enabled":true,"jetpack_featured_media_url":"https:\/\/i0.wp.com\/guialimeira.com.br\/news\/wp-content\/uploads\/2024\/04\/m_137_0_1_25042024153346.jpg?fit=1280%2C852&ssl=1","_links":{"self":[{"href":"https:\/\/guialimeira.com.br\/news\/wp-json\/wp\/v2\/posts\/2824","targetHints":{"allow":["GET"]}}],"collection":[{"href":"https:\/\/guialimeira.com.br\/news\/wp-json\/wp\/v2\/posts"}],"about":[{"href":"https:\/\/guialimeira.com.br\/news\/wp-json\/wp\/v2\/types\/post"}],"author":[{"embeddable":true,"href":"https:\/\/guialimeira.com.br\/news\/wp-json\/wp\/v2\/users\/1"}],"replies":[{"embeddable":true,"href":"https:\/\/guialimeira.com.br\/news\/wp-json\/wp\/v2\/comments?post=2824"}],"version-history":[{"count":0,"href":"https:\/\/guialimeira.com.br\/news\/wp-json\/wp\/v2\/posts\/2824\/revisions"}],"wp:featuredmedia":[{"embeddable":true,"href":"https:\/\/guialimeira.com.br\/news\/wp-json\/wp\/v2\/media\/2825"}],"wp:attachment":[{"href":"https:\/\/guialimeira.com.br\/news\/wp-json\/wp\/v2\/media?parent=2824"}],"wp:term":[{"taxonomy":"category","embeddable":true,"href":"https:\/\/guialimeira.com.br\/news\/wp-json\/wp\/v2\/categories?post=2824"},{"taxonomy":"post_tag","embeddable":true,"href":"https:\/\/guialimeira.com.br\/news\/wp-json\/wp\/v2\/tags?post=2824"}],"curies":[{"name":"wp","href":"https:\/\/api.w.org\/{rel}","templated":true}]}}