{"id":28226,"date":"2025-03-26T17:33:29","date_gmt":"2025-03-26T20:33:29","guid":{"rendered":"https:\/\/guialimeira.com.br\/?p=28226"},"modified":"2025-03-26T17:33:29","modified_gmt":"2025-03-26T20:33:29","slug":"apos-virar-reu-bolsonaro-nega-decreto-de-golpe-de-estado","status":"publish","type":"post","link":"https:\/\/guialimeira.com.br\/news\/apos-virar-reu-bolsonaro-nega-decreto-de-golpe-de-estado\/","title":{"rendered":"Ap\u00f3s virar r\u00e9u, Bolsonaro nega decreto de golpe de Estado"},"content":{"rendered":"\n<figure class=\"wp-block-gallery has-nested-images columns-default is-cropped wp-block-gallery-1 is-layout-flex wp-block-gallery-is-layout-flex\">\n<figure class=\"wp-block-image size-large\"><\/figure>\n\t\t\t\t\t\n<figure class=\"wp-block-image size-large\"><img loading=\"lazy\" decoding=\"async\" width=\"1\" height=\"1\" data-attachment-id=\"28224\" data-permalink=\"https:\/\/guialimeira.com.br\/news\/apos-virar-reu-bolsonaro-nega-decreto-de-golpe-de-estado-2\/\" data-orig-file=\"https:\/\/i0.wp.com\/guialimeira.com.br\/news\/wp-content\/uploads\/2025\/03\/1743021205_721_ebc.gif?fit=1%2C1&amp;ssl=1\" data-orig-size=\"1,1\" data-comments-opened=\"1\" data-image-meta=\"{&quot;aperture&quot;:&quot;0&quot;,&quot;credit&quot;:&quot;&quot;,&quot;camera&quot;:&quot;&quot;,&quot;caption&quot;:&quot;&quot;,&quot;created_timestamp&quot;:&quot;0&quot;,&quot;copyright&quot;:&quot;&quot;,&quot;focal_length&quot;:&quot;0&quot;,&quot;iso&quot;:&quot;0&quot;,&quot;shutter_speed&quot;:&quot;0&quot;,&quot;title&quot;:&quot;&quot;,&quot;orientation&quot;:&quot;0&quot;}\" data-image-title=\"Ap\u00f3s virar r\u00e9u, Bolsonaro nega decreto de golpe de Estado\" data-image-description=\"\" data-image-caption=\"\" data-large-file=\"https:\/\/i0.wp.com\/guialimeira.com.br\/news\/wp-content\/uploads\/2025\/03\/1743021205_721_ebc.gif?fit=1%2C1&amp;ssl=1\" data-id=\"28224\" src=\"https:\/\/i0.wp.com\/guialimeira.com.br\/wp-content\/uploads\/2025\/03\/1743021205_721_ebc.gif?resize=1%2C1&amp;ssl=1\" alt=\"\" class=\"wp-image-28224\" \/><\/figure>\n\t\t\t\t\t\n<figure class=\"wp-block-image size-large\"><img loading=\"lazy\" decoding=\"async\" width=\"754\" height=\"450\" data-attachment-id=\"28225\" data-permalink=\"https:\/\/guialimeira.com.br\/news\/apos-virar-reu-bolsonaro-nega-decreto-de-golpe-de-estado-3\/\" data-orig-file=\"https:\/\/i0.wp.com\/guialimeira.com.br\/news\/wp-content\/uploads\/2025\/03\/img_0816_0.jpg?fit=754%2C450&amp;ssl=1\" data-orig-size=\"754,450\" data-comments-opened=\"1\" data-image-meta=\"{&quot;aperture&quot;:&quot;0&quot;,&quot;credit&quot;:&quot;&quot;,&quot;camera&quot;:&quot;&quot;,&quot;caption&quot;:&quot;&quot;,&quot;created_timestamp&quot;:&quot;0&quot;,&quot;copyright&quot;:&quot;&quot;,&quot;focal_length&quot;:&quot;0&quot;,&quot;iso&quot;:&quot;0&quot;,&quot;shutter_speed&quot;:&quot;0&quot;,&quot;title&quot;:&quot;&quot;,&quot;orientation&quot;:&quot;0&quot;}\" data-image-title=\"Ap\u00f3s virar r\u00e9u, Bolsonaro nega decreto de golpe de Estado\" data-image-description=\"\" data-image-caption=\"\" data-large-file=\"https:\/\/i0.wp.com\/guialimeira.com.br\/news\/wp-content\/uploads\/2025\/03\/img_0816_0.jpg?fit=696%2C415&amp;ssl=1\" data-id=\"28225\" src=\"https:\/\/i0.wp.com\/guialimeira.com.br\/wp-content\/uploads\/2025\/03\/img_0816_0.jpg?resize=150%2C150&amp;ssl=1\" alt=\"\" class=\"wp-image-28225\" \/><\/figure>\n\t\t\t\t\t<\/figure>\n \r\n<br><div>\n                    <p><strong>Logo ap\u00f3s virar r\u00e9u por tentativa de golpe de Estado, o ex-presidente Jair Bolsonaro tentou se defender, nesta quarta-feira (26), negando que tenha articulado a minuta para um golpe com os comandantes das For\u00e7as Armadas para suspender as elei\u00e7\u00f5es de 2022<\/strong>, conforme sustenta a den\u00fancia da Procuradoria-Geral da Rep\u00fablica (PGR).<img data-recalc-dims=\"1\" decoding=\"async\" src=\"https:\/\/i0.wp.com\/guialimeira.com.br\/wp-content\/uploads\/2025\/03\/1743021205_55_ebc.png?w=696&#038;ssl=1\" style=\"width:1px;height:1px\" \/><img data-recalc-dims=\"1\" decoding=\"async\" src=\"https:\/\/i0.wp.com\/guialimeira.com.br\/wp-content\/uploads\/2025\/03\/1743021205_721_ebc.gif?w=696&#038;ssl=1\" style=\"width:1px;height:1px\" \/><\/p>\n\n<blockquote>\n<p>\u201cAntes de uma hipot\u00e9tica assinatura de um decreto de um Estado de Defesa, como est\u00e1 no artigo 136 da Constitui\u00e7\u00e3o, o presidente da Rep\u00fablica tem que convocar os conselhos da Rep\u00fablica e da Defesa. A\u00ed seria o primeiro passo. N\u00e3o adianta botar um decreto na frente do presidente e assinar. N\u00e3o convoquei os conselhos, nem atos preparat\u00f3rios houve para isso\u201d, destacou o ex-presidente.<\/p>\n<\/blockquote>\n\n<p>Sem responder aos questionamentos dos jornalistas, Bolsonaro falou por 50 minutos em frente ao Senado, em Bras\u00edlia, ao lado de aliados no parlamento, logo ap\u00f3s o resultado do julgamento da 1\u00aa Turma do Supremo Tribunal Federal (STF) que o tornou r\u00e9u hoje.\u00a0<\/p>\n\n<p><strong>O ex-presidente voltou a sugerir, sem provas, que as urnas eletr\u00f4nicas n\u00e3o s\u00e3o seguras, afirmou que \u00e9 um perseguido e criticou o ministro do STF, Alexandre de Moraes.\u00a0<\/strong><\/p>\n\n<p><strong>A den\u00fancia da PGR contra Bolsonaro sustenta que o ex-presidente realizou uma reuni\u00e3o no dia 7 de dezembro de 2022, no Pal\u00e1cio da Alvorada, com os comandantes do Ex\u00e9rcito, Aeron\u00e1utica e Marinha, <a href=\"https:\/\/agenciabrasil.ebc.com.br\/justica\/noticia\/2025-02\/quem-participava-do-grupo-radical-ligado-bolsonaro-que-pedia-golpe\" rel=\"noopener\">onde teria sido apresentada a minuta do golpe<\/a> para suspender as elei\u00e7\u00f5es,<\/strong> o que consolidaria uma ruptura democr\u00e1tica na vis\u00e3o do Minist\u00e9rio P\u00fablico.<\/p>\n\n<p>A den\u00fancia afirma que o comandante da Marinha, Almir Garnier, teria topado o golpe, sendo a proposta rejeitada pelos demais comandantes. Ainda segundo a PGR, Bolsonaro <a href=\"https:\/\/agenciabrasil.ebc.com.br\/justica\/noticia\/2025-02\/bolsonaro-tinha-discurso-pos-golpe-pronto-diz-pgr\" rel=\"noopener\">tinha um discurso pronto<\/a> para ap\u00f3s o golpe encontrado na sala dele na sede do Partido Liberal (PL).<\/p>\n\n<p>Ao comentar o julgamento que o tornou r\u00e9u, <strong>o ex-presidente Bolsonaro argumentou que os comandantes militares jamais embarcariam em uma \u201caventura\u201d de golpe de Estado.<\/strong> Disse ainda que \u201cdiscutir hip\u00f3teses de dispositivos constitucionais n\u00e3o \u00e9 crime\u201d, em refer\u00eancia \u00e0 minuta de Estado de S\u00edtio ou de Defesa que tem sido interpretada pela PGR com o ato decisivo para o golpe de Estado.<\/p>\n\n<p>Nesse momento, um jornalista questionou: \u201cEnt\u00e3o o senhor discutiu [sobre o decreto]?\u201d. Ap\u00f3s encarar o rep\u00f3rter, Bolsonaro disse que n\u00e3o iria \u201csair do s\u00e9rio\u201d.\u00a0<\/p>\n\n<p>\u201cAcho que a maioria j\u00e1 aprendeu aqui como \u00e9 que eu ajo. Se quiser tumultuar com voc\u00ea, vamos embora\u201d, retrucou. Durante seu governo, era comum o ataque do ent\u00e3o presidente a jornalistas nas coletivas de imprensa.\u00a0\u00a0<\/p>\n\n<div class=\"dnd-widget-wrapper context-cheio_8colunas type-image atom-align-center\"><div class=\"dnd-atom-rendered\"><!-- scald=418720:cheio_8colunas {\"additionalClasses\":\"\"} -->\n            <img data-recalc-dims=\"1\" decoding=\"async\" src=\"https:\/\/i0.wp.com\/guialimeira.com.br\/wp-content\/uploads\/2025\/03\/img_0816_0.jpg?w=696&#038;ssl=1\" alt=\"Bras\u00edlia (DF), 26\/03\/2025  - Ex-presidente Jair Bolsonaro durante declara\u00e7\u00e3o a imprensa ap\u00f3s virar R\u00e9u no STF. Foto: Lula Marques\/Ag\u00eancia Brasil\" title=\"Lula Marques\/Ag\u00eancia Brasil\" \/>\n        <img data-recalc-dims=\"1\" decoding=\"async\" src=\"https:\/\/i0.wp.com\/guialimeira.com.br\/wp-content\/uploads\/2025\/03\/img_0816_0.jpg?w=696&#038;ssl=1\" alt=\"Bras\u00edlia (DF), 26\/03\/2025  - Ex-presidente Jair Bolsonaro durante declara\u00e7\u00e3o a imprensa ap\u00f3s virar R\u00e9u no STF. Foto: Lula Marques\/Ag\u00eancia Brasil\" title=\"Lula Marques\/Ag\u00eancia Brasil\" \/>\n    <!-- END scald=418720 --><\/div><p>\n<h6 class=\"meta\"><!--copyright=418720-->Bras\u00edlia (DF), 26\/03\/2025 &#8211; Ex-presidente Jair Bolsonaro durante declara\u00e7\u00e3o a imprensa ap\u00f3s virar R\u00e9u no STF. Foto: Lula Marques\/Ag\u00eancia Brasil &#8211; <strong>Lula Marques\/Ag\u00eancia Brasil<\/strong><!--END copyright=418720--><\/h6>\n<\/p><\/div>\n\n<h2>Perseguido<\/h2>\n\n<p><strong>O ex-presidente ainda refor\u00e7ou a vers\u00e3o que vem sustentando desde o in\u00edcio das investiga\u00e7\u00f5es, de que \u00e9 uma v\u00edtima de persegui\u00e7\u00e3o pol\u00edtica e de que o Brasil n\u00e3o seria mais uma democracia.<\/strong><\/p>\n\n<p>Em uma rede social, Bolsonaro disse que o querem julgar rapidamente para evitar que \u201cchegue livre \u00e0s elei\u00e7\u00f5es de 2026\u201d, <a href=\"https:\/\/agenciabrasil.ebc.com.br\/justica\/noticia\/2023-06\/por-5-votos-2-tse-torna-bolsonaro-inelegivel-por-oito-anos\" rel=\"noopener\">apesar dele j\u00e1 estar ineleg\u00edvel at\u00e9 2031<\/a>.\u00a0<\/p>\n\n<blockquote>\n<p>\u201cA comunidade internacional acompanha de perto o que est\u00e1 acontecendo no Brasil. Juristas, diplomatas e lideran\u00e7as pol\u00edticas j\u00e1 reconhecem o padr\u00e3o: \u00e9 o mesmo roteiro que se viu na Nicar\u00e1gua e na Venezuela\u201d, afirmou.<\/p>\n<\/blockquote>\n\n<p>O discurso de que o Brasil <a href=\"https:\/\/agenciabrasil.ebc.com.br\/internacional\/noticia\/2024-04\/extrema-direita-usa-comite-dos-eua-para-distorcer-realidade-brasileira\" rel=\"noopener\">estaria perseguindo opositores<\/a> tem sido questionado por especialistas, que avaliam ser uma estrat\u00e9gia de defesa dos apoiadores de Bolsonaro para se livrar das acusa\u00e7\u00f5es de golpe de Estado.\u00a0<\/p>\n\n<p>O presidente da C\u00e2mara, deputado Hugo Motta (Republicanos-PB), contrariou essa vers\u00e3o e <a href=\"https:\/\/agenciabrasil.ebc.com.br\/politica\/noticia\/2025-03\/motta-contradiz-versao-bolsonarista-somos-um-pais-democratico\" rel=\"noopener\">tem defendido que o Brasil segue com uma democracia<\/a>, sem persegui\u00e7\u00f5es pol\u00edticas ou censuras.<\/p>\n\n      <!-- Relacionada -->\n              \n            <!-- Relacionada -->\n    <\/div>\r\n<br>\r\n<br><a href=\"https:\/\/agenciabrasil.ebc.com.br\/politica\/noticia\/2025-03\/apos-virar-reu-bolsonaro-nega-decreto-de-golpe-de-estado\" rel=\"noopener\">Ag\u00eancia Brasil<\/a>","protected":false},"excerpt":{"rendered":"<p>Logo ap\u00f3s virar r\u00e9u por tentativa de golpe de Estado, o ex-presidente Jair Bolsonaro tentou se defender, nesta quarta-feira (26), negando que tenha articulado a minuta para um golpe com os comandantes das For\u00e7as Armadas para suspender as elei\u00e7\u00f5es de 2022, conforme sustenta a den\u00fancia da Procuradoria-Geral da Rep\u00fablica (PGR). \u201cAntes de uma hipot\u00e9tica assinatura [&hellip;]<\/p>\n","protected":false},"author":1,"featured_media":28227,"comment_status":"open","ping_status":"open","sticky":false,"template":"","format":"standard","meta":{"_jetpack_newsletter_access":"","_jetpack_dont_email_post_to_subs":false,"_jetpack_newsletter_tier_id":0,"_jetpack_memberships_contains_paywalled_content":false,"_mbp_banners":[],"_jetpack_feature_clip_id":0,"_jetpack_memberships_contains_paid_content":false,"footnotes":"","jetpack_publicize_message":"","jetpack_publicize_feature_enabled":true,"jetpack_social_post_already_shared":true,"jetpack_social_options":{"image_generator_settings":{"template":"highway","default_image_id":0,"font":"","enabled":false},"version":2},"jetpack_post_was_ever_published":false},"categories":[19],"tags":[],"class_list":["post-28226","post","type-post","status-publish","format-standard","has-post-thumbnail","category-politica"],"jetpack_publicize_connections":[],"jetpack-related-posts":[],"jetpack_shortlink":"https:\/\/wp.me\/p7Eq1F-7lg","jetpack_sharing_enabled":true,"jetpack_featured_media_url":"https:\/\/i0.wp.com\/guialimeira.com.br\/news\/wp-content\/uploads\/2025\/03\/Apos-virar-reu-Bolsonaro-nega-decreto-de-golpe-de-Estado.jpg?fit=1600%2C800&ssl=1","_links":{"self":[{"href":"https:\/\/guialimeira.com.br\/news\/wp-json\/wp\/v2\/posts\/28226","targetHints":{"allow":["GET"]}}],"collection":[{"href":"https:\/\/guialimeira.com.br\/news\/wp-json\/wp\/v2\/posts"}],"about":[{"href":"https:\/\/guialimeira.com.br\/news\/wp-json\/wp\/v2\/types\/post"}],"author":[{"embeddable":true,"href":"https:\/\/guialimeira.com.br\/news\/wp-json\/wp\/v2\/users\/1"}],"replies":[{"embeddable":true,"href":"https:\/\/guialimeira.com.br\/news\/wp-json\/wp\/v2\/comments?post=28226"}],"version-history":[{"count":1,"href":"https:\/\/guialimeira.com.br\/news\/wp-json\/wp\/v2\/posts\/28226\/revisions"}],"predecessor-version":[{"id":28228,"href":"https:\/\/guialimeira.com.br\/news\/wp-json\/wp\/v2\/posts\/28226\/revisions\/28228"}],"wp:featuredmedia":[{"embeddable":true,"href":"https:\/\/guialimeira.com.br\/news\/wp-json\/wp\/v2\/media\/28227"}],"wp:attachment":[{"href":"https:\/\/guialimeira.com.br\/news\/wp-json\/wp\/v2\/media?parent=28226"}],"wp:term":[{"taxonomy":"category","embeddable":true,"href":"https:\/\/guialimeira.com.br\/news\/wp-json\/wp\/v2\/categories?post=28226"},{"taxonomy":"post_tag","embeddable":true,"href":"https:\/\/guialimeira.com.br\/news\/wp-json\/wp\/v2\/tags?post=28226"}],"curies":[{"name":"wp","href":"https:\/\/api.w.org\/{rel}","templated":true}]}}