{"id":28220,"date":"2025-03-26T17:25:31","date_gmt":"2025-03-26T20:25:31","guid":{"rendered":"https:\/\/guialimeira.com.br\/?p=28220"},"modified":"2025-03-26T17:25:31","modified_gmt":"2025-03-26T20:25:31","slug":"motoristas-buscam-ajuda-dos-vereadores-do-pl-para-revisao-de-lei-que-estabelece-o-cupom-pedagio","status":"publish","type":"post","link":"https:\/\/guialimeira.com.br\/news\/motoristas-buscam-ajuda-dos-vereadores-do-pl-para-revisao-de-lei-que-estabelece-o-cupom-pedagio\/","title":{"rendered":"Motoristas buscam ajuda dos vereadores do PL para revis\u00e3o de lei que estabelece o \u201cCupom Ped\u00e1gio\u201d"},"content":{"rendered":"\n<figure class=\"wp-block-gallery has-nested-images columns-default is-cropped wp-block-gallery-1 is-layout-flex wp-block-gallery-is-layout-flex\"><\/figure>\n \r\n<br><img data-recalc-dims=\"1\" decoding=\"async\" src=\"https:\/\/i0.wp.com\/guialimeira.com.br\/wp-content\/uploads\/2025\/03\/2025-03-26_motoristas-buscam-ajuda-dos-vereadores-do-pl-para-revisao-de-lei-que-estabelece-o-cupom-p.jpeg?w=696&#038;ssl=1\" \/><br><div>\n\t\t\t\t\t<p>Os vereadores do PL, Lu Bogo, Mara Isa Mattos Silveira, Guilherme Guido e Carlinhos do Grotta receberam nesta quarta-feira, 26 de mar\u00e7o, na C\u00e2mara de Limeira, motoristas de caminh\u00e3o que circulam diariamente pela rodovia Limeira -Cordeir\u00f3polis, que n\u00e3o concordam com o <a href=\"https:\/\/ecrie.com.br\/Sistema\/Conteudos\/DiarioOficial\/upload\/u_137_18032025173356.pdf\" rel=\"noopener\">Decreto N\u00b0 61\/2025<\/a>, promulgado no dia 19 de mar\u00e7o, que regulamenta a <a href=\"https:\/\/legislacao.limeira.sp.leg.br\/Limeira-SP\/LeisOrdinarias\/3010-1998\" rel=\"noopener\">Lei N\u00b03010\/1998<\/a>, que institui o \u201cCupom Ped\u00e1gio\u201d\u2019 e estabelece o prazo para recadastramento dos propriet\u00e1rios de caminh\u00f5es e \u00f4nibus perante a Secretaria Municipal de Mobilidade Urbana.<\/p><p>De acordo com o decreto, os propriet\u00e1rios de caminh\u00f5es e \u00f4nibus emplacados em Limeira e Cordeir\u00f3polis ter\u00e3o 60 dias para fazer o recadastramento, e os ve\u00edculos devem estar licenciados e com IPVA pago.<\/p><p>\u201cHoje a cobran\u00e7a \u00e9 por ve\u00edculo, e a partir do decreto a cobran\u00e7a ser\u00e1 por eixo do ve\u00edculo. N\u00f3s trabalhamos com frete, fazemos este trajeto de tr\u00eas a quatro vezes por dia, n\u00e3o \u00e9 vi\u00e1vel esta cobran\u00e7a. Pedimos apoio dos vereadores para que o decreto seja revisto\u201d, solicitaram os motoristas.<\/p><p>Os vereadores ouviram as demandas dos motoristas de caminh\u00e3o e para melhor avaliar o que poder\u00e1 ser feito, j\u00e1 solicitaram agenda com o prefeito Murilo Felix (Podemos) para tratar do assunto. \u201cVamos pedir ao prefeito uma reavalia\u00e7\u00e3o desta tarifa para os caminh\u00f5es e \u00f4nibus emplacados em Limeira e Cordeir\u00f3polis e, junto com os motoristas, vamos pedir a volta para cobran\u00e7a do ped\u00e1gio por ve\u00edculo e n\u00e3o por eixo\u201d, informaram os vereadores do PL.<\/p><p>O vereador Felipe Penedo justificou a aus\u00eancia. Os vereadores participantes desta reuni\u00e3o aguardam retorno do gabinete do Prefeito com a data e hor\u00e1rio da reuni\u00e3o.<\/p><p><i>Do Gabinete Parlamentar \u2013 Vereadora Lu Bogo (PL)<\/i><\/p><p><strong>As mat\u00e9rias de origem dos Gabinetes Parlamentares s\u00e3o de inteira\u00a0 responsabilidade dos parlamentares e de suas assessorias. S\u00e3o devidamente assinadas e n\u00e3o refletem, necessariamente, a opini\u00e3o institucional da C\u00e2mara Municipal de Limeira.<\/strong><\/p><p>\u00a0<\/p>\t\t\t\t<\/div>\r\n<br>\r\n<br><a href=\"https:\/\/www.limeira.sp.leg.br\/noticias\/view\/2025-03-26_motoristas-buscam-ajuda-dos-vereadores-do-pl-para-revisao-de-lei-que-estabelece-o-cupom-pedagio\" rel=\"noopener\">Informa\u00e7\u00f5es CML <\/a>","protected":false},"excerpt":{"rendered":"<p>Os vereadores do PL, Lu Bogo, Mara Isa Mattos Silveira, Guilherme Guido e Carlinhos do Grotta receberam nesta quarta-feira, 26 de mar\u00e7o, na C\u00e2mara de Limeira, motoristas de caminh\u00e3o que circulam diariamente pela rodovia Limeira -Cordeir\u00f3polis, que n\u00e3o concordam com o Decreto N\u00b0 61\/2025, promulgado no dia 19 de mar\u00e7o, que regulamenta a Lei N\u00b03010\/1998, [&hellip;]<\/p>\n","protected":false},"author":1,"featured_media":28221,"comment_status":"open","ping_status":"open","sticky":false,"template":"","format":"standard","meta":{"_jetpack_newsletter_access":"","_jetpack_dont_email_post_to_subs":false,"_jetpack_newsletter_tier_id":0,"_jetpack_memberships_contains_paywalled_content":false,"_mbp_banners":[],"_jetpack_feature_clip_id":0,"_jetpack_memberships_contains_paid_content":false,"footnotes":"","jetpack_publicize_message":"","jetpack_publicize_feature_enabled":true,"jetpack_social_post_already_shared":true,"jetpack_social_options":{"image_generator_settings":{"template":"highway","default_image_id":0,"font":"","enabled":false},"version":2},"jetpack_post_was_ever_published":false},"categories":[19],"tags":[],"class_list":["post-28220","post","type-post","status-publish","format-standard","has-post-thumbnail","category-politica"],"jetpack_publicize_connections":[],"jetpack-related-posts":[],"jetpack_shortlink":"https:\/\/wp.me\/p7Eq1F-7la","jetpack_sharing_enabled":true,"jetpack_featured_media_url":"https:\/\/i0.wp.com\/guialimeira.com.br\/news\/wp-content\/uploads\/2025\/03\/Motoristas-buscam-ajuda-dos-vereadores-do-PL-para-revisao-de.jpeg?fit=1280%2C640&ssl=1","_links":{"self":[{"href":"https:\/\/guialimeira.com.br\/news\/wp-json\/wp\/v2\/posts\/28220","targetHints":{"allow":["GET"]}}],"collection":[{"href":"https:\/\/guialimeira.com.br\/news\/wp-json\/wp\/v2\/posts"}],"about":[{"href":"https:\/\/guialimeira.com.br\/news\/wp-json\/wp\/v2\/types\/post"}],"author":[{"embeddable":true,"href":"https:\/\/guialimeira.com.br\/news\/wp-json\/wp\/v2\/users\/1"}],"replies":[{"embeddable":true,"href":"https:\/\/guialimeira.com.br\/news\/wp-json\/wp\/v2\/comments?post=28220"}],"version-history":[{"count":1,"href":"https:\/\/guialimeira.com.br\/news\/wp-json\/wp\/v2\/posts\/28220\/revisions"}],"predecessor-version":[{"id":28222,"href":"https:\/\/guialimeira.com.br\/news\/wp-json\/wp\/v2\/posts\/28220\/revisions\/28222"}],"wp:featuredmedia":[{"embeddable":true,"href":"https:\/\/guialimeira.com.br\/news\/wp-json\/wp\/v2\/media\/28221"}],"wp:attachment":[{"href":"https:\/\/guialimeira.com.br\/news\/wp-json\/wp\/v2\/media?parent=28220"}],"wp:term":[{"taxonomy":"category","embeddable":true,"href":"https:\/\/guialimeira.com.br\/news\/wp-json\/wp\/v2\/categories?post=28220"},{"taxonomy":"post_tag","embeddable":true,"href":"https:\/\/guialimeira.com.br\/news\/wp-json\/wp\/v2\/tags?post=28220"}],"curies":[{"name":"wp","href":"https:\/\/api.w.org\/{rel}","templated":true}]}}