{"id":28212,"date":"2025-03-26T16:24:35","date_gmt":"2025-03-26T19:24:35","guid":{"rendered":"https:\/\/guialimeira.com.br\/?p=28212"},"modified":"2025-03-26T16:24:35","modified_gmt":"2025-03-26T19:24:35","slug":"presidente-da-camara-se-reune-com-direcao-da-etec-trajano-camargo","status":"publish","type":"post","link":"https:\/\/guialimeira.com.br\/news\/presidente-da-camara-se-reune-com-direcao-da-etec-trajano-camargo\/","title":{"rendered":"Presidente da C\u00e2mara se re\u00fane com dire\u00e7\u00e3o da Etec Trajano Camargo"},"content":{"rendered":"\n<figure class=\"wp-block-gallery has-nested-images columns-default is-cropped wp-block-gallery-1 is-layout-flex wp-block-gallery-is-layout-flex\"><\/figure>\n \r\n<br><img data-recalc-dims=\"1\" decoding=\"async\" src=\"https:\/\/i0.wp.com\/guialimeira.com.br\/wp-content\/uploads\/2025\/03\/2025-03-26_presidente-da-camara-se-reune-com-direcao-da-etec-trajano-camargo_1.jpg?w=696&#038;ssl=1\" \/><br><div>\n\t\t\t\t\t<p>Nesta quarta-feira, 26 de mar\u00e7o, o presidente da C\u00e2mara de Limeira, vereador Everton Ferreira (PSD), recebeu o novo diretor da Escola T\u00e9cnica Estadual (Etec) Trajano Camargo, Mateus Lucca; e o coordenador pedag\u00f3gico, Roberson Marcomini. O objetivo do encontro foi estreitar o relacionamento entre as institui\u00e7\u00f5es e pedir apoio do Legislativo para buscar incentivos e parcerias para a escola.<\/p><p>Os representantes falaram, ainda, sobre a Feira de Projetos e Tecnologia do Trajano, que acontece nos dias 23 e 24 de outubro, das 16h \u00e0s 21h, e j\u00e1 est\u00e1 na 19\u00aa edi\u00e7\u00e3o. Segundo eles, a atividade visa mostrar os projetos dos alunos nas \u00e1reas de gest\u00e3o, ind\u00fastria, produ\u00e7\u00e3o industrial, nutri\u00e7\u00e3o, eventos e hospitalidade para a comunidade.\u00a0<\/p><p>Sobre a feira, os representantes pediram apoio da C\u00e2mara de Limeira para incluir a a\u00e7\u00e3o no Calend\u00e1rio de Eventos do Munic\u00edpio, uma vez que a inclus\u00e3o pode proporcionar incentivos e parcerias que beneficiariam a institui\u00e7\u00e3o. Everton se prontificou a apresentar um projeto de lei com este objeto o mais r\u00e1pido poss\u00edvel.\u00a0<\/p><p>Mateus disse que a feira contar\u00e1 com cerca de 250 projetos, apresentados pelos quase 800 alunos da Etec. Os trabalhos ser\u00e3o avaliados por 400 profissionais.<\/p><p>A inclus\u00e3o da hist\u00f3ria da Escola Trajano Camargo no <a href=\"https:\/\/www.limeira.sp.leg.br\/noticias\/view\/2025-03-25_estreia-do-documentario-pertenser-e-nesta-quartafeira-26-de-marco-as-19h30\" rel=\"noopener\">document\u00e1rio PertenSer<\/a>, produzido pela C\u00e2mara de Limeira, tamb\u00e9m foi pauta da reuni\u00e3o. O presidente disse que o projeto pretende contar a hist\u00f3ria da cidade de forma detalhada, e que a hist\u00f3ria de personalidades importantes, como Trajano Camargo, constar\u00e1 nas pr\u00f3ximas temporadas.<\/p><p><strong>PertenSer<\/strong><\/p><p>O document\u00e1rio PertenSer ser\u00e1 lan\u00e7ado nesta quarta-feira, 26 de mar\u00e7o, \u00e0s 19h30, no Teatro Vit\u00f3ria, com entrada gratuita; aberta ao p\u00fablico. Em nove epis\u00f3dios, a primeira temporada apresenta os acontecimentos marcantes dos 198 anos desde a funda\u00e7\u00e3o da cidade. Para ser realizada, contou com uma vasta sele\u00e7\u00e3o de conte\u00fados, levantamento hist\u00f3rico e entrevistas para atender a necessidade de resgatar a hist\u00f3ria de Limeira. Assista ao trailer oficial\u00a0<\/p><p><a href=\"https:\/\/www.youtube.com\/watch?v=yj14rvq4Bok\" rel=\"noopener\">aqui<\/a>.<\/p>\t\t\t\t<\/div>\r\n<br>\r\n<br><a href=\"https:\/\/www.limeira.sp.leg.br\/noticias\/view\/2025-03-26_presidente-da-camara-se-reune-com-direcao-da-etec-trajano-camargo\" rel=\"noopener\">Informa\u00e7\u00f5es CML <\/a>","protected":false},"excerpt":{"rendered":"<p>Nesta quarta-feira, 26 de mar\u00e7o, o presidente da C\u00e2mara de Limeira, vereador Everton Ferreira (PSD), recebeu o novo diretor da Escola T\u00e9cnica Estadual (Etec) Trajano Camargo, Mateus Lucca; e o coordenador pedag\u00f3gico, Roberson Marcomini. O objetivo do encontro foi estreitar o relacionamento entre as institui\u00e7\u00f5es e pedir apoio do Legislativo para buscar incentivos e parcerias [&hellip;]<\/p>\n","protected":false},"author":1,"featured_media":28213,"comment_status":"open","ping_status":"open","sticky":false,"template":"","format":"standard","meta":{"_jetpack_newsletter_access":"","_jetpack_dont_email_post_to_subs":false,"_jetpack_newsletter_tier_id":0,"_jetpack_memberships_contains_paywalled_content":false,"_mbp_banners":[],"_jetpack_feature_clip_id":0,"_jetpack_memberships_contains_paid_content":false,"footnotes":"","jetpack_publicize_message":"","jetpack_publicize_feature_enabled":true,"jetpack_social_post_already_shared":true,"jetpack_social_options":{"image_generator_settings":{"template":"highway","default_image_id":0,"font":"","enabled":false},"version":2},"jetpack_post_was_ever_published":false},"categories":[19],"tags":[],"class_list":["post-28212","post","type-post","status-publish","format-standard","has-post-thumbnail","category-politica"],"jetpack_publicize_connections":[],"jetpack-related-posts":[],"jetpack_shortlink":"https:\/\/wp.me\/p7Eq1F-7l2","jetpack_sharing_enabled":true,"jetpack_featured_media_url":"https:\/\/i0.wp.com\/guialimeira.com.br\/news\/wp-content\/uploads\/2025\/03\/Presidente-da-Camara-se-reune-com-direcao-da-Etec-Trajano.jpg?fit=1280%2C640&ssl=1","_links":{"self":[{"href":"https:\/\/guialimeira.com.br\/news\/wp-json\/wp\/v2\/posts\/28212","targetHints":{"allow":["GET"]}}],"collection":[{"href":"https:\/\/guialimeira.com.br\/news\/wp-json\/wp\/v2\/posts"}],"about":[{"href":"https:\/\/guialimeira.com.br\/news\/wp-json\/wp\/v2\/types\/post"}],"author":[{"embeddable":true,"href":"https:\/\/guialimeira.com.br\/news\/wp-json\/wp\/v2\/users\/1"}],"replies":[{"embeddable":true,"href":"https:\/\/guialimeira.com.br\/news\/wp-json\/wp\/v2\/comments?post=28212"}],"version-history":[{"count":1,"href":"https:\/\/guialimeira.com.br\/news\/wp-json\/wp\/v2\/posts\/28212\/revisions"}],"predecessor-version":[{"id":28214,"href":"https:\/\/guialimeira.com.br\/news\/wp-json\/wp\/v2\/posts\/28212\/revisions\/28214"}],"wp:featuredmedia":[{"embeddable":true,"href":"https:\/\/guialimeira.com.br\/news\/wp-json\/wp\/v2\/media\/28213"}],"wp:attachment":[{"href":"https:\/\/guialimeira.com.br\/news\/wp-json\/wp\/v2\/media?parent=28212"}],"wp:term":[{"taxonomy":"category","embeddable":true,"href":"https:\/\/guialimeira.com.br\/news\/wp-json\/wp\/v2\/categories?post=28212"},{"taxonomy":"post_tag","embeddable":true,"href":"https:\/\/guialimeira.com.br\/news\/wp-json\/wp\/v2\/tags?post=28212"}],"curies":[{"name":"wp","href":"https:\/\/api.w.org\/{rel}","templated":true}]}}