{"id":2820,"date":"2024-04-25T19:19:43","date_gmt":"2024-04-25T22:19:43","guid":{"rendered":"https:\/\/guialimeira.com.br\/2024\/04\/25\/em-sp-policia-civil-conclui-investigacoes-de-acidente-com-porsche-2\/"},"modified":"2024-04-25T19:19:43","modified_gmt":"2024-04-25T22:19:43","slug":"em-sp-policia-civil-conclui-investigacoes-de-acidente-com-porsche-2","status":"publish","type":"post","link":"https:\/\/guialimeira.com.br\/news\/em-sp-policia-civil-conclui-investigacoes-de-acidente-com-porsche-2\/","title":{"rendered":"Em SP, Pol\u00edcia Civil conclui investiga\u00e7\u00f5es de acidente com Porsche"},"content":{"rendered":"<p> <br \/>\n<\/p>\n<div>\n<p>O 30\u00b0 Distrito Policial da Pol\u00edcia Civil concluiu na quarta-feira (24) as investiga\u00e7\u00f5es do inqu\u00e9rito do caso do Porsche e pediu pris\u00e3o preventiva do empres\u00e1rio Fernando Sastre de Andrade Filho, o motorista do carro de luxo. Ele foi indiciado por homic\u00eddio por dolo eventual, les\u00e3o corporal e fuga do local do acidente que aconteceu no dia 31 de mar\u00e7o. A m\u00e3e de Fernando, Daniela Cristina de Medeiros Andrade, tamb\u00e9m foi indiciada por fuga do local do acidente,em\u00a0uma avenida importante da zona lesta da cidade, como coautora.<img data-recalc-dims=\"1\" decoding=\"async\" src=\"https:\/\/i0.wp.com\/agenciabrasil.ebc.com.br\/ebc.png?w=696&#038;ssl=1\" style=\"width:1px; height:1px; display:inline;\"\/><img data-recalc-dims=\"1\" decoding=\"async\" src=\"https:\/\/i0.wp.com\/agenciabrasil.ebc.com.br\/ebc.gif?w=696&#038;ssl=1\" style=\"width:1px; height:1px; display:inline;\"\/><\/p>\n<p>O acidente resultou na morte do motorista de aplicativo, Ornaldo da Silva Viana, e em ferimentos graves no estudante de medicina Marcus Vinicius Machado Rocha, que estava no banco do passageiro do Porsche.<\/p>\n<p>Segundo as investiga\u00e7\u00f5es, o carro estava em alta velocidade antes de bater no Reanult Sandero, que pertence a\u00a0Ornaldo. As investiga\u00e7\u00f5es apontaram tamb\u00e9m que, minutos antes, Fernando estava com Marcus Vin\u00edcius e as namoradas dos dois rapazes em um restaurante e uma casa de jogos onde teriam consumido bebida alco\u00f3lica.<\/p>\n<p>No momento do acidente n\u00e3o foi poss\u00edvel fazer o teste de baf\u00f4metro, porque a m\u00e3e o motorista do Porsche, Daniela, foi ao local do acidente e tirou o filho do l\u00e1, com autoriza\u00e7\u00e3o da Pol\u00edcia Militar que j\u00e1 estava presente, alegando que ia lev\u00e1-lo ao hospital. Os dois foram embora para a casa da fam\u00edlia, no bairro de Vila Formosa, na Zona Leste.<\/p>\n<p>Segundo as investiga\u00e7\u00f5es, tanto Marcus Vin\u00edcius quanto sua namorada confirmaram que todos beberam antes do acidente. A pol\u00edcia tamb\u00e9m teve acesso \u00e0 comanda de um dos bares onde o grupo esteve, mostrando o consumo de \u00e1lcool. Testemunhas tamb\u00e9m afirmaram que o motorista aparentava estar embriagado.<\/p>\n<h2>Quebra de sigilo banc\u00e1rio<\/h2>\n<p>O Minist\u00e9rio P\u00fablico do Estado de S\u00e3o Paulo (MPSP) pediu \u00e0 Justi\u00e7a a quebra do sigilo de dados de cart\u00f5es de cr\u00e9dito em nome do motorista do ve\u00edculo de luxo. Para a promotora Monique Ratton, a medida \u00e9 uma \u201cdilig\u00eancia imprescind\u00edvel para demonstrar a titularidade dos cart\u00f5es usados no pagamento pelo eventual consumo de bebidas alco\u00f3licas por parte do investigado e seu grupo de amigos instantes antes da colis\u00e3o\u201d. Ela pede ainda que a quebra de dados seja estendida \u00e0s pessoas que estavam no grupo, caso os cart\u00f5es utilizados para quitar a conta no bar perten\u00e7am a essas pessoas.<\/p>\n<p>O MPSP tamb\u00e9m requereu as imagens das c\u00e2meras corporais que atuaram na ocorr\u00eancia, a realiza\u00e7\u00e3o, pelo Instituto de Criminal\u00edstica, de per\u00edcia por meio de scanner digital, reprodu\u00e7\u00e3o simulada dos fatos em 3D e a oitiva de testemunhas, como os atendentes do bar de onde sa\u00edram os envolvidos, tamb\u00e9m foi solicitada pela promotora.<\/p>\n<p>A reconstitui\u00e7\u00e3o do acidente deve ser feita ainda hoje (25)\u00a0por peritos do Instituto de Criminal\u00edstica usando um scanner 3D a laser, terrestre, drones que far\u00e3o fotos a\u00e9reas e, depois uma anima\u00e7\u00e3o para mostrar em detalhes como foi o acidente.<\/p>\n<\/p><\/div>\n<p><br \/>\n<br \/><a href=\"https:\/\/agenciabrasil.ebc.com.br\/geral\/noticia\/2024-04\/policia-pede-prisao-preventiva-de-motorista-do-porsche\" rel=\"noopener\">Ag\u00eancia Brasil<\/a><\/p>\n","protected":false},"excerpt":{"rendered":"<p>O 30\u00b0 Distrito Policial da Pol\u00edcia Civil concluiu na quarta-feira (24) as investiga\u00e7\u00f5es do inqu\u00e9rito do caso do Porsche e pediu pris\u00e3o preventiva do empres\u00e1rio Fernando Sastre de Andrade Filho, o motorista do carro de luxo. Ele foi indiciado por homic\u00eddio por dolo eventual, les\u00e3o corporal e fuga do local do acidente que aconteceu no [&hellip;]<\/p>\n","protected":false},"author":1,"featured_media":269,"comment_status":"open","ping_status":"open","sticky":false,"template":"","format":"standard","meta":{"_jetpack_newsletter_access":"","_jetpack_dont_email_post_to_subs":false,"_jetpack_newsletter_tier_id":0,"_jetpack_memberships_contains_paywalled_content":false,"_mbp_banners":[],"_jetpack_feature_clip_id":0,"_jetpack_memberships_contains_paid_content":false,"footnotes":"","jetpack_publicize_message":"","jetpack_publicize_feature_enabled":true,"jetpack_social_post_already_shared":true,"jetpack_social_options":{"image_generator_settings":{"template":"highway","default_image_id":0,"font":"","enabled":false},"version":2},"jetpack_post_was_ever_published":false},"categories":[1],"tags":[],"class_list":["post-2820","post","type-post","status-publish","format-standard","has-post-thumbnail","category-geral"],"jetpack_publicize_connections":[],"jetpack-related-posts":[],"jetpack_shortlink":"https:\/\/wp.me\/p7Eq1F-Ju","jetpack_sharing_enabled":true,"jetpack_featured_media_url":"https:\/\/i0.wp.com\/guialimeira.com.br\/news\/wp-content\/uploads\/2024\/03\/thumb_1200x600_agbrasil.png?fit=1200%2C600&ssl=1","_links":{"self":[{"href":"https:\/\/guialimeira.com.br\/news\/wp-json\/wp\/v2\/posts\/2820","targetHints":{"allow":["GET"]}}],"collection":[{"href":"https:\/\/guialimeira.com.br\/news\/wp-json\/wp\/v2\/posts"}],"about":[{"href":"https:\/\/guialimeira.com.br\/news\/wp-json\/wp\/v2\/types\/post"}],"author":[{"embeddable":true,"href":"https:\/\/guialimeira.com.br\/news\/wp-json\/wp\/v2\/users\/1"}],"replies":[{"embeddable":true,"href":"https:\/\/guialimeira.com.br\/news\/wp-json\/wp\/v2\/comments?post=2820"}],"version-history":[{"count":0,"href":"https:\/\/guialimeira.com.br\/news\/wp-json\/wp\/v2\/posts\/2820\/revisions"}],"wp:featuredmedia":[{"embeddable":true,"href":"https:\/\/guialimeira.com.br\/news\/wp-json\/wp\/v2\/media\/269"}],"wp:attachment":[{"href":"https:\/\/guialimeira.com.br\/news\/wp-json\/wp\/v2\/media?parent=2820"}],"wp:term":[{"taxonomy":"category","embeddable":true,"href":"https:\/\/guialimeira.com.br\/news\/wp-json\/wp\/v2\/categories?post=2820"},{"taxonomy":"post_tag","embeddable":true,"href":"https:\/\/guialimeira.com.br\/news\/wp-json\/wp\/v2\/tags?post=2820"}],"curies":[{"name":"wp","href":"https:\/\/api.w.org\/{rel}","templated":true}]}}