{"id":28193,"date":"2025-03-26T14:22:27","date_gmt":"2025-03-26T17:22:27","guid":{"rendered":"https:\/\/guialimeira.com.br\/?p=28193"},"modified":"2025-03-26T14:22:27","modified_gmt":"2025-03-26T17:22:27","slug":"everton-ferreira-fiscaliza-funcionamento-noturno-da-upa-abilio-pedro","status":"publish","type":"post","link":"https:\/\/guialimeira.com.br\/news\/everton-ferreira-fiscaliza-funcionamento-noturno-da-upa-abilio-pedro\/","title":{"rendered":"Everton Ferreira fiscaliza funcionamento noturno da UPA Ab\u00edlio Pedro"},"content":{"rendered":"\n<figure class=\"wp-block-gallery has-nested-images columns-default is-cropped wp-block-gallery-1 is-layout-flex wp-block-gallery-is-layout-flex\"><\/figure>\n \r\n<br><img data-recalc-dims=\"1\" decoding=\"async\" src=\"https:\/\/i0.wp.com\/guialimeira.com.br\/wp-content\/uploads\/2025\/03\/2025-03-26_everton-ferreira-fiscaliza-funcionamento-noturno-da-upa-abilio-pedro_1.jpg?w=696&#038;ssl=1\" \/><br><div>\n\t\t\t\t\t<p>O vereador Everton Ferreira (PSD), presidente da C\u00e2mara Municipal, esteve na \u00faltima semana na Unidade de Pronto Atendimento (UPA) Ab\u00edlio Pedro para fiscalizar o atendimento no per\u00edodo noturno. A visita ocorreu por volta das 23h, quando havia um pediatra e um cl\u00ednico geral no local. Todos os pacientes j\u00e1 haviam sido atendidos e aguardavam o resultado de exames.<\/p><p>\u00a0Segundo Everton, muitas vezes o atendimento noturno \u00e9 marcado por reclama\u00e7\u00f5es e demora, por isso a import\u00e2ncia de verificar no local como est\u00e1 a situa\u00e7\u00e3o. No caso da UPA Ab\u00edlio Pedro, nenhuma anormalidade foi detectada. \u201cA unidade estava seguindo o fluxo normal, com um pediatra e um cl\u00ednico geral fazendo as consultas. Inclusive todos os pacientes que l\u00e1 estavam j\u00e1 tinham passado por atendimento e aguardavam o resultado de exames\u201d, afirmou.<\/p><p>\u00a0A UPA fica aberta diariamente, durante 24 horas, e est\u00e1 localizada na rua Waldemar Panaro, 500, no Parque Residencial Ab\u00edlio Pedro. Conforme o Minist\u00e9rio da Sa\u00fade, presta atendimento resolutivo e qualificado a pacientes com condi\u00e7\u00f5es cl\u00ednicas graves e n\u00e3o graves, bem como o primeiro atendimento a casos cir\u00fargicos e traum\u00e1ticos, estabilizando os pacientes e conduzindo a avalia\u00e7\u00e3o diagn\u00f3stica inicial para determinar a conduta adequada.<\/p><p>\u00a0\u201cA sa\u00fade \u00e9 um dos carros chefes do nosso mandato. Por isso lutamos por uma sa\u00fade p\u00fablica que funcione. Estamos sempre de olho nisso\u201d, afirmou o vereador. Ele chamou a aten\u00e7\u00e3o ainda para os casos em que o paciente deve procurar a UPA, evitando superlota\u00e7\u00f5es, j\u00e1 que h\u00e1 casos n\u00e3o graves, ou seja, que n\u00e3o s\u00e3o de urg\u00eancia ou emerg\u00eancia, que podem ser atendidos nas unidades b\u00e1sicas de sa\u00fade.<\/p><p>\u00a0O Minist\u00e9rio da Sa\u00fade orienta que a pessoa procure a UPA quando tiver febre alta, acima de 39\u00baC; fraturas e cortes com pouco sangramento; infarto e derrame; queda com tors\u00e3o e dor intensa ou suspeita de fratura; c\u00f3licas renais; falta de ar intensa; crises convulsivas; dores fortes no peito e v\u00f4mito constante, por exemplo.<\/p><p><i>Do Gabinete Parlamentar \u2013 Vereador Everton Ferreira (PSD)\u00a0<\/i><\/p><p><i>*Foto do gabinete parlamentar<\/i><\/p><p><strong>As mat\u00e9rias de origem dos Gabinetes Parlamentares s\u00e3o de inteira\u00a0 responsabilidade dos parlamentares e de suas assessorias. S\u00e3o devidamente assinadas e n\u00e3o refletem, necessariamente, a opini\u00e3o institucional da C\u00e2mara Municipal de Limeira.<\/strong><\/p>\t\t\t\t<\/div>\r\n<br>\r\n<br><a href=\"https:\/\/www.limeira.sp.leg.br\/noticias\/view\/2025-03-26_everton-ferreira-fiscaliza-funcionamento-noturno-da-upa-abilio-pedro\" rel=\"noopener\">Informa\u00e7\u00f5es CML <\/a>","protected":false},"excerpt":{"rendered":"<p>O vereador Everton Ferreira (PSD), presidente da C\u00e2mara Municipal, esteve na \u00faltima semana na Unidade de Pronto Atendimento (UPA) Ab\u00edlio Pedro para fiscalizar o atendimento no per\u00edodo noturno. A visita ocorreu por volta das 23h, quando havia um pediatra e um cl\u00ednico geral no local. Todos os pacientes j\u00e1 haviam sido atendidos e aguardavam o [&hellip;]<\/p>\n","protected":false},"author":1,"featured_media":28194,"comment_status":"open","ping_status":"open","sticky":false,"template":"","format":"standard","meta":{"_jetpack_newsletter_access":"","_jetpack_dont_email_post_to_subs":false,"_jetpack_newsletter_tier_id":0,"_jetpack_memberships_contains_paywalled_content":false,"_mbp_banners":[],"_jetpack_feature_clip_id":0,"_jetpack_memberships_contains_paid_content":false,"footnotes":"","jetpack_publicize_message":"","jetpack_publicize_feature_enabled":true,"jetpack_social_post_already_shared":true,"jetpack_social_options":{"image_generator_settings":{"template":"highway","default_image_id":0,"font":"","enabled":false},"version":2},"jetpack_post_was_ever_published":false},"categories":[19],"tags":[],"class_list":["post-28193","post","type-post","status-publish","format-standard","has-post-thumbnail","category-politica"],"jetpack_publicize_connections":[],"jetpack-related-posts":[],"jetpack_shortlink":"https:\/\/wp.me\/p7Eq1F-7kJ","jetpack_sharing_enabled":true,"jetpack_featured_media_url":"https:\/\/i0.wp.com\/guialimeira.com.br\/news\/wp-content\/uploads\/2025\/03\/Everton-Ferreira-fiscaliza-funcionamento-noturno-da-UPA-Abilio-Pedro.jpg?fit=1280%2C640&ssl=1","_links":{"self":[{"href":"https:\/\/guialimeira.com.br\/news\/wp-json\/wp\/v2\/posts\/28193","targetHints":{"allow":["GET"]}}],"collection":[{"href":"https:\/\/guialimeira.com.br\/news\/wp-json\/wp\/v2\/posts"}],"about":[{"href":"https:\/\/guialimeira.com.br\/news\/wp-json\/wp\/v2\/types\/post"}],"author":[{"embeddable":true,"href":"https:\/\/guialimeira.com.br\/news\/wp-json\/wp\/v2\/users\/1"}],"replies":[{"embeddable":true,"href":"https:\/\/guialimeira.com.br\/news\/wp-json\/wp\/v2\/comments?post=28193"}],"version-history":[{"count":1,"href":"https:\/\/guialimeira.com.br\/news\/wp-json\/wp\/v2\/posts\/28193\/revisions"}],"predecessor-version":[{"id":28195,"href":"https:\/\/guialimeira.com.br\/news\/wp-json\/wp\/v2\/posts\/28193\/revisions\/28195"}],"wp:featuredmedia":[{"embeddable":true,"href":"https:\/\/guialimeira.com.br\/news\/wp-json\/wp\/v2\/media\/28194"}],"wp:attachment":[{"href":"https:\/\/guialimeira.com.br\/news\/wp-json\/wp\/v2\/media?parent=28193"}],"wp:term":[{"taxonomy":"category","embeddable":true,"href":"https:\/\/guialimeira.com.br\/news\/wp-json\/wp\/v2\/categories?post=28193"},{"taxonomy":"post_tag","embeddable":true,"href":"https:\/\/guialimeira.com.br\/news\/wp-json\/wp\/v2\/tags?post=28193"}],"curies":[{"name":"wp","href":"https:\/\/api.w.org\/{rel}","templated":true}]}}