{"id":28191,"date":"2025-03-26T14:17:32","date_gmt":"2025-03-26T17:17:32","guid":{"rendered":"https:\/\/guialimeira.com.br\/2025\/03\/26\/japao-propoe-acoes-para-acelerar-abertura-comercial-a-carne-brasileira\/"},"modified":"2025-03-26T14:17:32","modified_gmt":"2025-03-26T17:17:32","slug":"japao-propoe-acoes-para-acelerar-abertura-comercial-a-carne-brasileira","status":"publish","type":"post","link":"https:\/\/guialimeira.com.br\/news\/japao-propoe-acoes-para-acelerar-abertura-comercial-a-carne-brasileira\/","title":{"rendered":"Jap\u00e3o prop\u00f5e a\u00e7\u00f5es para acelerar abertura comercial \u00e0 carne brasileira"},"content":{"rendered":"<p> <br \/>\n<\/p>\n<div>\n<p>O primeiro-ministro do Jap\u00e3o, Shigeru Ishiba, prop\u00f4s a\u00e7\u00f5es para acelerar a abertura do mercado japon\u00eas \u00e0 carne bovina do Brasil. A demanda hist\u00f3rica dos produtores brasileiros foi um dos temas do encontro entre Ishiba e o presidente Luiz In\u00e1cio Lula da Silva, que est\u00e1 em visita da Estado a T\u00f3quio, capital japonesa.<img data-recalc-dims=\"1\" decoding=\"async\" src=\"https:\/\/i0.wp.com\/agenciabrasil.ebc.com.br\/ebc.png?w=696&#038;ssl=1\" style=\"width:1px; height:1px; display:inline;\"\/><img data-recalc-dims=\"1\" decoding=\"async\" src=\"https:\/\/i0.wp.com\/agenciabrasil.ebc.com.br\/ebc.gif?w=696&#038;ssl=1\" style=\"width:1px; height:1px; display:inline;\"\/><\/p>\n<p>O premi\u00ea sugeriu\u00a0a forma\u00e7\u00e3o de um grupo para o acompanhamento do setor e manifestou a disposi\u00e7\u00e3o de enviar especialistas sanit\u00e1rios para coletar informa\u00e7\u00f5es e avan\u00e7ar mais rapidamente para as pr\u00f3ximas etapas de abertura do mercado. Um dos objetivos da <a href=\"https:\/\/agenciabrasil.ebc.com.br\/internacional\/noticia\/2025-03\/lula-viaja-ao-japao-para-discutir-acordo-com-mercosul-e-carne-bovina\" target=\"_blank\" rel=\"noopener\">viagem de Lula<\/a>\u00a0era, de fato, conseguir o\u00a0compromisso pol\u00edtico do Jap\u00e3o de enviar uma miss\u00e3o t\u00e9cnica para inspecionar as condi\u00e7\u00f5es da produ\u00e7\u00e3o de carne bovina do pa\u00eds.<\/p>\n<p><strong>O Jap\u00e3o importa cerca de 70% da carne bovina que consome, o que representa aproximadamente US$ 4 bilh\u00f5es ao ano. Desse total, 80% s\u00e3o importados dos Estados Unidos e da Austr\u00e1lia, hist\u00f3ricos aliados do pa\u00eds. No caso do Brasil, o processo de negocia\u00e7\u00e3o para exportar a carne bovina ao Jap\u00e3o vem sendo conduzido h\u00e1 mais de 20 anos. O \u00faltimo protocolo j\u00e1 est\u00e1 sendo debatido h\u00e1 cinco anos.<\/strong><\/p>\n<p>Em maio de 2024, o Brasil se tornou <a href=\"https:\/\/agenciabrasil.ebc.com.br\/economia\/noticia\/2024-05\/brasil-se-declara-livre-de-febre-aftosa-sem-vacinacao\" target=\"_blank\" rel=\"noopener\">livre de febre aftosa sem vacina\u00e7\u00e3o<\/a> animal. O <em>status<\/em> abre caminho para que o Brasil possa exportar carne bovina para pa\u00edses como o Jap\u00e3o e a Coreia do Sul, por exemplo, que s\u00f3 compram de mercados livres da doen\u00e7a sem vacina\u00e7\u00e3o. Por outro lado, o fim da vacina\u00e7\u00e3o exigir\u00e1 protocolos mais r\u00edgidos de controle sanit\u00e1rio por parte dos estados.<\/p>\n<p>A homologa\u00e7\u00e3o do novo <em>status<\/em> sanit\u00e1rio deve ocorreu em maio deste ano, durante a assembleia-geral da Organiza\u00e7\u00e3o Mundial de Sa\u00fade Animal (OMSA).<\/p>\n<p>O ciclo de vacina\u00e7\u00e3o de bovinos e bubalinos contra a febre aftosa no Brasil come\u00e7ou h\u00e1 mais de 50 anos e o \u00faltimo registro da doen\u00e7a ocorreu em 2006. Atualmente, no Brasil, somente os estados de Santa Catarina, do Paran\u00e1, Rio Grande do Sul, Acre, de Rond\u00f4nia e partes do Amazonas e de Mato Grosso t\u00eam o reconhecimento internacional de zona livre de febre aftosa sem vacina\u00e7\u00e3o pela OMSA.<\/p>\n<p><strong>A carne \u00e9 o quarto principal item da pauta de exporta\u00e7\u00f5es brasileira, atr\u00e1s apenas da soja, do petr\u00f3leo bruto e min\u00e9rio de ferro.<\/strong><\/p>\n<h2>Agenda<\/h2>\n<p>Lula chegou ao Jap\u00e3o na segunda-feira (24) e, na ter\u00e7a-feira (25) de\u00a0manh\u00e3, participou da <a href=\"https:\/\/agenciabrasil.ebc.com.br\/internacional\/noticia\/2025-03\/lula-e-janja-sao-recebidos-por-casal-imperial-do-japao\" target=\"_blank\" rel=\"noopener\">cerim\u00f4nia de boas-vindas<\/a>, com honras militares, no Pal\u00e1cio Imperial, na capital japonesa. Ap\u00f3s reuni\u00e3o reservada com o casal imperial e almo\u00e7o privado, o presidente se encontrou com empres\u00e1rios brasileiros ligados \u00e0 Associa\u00e7\u00e3o Brasileira das Ind\u00fastrias Exportadoras de Carne (Abiec) para debater a <a href=\"https:\/\/agenciabrasil.ebc.com.br\/politica\/noticia\/2025-03\/lula-quer-recuperar-us-6-bilhoes-do-comercio-com-o-japao\" target=\"_blank\" rel=\"noopener\">abertura do mercado japon\u00eas<\/a> ao setor.<\/p>\n<p>Lula participou ainda de jantar oferecido a ele e \u00e0 primeira-dama Janja Lula da Silva pelo imperador do Jap\u00e3o, Naruhito, e a imperatriz Masako. Na ocasi\u00e3o, pediu o \u201c<a href=\"https:\/\/agenciabrasil.ebc.com.br\/politica\/noticia\/2025-03\/lula-pede-firme-engajamento-do-japao-na-cop30\" target=\"_blank\" rel=\"noopener\">firme engajamento\u201d do Jap\u00e3o<\/a> na Confer\u00eancia das Na\u00e7\u00f5es Unidas sobre as Mudan\u00e7as Clim\u00e1ticas de 2025 (COP30), que ser\u00e1 realizada em novembro, em Bel\u00e9m, no Par\u00e1.<\/p>\n<p><strong>Nesta quarta-feira (26), o presidente teve o dia mais cheio da visita ao Jap\u00e3o, que\u00a0est\u00e1 12 horas \u00e0 frente do hor\u00e1rio oficial de Bras\u00edlia. A agenda come\u00e7ou com representantes de sindicatos japoneses. Em <a href=\"https:\/\/x.com\/LulaOficial\/status\/1904752905694872060\" target=\"_blank\">postagem nas redes sociais<\/a>, Lula afirmou que o objetivo foi falar de quest\u00f5es trabalhistas e de como melhorar a qualidade de vida dos trabalhadores no Brasil e no Jap\u00e3o.<\/strong><\/p>\n<p>O presidente tamb\u00e9m falou\u00a0no F\u00f3rum Empresarial Brasil-Jap\u00e3o. Pelo lado brasileiro, estiveram presentes empres\u00e1rios dos setores de alimentos, agroneg\u00f3cio, aeroespacial, bebidas, energia, log\u00edstica e siderurgia. No evento, <a href=\"https:\/\/agenciabrasil.ebc.com.br\/internacional\/noticia\/2025-03\/presidente-convoca-japao-investir-no-brasil-e-critica-protecionismo\" target=\"_blank\" rel=\"noopener\">Lula convocou os japoneses a investirem no Brasil<\/a> e criticou o crescimento do negacionismo clim\u00e1tico e do protecionismo comercial.\u00a0Foi anunciado acordo da Empresa Brasileira de Aeron\u00e1utica (Embraer) com a ANA, maior companhia a\u00e9rea japonesa, para a compra de 20 jatos E-190.<\/p>\n<p>Ap\u00f3s outras reuni\u00f5es bilaterais, Lula se encontrou com o primeiro-ministro do Jap\u00e3o, Shigeru Ishiba, no Pal\u00e1cio Akasaka, para firmar os compromissos entre os dois pa\u00edses. Foram <a href=\"https:\/\/agenciabrasil.ebc.com.br\/internacional\/noticia\/2025-03\/brasil-e-japao-firmam-acordos-e-plano-de-acao-para-ampliar-parceria\" target=\"_blank\" rel=\"noopener\">dez acordos de coopera\u00e7\u00e3o<\/a> em \u00e1reas como com\u00e9rcio, ind\u00fastria e meio ambiente, al\u00e9m de 80 instrumentos entre entidades subnacionais como empresas, bancos, universidades e institutos de pesquisas. Os dois pa\u00edses tamb\u00e9m anunciaram um plano de a\u00e7\u00e3o para revitalizar a Parceria Estrat\u00e9gica Global, um n\u00edvel mais elevado nas rela\u00e7\u00f5es diplom\u00e1ticas estabelecidas desde 2014.\u00a0Na sequ\u00eancia, foi oferecido um jantar a Lula e \u00e0 comitiva.<\/p>\n<p>A equipe brasileira em T\u00f3quio \u00e9 composta pelo presidente, a primeira-dama Janja, ministros, parlamentares, empres\u00e1rios e sindicalistas. A visita prossegue at\u00e9 quinta-feira (27), quando o presidente parte para Han\u00f3i, no Vietn\u00e3, para a segunda parte da viagem \u00e0 \u00c1sia.<\/p>\n<p>      <!-- Relacionada --><\/p>\n<p>            <!-- Relacionada -->\n    <\/div>\n<p><br \/>\n<br \/><a href=\"https:\/\/agenciabrasil.ebc.com.br\/internacional\/noticia\/2025-03\/japao-propoe-acoes-para-acelerar-abertura-comercial-carne-brasileira\" rel=\"noopener\">Ag\u00eancia Brasil <\/a><\/p>\n","protected":false},"excerpt":{"rendered":"<p>O primeiro-ministro do Jap\u00e3o, Shigeru Ishiba, prop\u00f4s a\u00e7\u00f5es para acelerar a abertura do mercado japon\u00eas \u00e0 carne bovina do Brasil. A demanda hist\u00f3rica dos produtores brasileiros foi um dos temas do encontro entre Ishiba e o presidente Luiz In\u00e1cio Lula da Silva, que est\u00e1 em visita da Estado a T\u00f3quio, capital japonesa. O premi\u00ea sugeriu\u00a0a [&hellip;]<\/p>\n","protected":false},"author":1,"featured_media":28169,"comment_status":"open","ping_status":"open","sticky":false,"template":"","format":"standard","meta":{"_jetpack_newsletter_access":"","_jetpack_dont_email_post_to_subs":false,"_jetpack_newsletter_tier_id":0,"_jetpack_memberships_contains_paywalled_content":false,"_mbp_banners":[],"_jetpack_feature_clip_id":0,"_jetpack_memberships_contains_paid_content":false,"footnotes":"","jetpack_publicize_message":"","jetpack_publicize_feature_enabled":true,"jetpack_social_post_already_shared":true,"jetpack_social_options":{"image_generator_settings":{"template":"highway","default_image_id":0,"font":"","enabled":false},"version":2},"jetpack_post_was_ever_published":false},"categories":[25],"tags":[],"class_list":["post-28191","post","type-post","status-publish","format-standard","has-post-thumbnail","category-internacional"],"jetpack_publicize_connections":[],"jetpack-related-posts":[],"jetpack_shortlink":"https:\/\/wp.me\/p7Eq1F-7kH","jetpack_sharing_enabled":true,"jetpack_featured_media_url":"https:\/\/i0.wp.com\/guialimeira.com.br\/news\/wp-content\/uploads\/2025\/03\/54410488587_4f4b4d6f4e_o_0.jpg?fit=1600%2C800&ssl=1","_links":{"self":[{"href":"https:\/\/guialimeira.com.br\/news\/wp-json\/wp\/v2\/posts\/28191","targetHints":{"allow":["GET"]}}],"collection":[{"href":"https:\/\/guialimeira.com.br\/news\/wp-json\/wp\/v2\/posts"}],"about":[{"href":"https:\/\/guialimeira.com.br\/news\/wp-json\/wp\/v2\/types\/post"}],"author":[{"embeddable":true,"href":"https:\/\/guialimeira.com.br\/news\/wp-json\/wp\/v2\/users\/1"}],"replies":[{"embeddable":true,"href":"https:\/\/guialimeira.com.br\/news\/wp-json\/wp\/v2\/comments?post=28191"}],"version-history":[{"count":0,"href":"https:\/\/guialimeira.com.br\/news\/wp-json\/wp\/v2\/posts\/28191\/revisions"}],"wp:featuredmedia":[{"embeddable":true,"href":"https:\/\/guialimeira.com.br\/news\/wp-json\/wp\/v2\/media\/28169"}],"wp:attachment":[{"href":"https:\/\/guialimeira.com.br\/news\/wp-json\/wp\/v2\/media?parent=28191"}],"wp:term":[{"taxonomy":"category","embeddable":true,"href":"https:\/\/guialimeira.com.br\/news\/wp-json\/wp\/v2\/categories?post=28191"},{"taxonomy":"post_tag","embeddable":true,"href":"https:\/\/guialimeira.com.br\/news\/wp-json\/wp\/v2\/tags?post=28191"}],"curies":[{"name":"wp","href":"https:\/\/api.w.org\/{rel}","templated":true}]}}