{"id":28186,"date":"2025-03-26T13:23:22","date_gmt":"2025-03-26T16:23:22","guid":{"rendered":"https:\/\/guialimeira.com.br\/?p=28186"},"modified":"2025-03-26T13:23:24","modified_gmt":"2025-03-26T16:23:24","slug":"suzano-e-todos-pela-educacao-firmam-parceria-para-fortalecer-a-educacao-publica-no-brasil","status":"publish","type":"post","link":"https:\/\/guialimeira.com.br\/news\/suzano-e-todos-pela-educacao-firmam-parceria-para-fortalecer-a-educacao-publica-no-brasil\/","title":{"rendered":"Suzano e Todos Pela Educa\u00e7\u00e3o firmam parceria para fortalecer a educa\u00e7\u00e3o p\u00fablica no Brasil"},"content":{"rendered":"\n<p class=\"wp-block-paragraph\">A Suzano, maior produtora mundial de celulose e refer\u00eancia global na fabrica\u00e7\u00e3o de bioprodutos desenvolvidos a partir do eucalipto, anuncia parceria com o Todos Pela Educa\u00e7\u00e3o, organiza\u00e7\u00e3o da sociedade civil dedicada ao avan\u00e7o das pol\u00edticas p\u00fablicas educacionais no Brasil.&nbsp;O acordo tem como objetivo fortalecer a atua\u00e7\u00e3o do Todos pela Educa\u00e7\u00e3o, que est\u00e1 ancorada em tr\u00eas iniciativas estrat\u00e9gicas: <em>advocacy <\/em>direto, que envolve a produ\u00e7\u00e3o de conhecimento aplicado, a articula\u00e7\u00e3o com o poder p\u00fablico e a mobiliza\u00e7\u00e3o do debate especializado; o monitoramento p\u00fablico, concentrado no acompanhamento e divulga\u00e7\u00e3o dos principais dados e resultados da educa\u00e7\u00e3o b\u00e1sica brasileira; e a articula\u00e7\u00e3o da Coaliz\u00e3o Educa\u00e7\u00e3o J\u00e1, que envolve a coordena\u00e7\u00e3o de um grupo de organiza\u00e7\u00f5es que atuam de forma coordenada em prol do avan\u00e7o de uma agenda de recomenda\u00e7\u00f5es de pol\u00edticas p\u00fablicas com base nas experi\u00eancias de sucesso no Brasil e no mundo.<\/p>\n\n\n\n<p class=\"wp-block-paragraph\">O an\u00fancio \u00e9 realizado em um momento no qual a Suzano amplia sua atua\u00e7\u00e3o na Educa\u00e7\u00e3o, mantendo o objetivo de impulsionar a frente educacional nos territ\u00f3rios de atua\u00e7\u00e3o da companhia. A estrat\u00e9gia da companhia na agenda da Educa\u00e7\u00e3o \u00e9 voltada para jovens de 14 a 24 anos, incluindo estudantes dos anos finais do Ensino Fundamental, e estudantes e egressos do Ensino M\u00e9dio e da Educa\u00e7\u00e3o de Jovens e Adultos (EJA). O foco est\u00e1 na trajet\u00f3ria escolar de sucesso e na inclus\u00e3o produtiva de jovens.<\/p>\n\n\n\n<p class=\"wp-block-paragraph\">Nesse contexto, a iniciativa refor\u00e7a o compromisso da Suzano com a qualidade da educa\u00e7\u00e3o b\u00e1sica p\u00fablica, alinhando sua estrat\u00e9gia ao fortalecimento das pol\u00edticas educacionais e ao impacto direto nas comunidades dos mais de 220 munic\u00edpios onde a companhia atua.<\/p>\n\n\n\n<p class=\"wp-block-paragraph\">A an\u00e1lise sobre o contexto educacional evidenciou nas \u00faltimas d\u00e9cadas a dificuldade em rela\u00e7\u00e3o ao acesso \u00e0 escola p\u00fablica, \u00e0 perman\u00eancia e aprendizagem dos(as) estudantes ao longo da trajet\u00f3ria escolar e \u00e0 conclus\u00e3o da educa\u00e7\u00e3o b\u00e1sica. De acordo com o Censo Escolar de 2023, dois em cada dez jovens brasileiros, entre 15 e 29 anos, permaneceram fora da escola e sem concluir a educa\u00e7\u00e3o b\u00e1sica, n\u00famero que representa cerca de 9,2 milh\u00f5es de pessoas nesta faixa et\u00e1ria.<\/p>\n\n\n\n<p class=\"wp-block-paragraph\">\u201cA parceria entre a Suzano e o Todos Pela Educa\u00e7\u00e3o busca contribuir com o fortalecimento da educa\u00e7\u00e3o p\u00fablica de qualidade, que ainda \u00e9 um grande desafio do Pa\u00eds. N\u00f3s precisamos de um movimento colaborativo e cont\u00ednuo para acelerar a mudan\u00e7a no ecossistema educacional, n\u00e3o apenas para a aquisi\u00e7\u00e3o de conhecimento, mas tamb\u00e9m para transformar vidas. Acreditamos que, ao investirmos na educa\u00e7\u00e3o dos jovens, estamos construindo um futuro mais pr\u00f3spero e igualit\u00e1rio para todos e todas&#8221;, afirma Giordano Bruno Automare, gerente executivo de Desenvolvimento Social da Suzano.<\/p>\n\n\n\n<p class=\"wp-block-paragraph\">A iniciativa est\u00e1 diretamente relacionada aos Compromissos para Renovar a Vida estabelecidos pela Suzano, que s\u00e3o metas para contribuir com a sociedade e o planeta. A companhia entende que para reduzir a pobreza, \u00e9 necess\u00e1rio investir estruturalmente na Educa\u00e7\u00e3o. Por isso, em 2024, a empresa investiu R$ 59.2 milh\u00f5es em iniciativas sociais que beneficiaram mais de 371 benefici\u00e1rios.<\/p>\n\n\n\n<p class=\"wp-block-paragraph\">A presidente-executiva do Todos Pela Educa\u00e7\u00e3o, Priscila Cruz, destaca a import\u00e2ncia do apoio da Suzano. \u201cO Todos \u00e9 uma organiza\u00e7\u00e3o de advocacy com duas caracter\u00edsticas fundamentais, o suprapartidarismo e a independ\u00eancia. Para manter essa independ\u00eancia, n\u00e3o recebemos recursos p\u00fablicos, o que torna fundamental o apoio volunt\u00e1rio de organiza\u00e7\u00f5es e de pessoas comprometidas com a transforma\u00e7\u00e3o da educa\u00e7\u00e3o no Brasil. \u00c9 esse apoio que nos permite mudar o Pa\u00eds para melhor. Por isso, \u00e9 uma grande honra contar com a Suzano, uma empresa centen\u00e1ria, relevante para o desenvolvimento do Pa\u00eds e com forte atua\u00e7\u00e3o social\u201d, diz Priscila.&nbsp;<\/p>\n\n\n\n<p class=\"wp-block-paragraph\">Em 2024, por meio do seu investimento em Educa\u00e7\u00e3o, a Suzano impactou diretamente mais de 220 escolas p\u00fablicas, beneficiando mais de 130 mil estudantes, de 25 munic\u00edpios em quatro estados brasileiros.&nbsp;<\/p>\n\n\n\n<p class=\"wp-block-paragraph\"><strong>Sobre a Suzano<\/strong><\/p>\n\n\n\n<p class=\"wp-block-paragraph\">A Suzano \u00e9 a maior produtora mundial de celulose, uma das maiores fabricantes de pap\u00e9is da Am\u00e9rica Latina e l\u00edder no segmento de papel higi\u00eanico no Brasil. A companhia adota as melhores pr\u00e1ticas de inova\u00e7\u00e3o e sustentabilidade para desenvolver produtos e solu\u00e7\u00f5es a partir de mat\u00e9ria-prima renov\u00e1vel. Os produtos da Suzano est\u00e3o presentes na vida de mais de 2 bilh\u00f5es de pessoas, cerca de 25% da popula\u00e7\u00e3o mundial, e incluem celulose; itens para higiene pessoal como papel higi\u00eanico e guardanapos; pap\u00e9is para embalagens, copos e canudos; pap\u00e9is para imprimir e escrever, entre outros produtos desenvolvidos para atender \u00e0 crescente necessidade do planeta por itens mais sustent\u00e1veis. Entre suas marcas no Brasil est\u00e3o Neve\u00ae, P\u00f3len\u00ae, Suzano Report\u00ae, Mimmo\u00ae, entre outras. Com sede no Brasil e opera\u00e7\u00f5es na Am\u00e9rica Latina, Am\u00e9rica do Norte, Europa e \u00c1sia, a empresa tem mais de 100 anos de hist\u00f3ria e a\u00e7\u00f5es negociadas nas bolsas do Brasil (SUZB3) e dos Estados Unidos (SUZ). Saiba mais em: <a href=\"http:\/\/suzano.com.br\/\" target=\"_blank\" rel=\"noreferrer noopener\">suzano.com.br<\/a><\/p>\n\n\n\n<p class=\"wp-block-paragraph\"><strong>Sobre o Todos Pela Educa\u00e7\u00e3o<\/strong><\/p>\n\n\n\n<p class=\"wp-block-paragraph\">Fundado em 2006, o Todos Pela Educa\u00e7\u00e3o \u00e9 uma organiza\u00e7\u00e3o independente que faz advocacy pela Educa\u00e7\u00e3o B\u00e1sica no Brasil. Tem como objetivo atuar para que o poder p\u00fablico formule e implemente pol\u00edticas p\u00fablicas educacionais de maneira mais efetiva, sem liga\u00e7\u00e3o com partidos pol\u00edticos nem interesses privados. O Todos Pela Educa\u00e7\u00e3o \u00e9 financiado unicamente por doa\u00e7\u00f5es volunt\u00e1rias de pessoas e organiza\u00e7\u00f5es, tendo autonomia para desafiar, propor, questionar e cobrar o que precisa ser mudado, sempre com base em estudos e evid\u00eancias concretas.<\/p>\n","protected":false},"excerpt":{"rendered":"<p>A Suzano, maior produtora mundial de celulose e refer\u00eancia global na fabrica\u00e7\u00e3o de bioprodutos desenvolvidos a partir do eucalipto, anuncia parceria com o Todos Pela Educa\u00e7\u00e3o, organiza\u00e7\u00e3o da sociedade civil dedicada ao avan\u00e7o das pol\u00edticas p\u00fablicas educacionais no Brasil.&nbsp;O acordo tem como objetivo fortalecer a atua\u00e7\u00e3o do Todos pela Educa\u00e7\u00e3o, que est\u00e1 ancorada em tr\u00eas [&hellip;]<\/p>\n","protected":false},"author":2,"featured_media":28187,"comment_status":"open","ping_status":"open","sticky":false,"template":"","format":"standard","meta":{"_jetpack_newsletter_access":"","_jetpack_dont_email_post_to_subs":false,"_jetpack_newsletter_tier_id":0,"_jetpack_memberships_contains_paywalled_content":false,"_mbp_banners":[],"_jetpack_feature_clip_id":0,"_jetpack_memberships_contains_paid_content":false,"footnotes":"","jetpack_publicize_message":"","jetpack_publicize_feature_enabled":true,"jetpack_social_post_already_shared":true,"jetpack_social_options":{"image_generator_settings":{"template":"highway","default_image_id":0,"font":"","enabled":false},"version":2},"jetpack_post_was_ever_published":false},"categories":[16],"tags":[],"class_list":["post-28186","post","type-post","status-publish","format-standard","has-post-thumbnail","category-local"],"jetpack_publicize_connections":[],"jetpack-related-posts":[],"jetpack_shortlink":"https:\/\/wp.me\/p7Eq1F-7kC","jetpack_sharing_enabled":true,"jetpack_featured_media_url":"https:\/\/i0.wp.com\/guialimeira.com.br\/news\/wp-content\/uploads\/2025\/03\/Imagem_Suzano-scaled.jpeg?fit=1920%2C2560&ssl=1","_links":{"self":[{"href":"https:\/\/guialimeira.com.br\/news\/wp-json\/wp\/v2\/posts\/28186","targetHints":{"allow":["GET"]}}],"collection":[{"href":"https:\/\/guialimeira.com.br\/news\/wp-json\/wp\/v2\/posts"}],"about":[{"href":"https:\/\/guialimeira.com.br\/news\/wp-json\/wp\/v2\/types\/post"}],"author":[{"embeddable":true,"href":"https:\/\/guialimeira.com.br\/news\/wp-json\/wp\/v2\/users\/2"}],"replies":[{"embeddable":true,"href":"https:\/\/guialimeira.com.br\/news\/wp-json\/wp\/v2\/comments?post=28186"}],"version-history":[{"count":1,"href":"https:\/\/guialimeira.com.br\/news\/wp-json\/wp\/v2\/posts\/28186\/revisions"}],"predecessor-version":[{"id":28188,"href":"https:\/\/guialimeira.com.br\/news\/wp-json\/wp\/v2\/posts\/28186\/revisions\/28188"}],"wp:featuredmedia":[{"embeddable":true,"href":"https:\/\/guialimeira.com.br\/news\/wp-json\/wp\/v2\/media\/28187"}],"wp:attachment":[{"href":"https:\/\/guialimeira.com.br\/news\/wp-json\/wp\/v2\/media?parent=28186"}],"wp:term":[{"taxonomy":"category","embeddable":true,"href":"https:\/\/guialimeira.com.br\/news\/wp-json\/wp\/v2\/categories?post=28186"},{"taxonomy":"post_tag","embeddable":true,"href":"https:\/\/guialimeira.com.br\/news\/wp-json\/wp\/v2\/tags?post=28186"}],"curies":[{"name":"wp","href":"https:\/\/api.w.org\/{rel}","templated":true}]}}