{"id":28183,"date":"2025-03-26T13:21:31","date_gmt":"2025-03-26T16:21:31","guid":{"rendered":"https:\/\/guialimeira.com.br\/?p=28183"},"modified":"2025-03-26T13:21:31","modified_gmt":"2025-03-26T16:21:31","slug":"conselho-tutelar-presidente-everton-ferreira-ouve-demandas-para-melhoria-de-atendimento-a-populacao","status":"publish","type":"post","link":"https:\/\/guialimeira.com.br\/news\/conselho-tutelar-presidente-everton-ferreira-ouve-demandas-para-melhoria-de-atendimento-a-populacao\/","title":{"rendered":"Conselho Tutelar: Presidente Everton Ferreira ouve demandas para melhoria de atendimento \u00e0 popula\u00e7\u00e3o"},"content":{"rendered":"\n<figure class=\"wp-block-gallery has-nested-images columns-default is-cropped wp-block-gallery-1 is-layout-flex wp-block-gallery-is-layout-flex\"><\/figure>\n \r\n<br><img data-recalc-dims=\"1\" decoding=\"async\" src=\"https:\/\/i0.wp.com\/guialimeira.com.br\/wp-content\/uploads\/2025\/03\/2025-03-26_conselho-tutelar-presidente-everton-ferreira-ouve-demandas-para-melhoria-de-atendimento-a.jpeg?w=696&#038;ssl=1\" \/><br><div>\n\t\t\t\t\t<p>\u00d3rg\u00e3o aut\u00f4nomo e encarregado pela sociedade de zelar pelo cumprimento dos direitos da crian\u00e7a e do adolescente, o Conselho Tutelar foi pauta de reuni\u00e3o na C\u00e2mara Municipal nesta quarta-feira, 26 de mar\u00e7o. O presidente Everton Ferreira (PSD) recebeu a visita de conselheiros tutelares e ouviu as principais demandas dos membros dos Conselhos 1, 2 e 3, que juntos abrangem o atendimento em toda a cidade de Limeira.<\/p><p>Participaram Denis dos Santos, Felipe Nathan e Ludma de Oliveira, do Conselho Tutelar 1; Adriana Tamiosso de Freitas, Lucimara Maia de Oliveira e Talita de Oliveira Melchiades de Souza, do Conselho 2; Ana C\u00e9lia Costa da Silva e Wagner Barbosa e, do Conselho 3.\u00a0\u00a0<\/p><p>Em di\u00e1logo com o presidente, eles descreveram como s\u00e3o feitos os atendimentos e quais as principais viola\u00e7\u00f5es que chegam aos Conselhos. Viol\u00eancia sexual, viol\u00eancia f\u00edsica e busca por vagas em creches ou escolas foram as den\u00fancias mais mencionadas. \u00c9 compet\u00eancia do conselheiro tutelar atuar a partir do recebimento de den\u00fancias de viola\u00e7\u00f5es ou amea\u00e7as aos direitos de crian\u00e7as e adolescentes. Eles tamb\u00e9m t\u00eam a atribui\u00e7\u00e3o de fiscalizar, independentemente de haver den\u00fancia.<\/p><p>Para cumprir de forma efetiva essa miss\u00e3o, os conselheiros relataram que necessitam de melhorias de infraestrutura nos pr\u00e9dios onde os Conselhos funcionam. Os im\u00f3veis s\u00e3o alugados e, segundo eles, enfrentam problemas como falta de acessibilidade e inadequa\u00e7\u00e3o estrutural dos espa\u00e7os de atendimento, o que dificulta a presta\u00e7\u00e3o do servi\u00e7o conforme o estabelecido pelo Estatuto da Crian\u00e7a e do Adolescente (ECA). A seguran\u00e7a dos conselheiros e dos assistidos tamb\u00e9m foi abordada na reuni\u00e3o.\u00a0\u00a0<\/p><p>O presidente Everton destacou o papel do Legislativo na intermedia\u00e7\u00e3o das demandas. \u201cOs vereadores t\u00eam que conhecer as quest\u00f5es envolvendo o Conselho Tutelar e a C\u00e2mara ser um bra\u00e7o para auxiliar os conselheiros no que for poss\u00edvel. O vereador entender a dor do Conselho \u00e9 importante e, por isso, considero v\u00e1lida a realiza\u00e7\u00e3o de audi\u00eancias p\u00fablicas pela entidade\u201d, afirmou.\u00a0<\/p><p>O parlamentar informou que possui uma minuta de projeto de lei que prev\u00ea essa possibilidade e que passa por ajustes ouvindo os pr\u00f3prios conselheiros tutelares. \u201cQuando a audi\u00eancia p\u00fablica \u00e9 realizada, a responsabilidade do que est\u00e1 acontecendo \u00e9 compartilhada e pode influenciar na constru\u00e7\u00e3o do Or\u00e7amento P\u00fablico\u201d, disse.<\/p>\t\t\t\t<\/div>\r\n<br>\r\n<br><a href=\"https:\/\/www.limeira.sp.leg.br\/noticias\/view\/2025-03-26_conselho-tutelar-presidente-everton-ferreira-ouve-demandas-para-melhoria-de-atendimento-a-populacao\" rel=\"noopener\">Informa\u00e7\u00f5es CML <\/a>","protected":false},"excerpt":{"rendered":"<p>\u00d3rg\u00e3o aut\u00f4nomo e encarregado pela sociedade de zelar pelo cumprimento dos direitos da crian\u00e7a e do adolescente, o Conselho Tutelar foi pauta de reuni\u00e3o na C\u00e2mara Municipal nesta quarta-feira, 26 de mar\u00e7o. O presidente Everton Ferreira (PSD) recebeu a visita de conselheiros tutelares e ouviu as principais demandas dos membros dos Conselhos 1, 2 e [&hellip;]<\/p>\n","protected":false},"author":1,"featured_media":28184,"comment_status":"open","ping_status":"open","sticky":false,"template":"","format":"standard","meta":{"_jetpack_newsletter_access":"","_jetpack_dont_email_post_to_subs":false,"_jetpack_newsletter_tier_id":0,"_jetpack_memberships_contains_paywalled_content":false,"_mbp_banners":[],"_jetpack_feature_clip_id":0,"_jetpack_memberships_contains_paid_content":false,"footnotes":"","jetpack_publicize_message":"","jetpack_publicize_feature_enabled":true,"jetpack_social_post_already_shared":true,"jetpack_social_options":{"image_generator_settings":{"template":"highway","default_image_id":0,"font":"","enabled":false},"version":2},"jetpack_post_was_ever_published":false},"categories":[19],"tags":[],"class_list":["post-28183","post","type-post","status-publish","format-standard","has-post-thumbnail","category-politica"],"jetpack_publicize_connections":[],"jetpack-related-posts":[],"jetpack_shortlink":"https:\/\/wp.me\/p7Eq1F-7kz","jetpack_sharing_enabled":true,"jetpack_featured_media_url":"https:\/\/i0.wp.com\/guialimeira.com.br\/news\/wp-content\/uploads\/2025\/03\/Conselho-Tutelar-Presidente-Everton-Ferreira-ouve-demandas-para-melhoria-de.jpeg?fit=1280%2C640&ssl=1","_links":{"self":[{"href":"https:\/\/guialimeira.com.br\/news\/wp-json\/wp\/v2\/posts\/28183","targetHints":{"allow":["GET"]}}],"collection":[{"href":"https:\/\/guialimeira.com.br\/news\/wp-json\/wp\/v2\/posts"}],"about":[{"href":"https:\/\/guialimeira.com.br\/news\/wp-json\/wp\/v2\/types\/post"}],"author":[{"embeddable":true,"href":"https:\/\/guialimeira.com.br\/news\/wp-json\/wp\/v2\/users\/1"}],"replies":[{"embeddable":true,"href":"https:\/\/guialimeira.com.br\/news\/wp-json\/wp\/v2\/comments?post=28183"}],"version-history":[{"count":1,"href":"https:\/\/guialimeira.com.br\/news\/wp-json\/wp\/v2\/posts\/28183\/revisions"}],"predecessor-version":[{"id":28185,"href":"https:\/\/guialimeira.com.br\/news\/wp-json\/wp\/v2\/posts\/28183\/revisions\/28185"}],"wp:featuredmedia":[{"embeddable":true,"href":"https:\/\/guialimeira.com.br\/news\/wp-json\/wp\/v2\/media\/28184"}],"wp:attachment":[{"href":"https:\/\/guialimeira.com.br\/news\/wp-json\/wp\/v2\/media?parent=28183"}],"wp:term":[{"taxonomy":"category","embeddable":true,"href":"https:\/\/guialimeira.com.br\/news\/wp-json\/wp\/v2\/categories?post=28183"},{"taxonomy":"post_tag","embeddable":true,"href":"https:\/\/guialimeira.com.br\/news\/wp-json\/wp\/v2\/tags?post=28183"}],"curies":[{"name":"wp","href":"https:\/\/api.w.org\/{rel}","templated":true}]}}