{"id":28178,"date":"2025-03-26T13:16:29","date_gmt":"2025-03-26T16:16:29","guid":{"rendered":"https:\/\/guialimeira.com.br\/2025\/03\/26\/presidente-convoca-japao-a-investir-no-brasil-e-critica-protecionismo\/"},"modified":"2025-03-26T13:16:29","modified_gmt":"2025-03-26T16:16:29","slug":"presidente-convoca-japao-a-investir-no-brasil-e-critica-protecionismo","status":"publish","type":"post","link":"https:\/\/guialimeira.com.br\/news\/presidente-convoca-japao-a-investir-no-brasil-e-critica-protecionismo\/","title":{"rendered":"Presidente convoca Jap\u00e3o a investir no Brasil e critica protecionismo"},"content":{"rendered":"<p> <br \/>\n<\/p>\n<div>\n<p>Em reuni\u00e3o com empres\u00e1rios brasileiros e japoneses, em T\u00f3quio, o presidente Luiz In\u00e1cio Lula da Silva convocou, nesta quarta-feira (26), o <strong>Jap\u00e3o para investir mais no Brasil argumentando que o pa\u00eds \u00e9 um \u201cporto seguro\u201d em um mundo marcado por turbul\u00eancias com o crescimento do negacionismo clim\u00e1tico e do protecionismo comercial.<\/strong><img data-recalc-dims=\"1\" decoding=\"async\" src=\"https:\/\/i0.wp.com\/agenciabrasil.ebc.com.br\/ebc.png?w=696&#038;ssl=1\" style=\"width:1px; height:1px; display:inline;\"\/><img data-recalc-dims=\"1\" decoding=\"async\" src=\"https:\/\/i0.wp.com\/agenciabrasil.ebc.com.br\/ebc.gif?w=696&#038;ssl=1\" style=\"width:1px; height:1px; display:inline;\"\/><\/p>\n<blockquote>\n<p>\u201c\u00c9 fundamental que parceiros hist\u00f3ricos se unam para enfrentar as incertezas e instabilidades da economia global. Estou seguro de que precisamos avan\u00e7ar com a assinatura de um acordo de parceria econ\u00f4mica entre Jap\u00e3o e Mercosul. Nossos pa\u00edses t\u00eam mais a ganhar pela integra\u00e7\u00e3o do que pelo recurso de pr\u00e1ticas protecionistas\u201d, afirmou o presidente no F\u00f3rum Empresarial Brasil-Jap\u00e3o.<\/p>\n<\/blockquote>\n<p>A viagem de Lula ao Jap\u00e3o, a primeira de um chefe de Estado ao pa\u00eds asi\u00e1tico desde 2019, ocorre em meio \u00e0 eleva\u00e7\u00e3o unilateral de tarifas de importa\u00e7\u00e3o pelos Estados Unidos (EUA) com Donald Trump, medida considerada protecionista.<\/p>\n<p>Em seu discurso para o empresariado japon\u00eas, <strong>Lula argumentou que o Brasil vive um momento de estabilidade pol\u00edtica, econ\u00f4mica e social.<\/strong><\/p>\n<blockquote>\n<p>\u201cO Brasil \u00e9 um porto seguro, como foi para os japoneses em 1908, n\u00f3s queremos ser em 2025 atraindo parcerias, <em>joint ventures<\/em> e investimentos japoneses no nosso pa\u00eds\u201d, destacou. Em 1908, ocorreu uma forte onda migrat\u00f3ria de japoneses ao Brasil.<\/p>\n<\/blockquote>\n<p>O presidente brasileiro lamentou a redu\u00e7\u00e3o do com\u00e9rcio entre Brasil e Jap\u00e3o de US$ 17 bilh\u00f5es, em 2011, para U$S 11 bilh\u00f5es, em 2024<strong>. <\/strong>\u201cAlgo n\u00e3o andou bem na nossa rela\u00e7\u00e3o e \u00e9 preciso aprimor\u00e1-la\u201d, comentou.<\/p>\n<blockquote>\n<p>Para Lula, a viagem ao Jap\u00e3o pode consolidar uma nova estrat\u00e9gia de relacionamento entre as duas na\u00e7\u00f5es. \u201cN\u00f3s queremos vender e queremos comprar, mas, sobretudo, n\u00f3s queremos compartilhar alian\u00e7as entre as empresas japonesas e as empresas brasileiras para que a gente possa crescer juntos\u201d, completou.<\/p>\n<\/blockquote>\n<p>Durante a <strong>viagem do presidente ao Jap\u00e3o, foi anunciado acordo da empresa brasileira Embraer com a ANA, maior companhia a\u00e9rea japonesa, para compra de 20 jatos E-190 da Embraer. <\/strong>\u201cQuem compra 20 pode comprar um pouco mais e quem sabe todas as empresas japonesas podem voar de avi\u00e3o da Embraer\u201d, disse Lula.<\/p>\n<p>Ao todo, <strong>foram assinados dez acordos de coopera\u00e7\u00e3o entre Brasil e Jap\u00e3o e outros 80 compromissos entre institui\u00e7\u00f5es subnacionais, como bancos e universidades.<\/strong> Al\u00e9m disso, o <strong>Jap\u00e3o anunciou a inten\u00e7\u00e3o de enviar miss\u00e3o t\u00e9cnica ao Brasil para avaliar as <a href=\"https:\/\/agenciabrasil.ebc.com.br\/internacional\/noticia\/2025-03\/lula-viaja-ao-japao-para-discutir-acordo-com-mercosul-e-carne-bovina\" target=\"_blank\" rel=\"noopener\">condi\u00e7\u00f5es da produ\u00e7\u00e3o de carne bovina aqui no pa\u00eds<\/a><\/strong>, passo necess\u00e1rio para abertura do mercado japon\u00eas para o produto brasileiro, uma demanda hist\u00f3rica do Brasil.<\/p>\n<div class=\"dnd-widget-wrapper context-cheio_8colunas type-image\">\n<div class=\"dnd-atom-rendered\"><!-- scald=418621:cheio_8colunas --><br \/>\n            <img data-recalc-dims=\"1\" decoding=\"async\" src=\"https:\/\/i0.wp.com\/imagens.ebc.com.br\/ihkpcxjG9FM6pqIM2PsI6BTUW5E%3D\/754x0\/smart\/https%3A\/\/agenciabrasil.ebc.com.br\/sites\/default\/files\/thumbnails\/image\/2025\/03\/26\/54411171733_430c461def_o.jpg?w=696&#038;ssl=1\" alt=\"Presidente da Rep\u00fablica, Luiz In\u00e1cio Lula da Silva, durante Sess\u00e3o de encerramento do F\u00f3rum Empresarial Brasil-Jap\u00e3o.&#13;&#10;Hotel New Otani, T\u00f3quio - Jap\u00e3o.&#13;&#10;\u00a0&#13;&#10;Foto: Ricardo Stuckert \/ PR\" title=\"Ricardo Stuckert \/ PR\"\/><br \/>\n        <img data-recalc-dims=\"1\" decoding=\"async\" src=\"https:\/\/i0.wp.com\/imagens.ebc.com.br\/ihkpcxjG9FM6pqIM2PsI6BTUW5E%3D\/754x0\/smart\/https%3A\/\/agenciabrasil.ebc.com.br\/sites\/default\/files\/thumbnails\/image\/2025\/03\/26\/54411171733_430c461def_o.jpg?w=696&#038;ssl=1\" alt=\"Presidente da Rep\u00fablica, Luiz In\u00e1cio Lula da Silva, durante Sess\u00e3o de encerramento do F\u00f3rum Empresarial Brasil-Jap\u00e3o.&#13;&#10;Hotel New Otani, T\u00f3quio - Jap\u00e3o.&#13;&#10;\u00a0&#13;&#10;Foto: Ricardo Stuckert \/ PR\" title=\"Ricardo Stuckert \/ PR\"\/><br \/>\n    <!-- END scald=418621 --><\/div>\n<p><h6 class=\"meta\"><!--copyright=418621-->Presidente da Rep\u00fablica, Luiz In\u00e1cio Lula da Silva, durante Sess\u00e3o de encerramento do F\u00f3rum Empresarial Brasil-Jap\u00e3o &#8211; <strong>Ricardo Stuckert \/ PR<\/strong><!--END copyright=418621--><br type=\"_moz\"\/><br \/>\n<\/h6>\n<\/p>\n<\/div>\n<h2>Segunda Guerra Fria<\/h2>\n<p><strong>Lula<\/strong> ainda criticou o que chamou de uma \u201csegunda Guerra Fria\u201d<strong> e defendeu o multilateralismo, que \u00e9 o princ\u00edpio que orienta os pa\u00edses a negociarem coletivamente sa\u00eddas para os problemas comuns. <\/strong>Esse princ\u00edpio se contrap\u00f5e ao bilateralismo, quando os pa\u00edses tomam decis\u00f5es sem levar em considera\u00e7\u00e3o o conjunto, ou a maior parte, da comunidade global.<\/p>\n<p>Al\u00e9m da aplica\u00e7\u00e3o de tarifas comerciais, o <strong>governo de <a href=\"https:\/\/agenciabrasil.ebc.com.br\/saude\/noticia\/2025-02\/oms-vai-cortar-custos-e-rever-prioridades-com-anuncio-de-saida-dos-eua\" target=\"_blank\" rel=\"noopener\">Donald Trump tem se notabilizado pela rejei\u00e7\u00e3o ou abandono dos mecanismos multilaterais de coopera\u00e7\u00e3o internacional<\/a>, como as Na\u00e7\u00f5es Unidas (ONU), a Organiza\u00e7\u00e3o Mundial do Com\u00e9rcio (OMC) ou a Organiza\u00e7\u00e3o Mundial de Sa\u00fade (OMS)<\/strong>.<\/p>\n<h2>Negacionismo clim\u00e1tico<\/h2>\n<p><strong>Outro destaque do discurso do presidente no Jap\u00e3o foi a cr\u00edtica ao negacionismo clim\u00e1tico da extrema-direita<\/strong>, que nega a exist\u00eancia do aquecimento da terra promovido, principalmente, pela queima de combust\u00edveis f\u00f3sseis. Isso em um momento que a transi\u00e7\u00e3o energ\u00e9tica sofre um golpe com o <a href=\"http:\/\/https:\/\/agenciabrasil.ebc.com.br\/meio-ambiente\/noticia\/2025-01\/saida-dos-eua-do-acordo-de-paris-deve-ser-efetivada-somente-em-2026\" target=\"_blank\">governo Trump, que anunciou a sa\u00edda do Acordo de Paris e rejeita qualquer compromisso clim\u00e1tico<\/a>.\u00a0<\/p>\n<blockquote>\n<p>\u201cA democracia corre risco no planeta, com elei\u00e7\u00e3o de uma extrema-direita negacionista que n\u00e3o reconhece sequer vacina, n\u00e3o reconhece sequer a instabilidade clim\u00e1tica e n\u00e3o reconhece sequer partidos pol\u00edticos, sindicatos e outras coisas\u201d, comentou Lula, que destacou ainda a realiza\u00e7\u00e3o da COP30, em Bel\u00e9m (PA), neste ano, para discutir o tema.<\/p>\n<\/blockquote>\n<h2>Brasil-Jap\u00e3o\u00a0<\/h2>\n<p>O <strong>Jap\u00e3o \u00e9 o segundo maior parceiro do Brasil na \u00c1sia, atr\u00e1s apenas da China,<\/strong> e o 11\u00ba maior parceiro comercial do Brasil no mundo. Al\u00e9m disso, o <strong>Jap\u00e3o abriga a quinta maior comunidade de brasileiros no exterior, com 200 mil pessoas. <\/strong>O <strong>pa\u00eds \u00e9 ainda o nono que mais investe no Brasil, com estoque de US$ 35 bilh\u00f5es em 2023, aumento de 23% em rela\u00e7\u00e3o ao ano anterior.<\/strong><\/p>\n<p>      <!-- Relacionada --><\/p>\n<p>            <!-- Relacionada -->\n    <\/div>\n<p><br \/>\n<br \/><a href=\"https:\/\/agenciabrasil.ebc.com.br\/internacional\/noticia\/2025-03\/presidente-convoca-japao-investir-no-brasil-e-critica-protecionismo\" rel=\"noopener\">Ag\u00eancia Brasil <\/a><\/p>\n","protected":false},"excerpt":{"rendered":"<p>Em reuni\u00e3o com empres\u00e1rios brasileiros e japoneses, em T\u00f3quio, o presidente Luiz In\u00e1cio Lula da Silva convocou, nesta quarta-feira (26), o Jap\u00e3o para investir mais no Brasil argumentando que o pa\u00eds \u00e9 um \u201cporto seguro\u201d em um mundo marcado por turbul\u00eancias com o crescimento do negacionismo clim\u00e1tico e do protecionismo comercial. \u201c\u00c9 fundamental que parceiros [&hellip;]<\/p>\n","protected":false},"author":1,"featured_media":28179,"comment_status":"open","ping_status":"open","sticky":false,"template":"","format":"standard","meta":{"_jetpack_newsletter_access":"","_jetpack_dont_email_post_to_subs":false,"_jetpack_newsletter_tier_id":0,"_jetpack_memberships_contains_paywalled_content":false,"_mbp_banners":[],"_jetpack_feature_clip_id":0,"_jetpack_memberships_contains_paid_content":false,"footnotes":"","jetpack_publicize_message":"","jetpack_publicize_feature_enabled":true,"jetpack_social_post_already_shared":true,"jetpack_social_options":{"image_generator_settings":{"template":"highway","default_image_id":0,"font":"","enabled":false},"version":2},"jetpack_post_was_ever_published":false},"categories":[25],"tags":[],"class_list":["post-28178","post","type-post","status-publish","format-standard","has-post-thumbnail","category-internacional"],"jetpack_publicize_connections":[],"jetpack-related-posts":[],"jetpack_shortlink":"https:\/\/wp.me\/p7Eq1F-7ku","jetpack_sharing_enabled":true,"jetpack_featured_media_url":"https:\/\/i0.wp.com\/guialimeira.com.br\/news\/wp-content\/uploads\/2025\/03\/54410032577_3a97ece952_o.jpg?fit=1600%2C800&ssl=1","_links":{"self":[{"href":"https:\/\/guialimeira.com.br\/news\/wp-json\/wp\/v2\/posts\/28178","targetHints":{"allow":["GET"]}}],"collection":[{"href":"https:\/\/guialimeira.com.br\/news\/wp-json\/wp\/v2\/posts"}],"about":[{"href":"https:\/\/guialimeira.com.br\/news\/wp-json\/wp\/v2\/types\/post"}],"author":[{"embeddable":true,"href":"https:\/\/guialimeira.com.br\/news\/wp-json\/wp\/v2\/users\/1"}],"replies":[{"embeddable":true,"href":"https:\/\/guialimeira.com.br\/news\/wp-json\/wp\/v2\/comments?post=28178"}],"version-history":[{"count":0,"href":"https:\/\/guialimeira.com.br\/news\/wp-json\/wp\/v2\/posts\/28178\/revisions"}],"wp:featuredmedia":[{"embeddable":true,"href":"https:\/\/guialimeira.com.br\/news\/wp-json\/wp\/v2\/media\/28179"}],"wp:attachment":[{"href":"https:\/\/guialimeira.com.br\/news\/wp-json\/wp\/v2\/media?parent=28178"}],"wp:term":[{"taxonomy":"category","embeddable":true,"href":"https:\/\/guialimeira.com.br\/news\/wp-json\/wp\/v2\/categories?post=28178"},{"taxonomy":"post_tag","embeddable":true,"href":"https:\/\/guialimeira.com.br\/news\/wp-json\/wp\/v2\/tags?post=28178"}],"curies":[{"name":"wp","href":"https:\/\/api.w.org\/{rel}","templated":true}]}}