{"id":28172,"date":"2025-03-26T12:20:27","date_gmt":"2025-03-26T15:20:27","guid":{"rendered":"https:\/\/guialimeira.com.br\/?p=28172"},"modified":"2025-03-26T12:20:27","modified_gmt":"2025-03-26T15:20:27","slug":"diploma-semana-da-mulher-camara-homenageia-21-personalidades","status":"publish","type":"post","link":"https:\/\/guialimeira.com.br\/news\/diploma-semana-da-mulher-camara-homenageia-21-personalidades\/","title":{"rendered":"Diploma Semana da Mulher: C\u00e2mara homenageia 21 personalidades"},"content":{"rendered":"\n<figure class=\"wp-block-gallery has-nested-images columns-default is-cropped wp-block-gallery-1 is-layout-flex wp-block-gallery-is-layout-flex\"><\/figure>\n \r\n<br><img data-recalc-dims=\"1\" decoding=\"async\" src=\"https:\/\/i0.wp.com\/guialimeira.com.br\/wp-content\/uploads\/2025\/03\/2025-03-26_diploma-semana-da-mulher-camara-homenageia-21-personalidades_1.jpg?w=696&#038;ssl=1\" \/><br><div>\n\t\t\t\t\t<p>Na noite desta quarta-feira, 26 de mar\u00e7o, os vereadores da C\u00e2mara Municipal de Limeira realizaram a entrega do Diploma Semana da Mulher. A homenagem foi proposta por meio do <a href=\"https:\/\/consulta.limeira.sp.leg.br\/Documentos\/Documento\/368927\" rel=\"noopener\">Projeto de Decreto Legislativo N\u00ba 3\/2025<\/a> de autoria da Procuradoria Especial da Mulher, composta pelas vereadoras Lu Bogo (PL), Isabelly Carvalho (PL), Mara Isa Mattos Silveira (PL), Mariana Calsa (MDB) e Tatiane Lopes (Avante). Cada um dos 21 vereadores indicaram personalidades que se destacam e desenvolvem a\u00e7\u00f5es educativas, de sa\u00fade, pol\u00edticas e combate \u00e0 viol\u00eancia acerca da situa\u00e7\u00e3o da mulher na sociedade.\u00a0<\/p><p>A sess\u00e3o contou com a participa\u00e7\u00e3o de todos os vereadores da Casa juntamente com o prefeito Murilo F\u00e9lix (PODE) e a primeira-dama, Luciana F\u00e9lix; o secret\u00e1rio de Cultura, S\u00edlvio Britto e a secret\u00e1ria de Meio Ambiente e Agricultura, Antonieta Polatto.<\/p><p>A solenidade foi transmitida pelos canais de comunica\u00e7\u00e3o do Legislativo e pode ser conferida na \u00edntegra neste <a href=\"https:\/\/youtu.be\/nFwbhaYUgYc?t=2587\" rel=\"noopener\">link<\/a>.<\/p><p><strong>As homenageadas\u00a0<\/strong><\/p><p>Durante o evento, as 21 mulheres receberam o Diploma da Semana da Mulher, entregue pelo pr\u00f3prio parlamentar que as indicaram; ao lado dos vereadores Everton Ferreira (PSD) e Lu Bogo (PL), como tamb\u00e9m do secret\u00e1rio de Cultura, Silvio Britto como forma de reconhecimento.\u00a0<\/p><p>\u201cTenho certeza que cada mulher aqui presente \u00e9 muito especial e merecedora, voc\u00eas t\u00eam brilho, t\u00eam muito a ensinar e compartilhar. Al\u00e9m da refer\u00eancia do trabalho do dia a dia nas comunidades, voc\u00eas s\u00e3o filhas, esposas, m\u00e3es, tias e amigas, esse diploma \u00e9 homenagem do Dia Internacional da Mulher \u00e9 simb\u00f3lico perto de tudo que voc\u00eas representam para n\u00f3s\u201d, disse a procuradora Especial da Mulher, vereadora Lu Bogo.<\/p><p><strong>Personalidades<\/strong><\/p><p>\u00c9rica Lucimayre Ganzarolli Sinico &#8211; Anderson Pereira (PSD);<\/p><p>Edna Alexandre Sanches &#8211; Elias Barbosa (PRTB);<\/p><p>Pastora Maria Rosa do Prado Pires &#8211; Estev\u00e3o Nogueira (Avante);<\/p><p>Manoela Aparecida Soares da Silva &#8211; Everton Ferreira (PSD);<\/p><p>Maria Alice Martins Zulske &#8211; Felipe Penedo (PL);<\/p><p>Priscila Metzker &#8211; Guilherme Guido (PL);<\/p><p>C\u00e9lia Pires de Santana &#8211; Helder do T\u00e1xi (PSD);<\/p><p>Fabiana Fioretti Shiraga &#8211; Isabelly Carvalho (PT);<\/p><p>Ros\u00e2ngela Viegas de Ara\u00fajo Pereira &#8211; Jo\u00e3o Antunes Bano (SD);<\/p><p>Idalina Fernandes Maciel \u2013 Z\u00e9 da Farm\u00e1cia (SD);<\/p><p>Marlene Mengato Paleta \u2013 Carlinhos do Grotta (PL);<\/p><p>J\u00fania Mariano Rodrigues Pereira &#8211; Lu Bogo (PL);<\/p><p>Angela Maria Messias Moraes &#8211; Mara Isa Mattos Silveira (PL);<\/p><p>Maria Jos\u00e9 Ferreira Hebling &#8211; Dr. Marcelo Rossi (MDB);<\/p><p>Maria Teresinha Brisolla Nilsson Spagnolo &#8211; M\u00e1rcio do Estacionamento (DC);<\/p><p>Solange De Jesus Correa &#8211; Mariana Calsa (MDB);<\/p><p>Terezinha Amaral &#8211; Nilton Santos (Republicanos);<\/p><p>Pastora Ana Carolina Degan &#8211; Sidney Pascotto (PRTB);<\/p><p>Luciana Avigo F\u00e9lix &#8211; Tatiane Lopes (Avante);<\/p><p>Nair Gentil Facco \u2013 Costa J\u00fanior (Podemos);<\/p><p>Leilamar Aparecida De Jesus Mota Oliveira \u2013 Waguinho da Santa Luzia (PP).<\/p>\t\t\t\t<\/div>\r\n<br>\r\n<br><a href=\"https:\/\/www.limeira.sp.leg.br\/noticias\/view\/2025-03-26_diploma-semana-da-mulher-camara-homenageia-21-personalidades\" rel=\"noopener\">Informa\u00e7\u00f5es CML <\/a>","protected":false},"excerpt":{"rendered":"<p>Na noite desta quarta-feira, 26 de mar\u00e7o, os vereadores da C\u00e2mara Municipal de Limeira realizaram a entrega do Diploma Semana da Mulher. A homenagem foi proposta por meio do Projeto de Decreto Legislativo N\u00ba 3\/2025 de autoria da Procuradoria Especial da Mulher, composta pelas vereadoras Lu Bogo (PL), Isabelly Carvalho (PL), Mara Isa Mattos Silveira [&hellip;]<\/p>\n","protected":false},"author":1,"featured_media":28173,"comment_status":"open","ping_status":"open","sticky":false,"template":"","format":"standard","meta":{"_jetpack_newsletter_access":"","_jetpack_dont_email_post_to_subs":false,"_jetpack_newsletter_tier_id":0,"_jetpack_memberships_contains_paywalled_content":false,"_mbp_banners":[],"_jetpack_feature_clip_id":0,"_jetpack_memberships_contains_paid_content":false,"footnotes":"","jetpack_publicize_message":"","jetpack_publicize_feature_enabled":true,"jetpack_social_post_already_shared":true,"jetpack_social_options":{"image_generator_settings":{"template":"highway","default_image_id":0,"font":"","enabled":false},"version":2},"jetpack_post_was_ever_published":false},"categories":[19],"tags":[],"class_list":["post-28172","post","type-post","status-publish","format-standard","has-post-thumbnail","category-politica"],"jetpack_publicize_connections":[],"jetpack-related-posts":[],"jetpack_shortlink":"https:\/\/wp.me\/p7Eq1F-7ko","jetpack_sharing_enabled":true,"jetpack_featured_media_url":"https:\/\/i0.wp.com\/guialimeira.com.br\/news\/wp-content\/uploads\/2025\/03\/Diploma-Semana-da-Mulher-Camara-homenageia-21-personalidades.jpg?fit=1280%2C640&ssl=1","_links":{"self":[{"href":"https:\/\/guialimeira.com.br\/news\/wp-json\/wp\/v2\/posts\/28172","targetHints":{"allow":["GET"]}}],"collection":[{"href":"https:\/\/guialimeira.com.br\/news\/wp-json\/wp\/v2\/posts"}],"about":[{"href":"https:\/\/guialimeira.com.br\/news\/wp-json\/wp\/v2\/types\/post"}],"author":[{"embeddable":true,"href":"https:\/\/guialimeira.com.br\/news\/wp-json\/wp\/v2\/users\/1"}],"replies":[{"embeddable":true,"href":"https:\/\/guialimeira.com.br\/news\/wp-json\/wp\/v2\/comments?post=28172"}],"version-history":[{"count":1,"href":"https:\/\/guialimeira.com.br\/news\/wp-json\/wp\/v2\/posts\/28172\/revisions"}],"predecessor-version":[{"id":28174,"href":"https:\/\/guialimeira.com.br\/news\/wp-json\/wp\/v2\/posts\/28172\/revisions\/28174"}],"wp:featuredmedia":[{"embeddable":true,"href":"https:\/\/guialimeira.com.br\/news\/wp-json\/wp\/v2\/media\/28173"}],"wp:attachment":[{"href":"https:\/\/guialimeira.com.br\/news\/wp-json\/wp\/v2\/media?parent=28172"}],"wp:term":[{"taxonomy":"category","embeddable":true,"href":"https:\/\/guialimeira.com.br\/news\/wp-json\/wp\/v2\/categories?post=28172"},{"taxonomy":"post_tag","embeddable":true,"href":"https:\/\/guialimeira.com.br\/news\/wp-json\/wp\/v2\/tags?post=28172"}],"curies":[{"name":"wp","href":"https:\/\/api.w.org\/{rel}","templated":true}]}}