{"id":2817,"date":"2024-04-25T19:01:44","date_gmt":"2024-04-25T22:01:44","guid":{"rendered":"https:\/\/guialimeira.com.br\/2024\/04\/25\/semana-da-danca-encerra-16a-edicao-com-oficinas-na-estacao-da-paulista-portal-do-municipio-de-piracicaba\/"},"modified":"2024-04-25T19:01:44","modified_gmt":"2024-04-25T22:01:44","slug":"semana-da-danca-encerra-16a-edicao-com-oficinas-na-estacao-da-paulista-portal-do-municipio-de-piracicaba","status":"publish","type":"post","link":"https:\/\/guialimeira.com.br\/news\/semana-da-danca-encerra-16a-edicao-com-oficinas-na-estacao-da-paulista-portal-do-municipio-de-piracicaba\/","title":{"rendered":"Semana da Dan\u00e7a encerra 16\u00aa edi\u00e7\u00e3o com oficinas na Esta\u00e7\u00e3o da Paulista \u2013 Portal do Munic\u00edpio de Piracicaba"},"content":{"rendered":"<p> <br \/>\n<\/p>\n<div>\n<figure class=\"text-center\">\n<img data-recalc-dims=\"1\" width=\"696\" height=\"557\" src=\"https:\/\/i0.wp.com\/piracicaba.sp.gov.br\/wp-content\/uploads\/2024\/04\/Corpo-tecnico-da-Adapi-Associacao-de-Danca-de-Piracicaba-1024x819.jpeg?resize=696%2C557&#038;ssl=1\" class=\"img-fluid img-thumbnail border-1 wp-post-image\" alt=\"Corpo t\u00e9cnico da Adapi (Associa\u00e7\u00e3o de Dan\u00e7a de Piracicaba)\" itemprop=\"image\" decoding=\"async\" fetchpriority=\"high\" srcset=\"https:\/\/piracicaba.sp.gov.br\/wp-content\/uploads\/2024\/04\/Corpo-tecnico-da-Adapi-Associacao-de-Danca-de-Piracicaba-1024x819.jpeg 1024w, https:\/\/piracicaba.sp.gov.br\/wp-content\/uploads\/2024\/04\/Corpo-tecnico-da-Adapi-Associacao-de-Danca-de-Piracicaba-300x240.jpeg 300w, https:\/\/piracicaba.sp.gov.br\/wp-content\/uploads\/2024\/04\/Corpo-tecnico-da-Adapi-Associacao-de-Danca-de-Piracicaba-768x614.jpeg 768w, https:\/\/piracicaba.sp.gov.br\/wp-content\/uploads\/2024\/04\/Corpo-tecnico-da-Adapi-Associacao-de-Danca-de-Piracicaba.jpeg 1280w\" sizes=\"(max-width: 1024px) 100vw, 1024px\"\/><figcaption class=\"text-center small fw-bold fst-italic mt-1\">Corpo t\u00e9cnico da Adapi (Associa\u00e7\u00e3o de Dan\u00e7a de Piracicaba)<\/figcaption><\/figure>\n<p>A 16\u00aa Semana da Dan\u00e7a, realizada pela Adapi (Associa\u00e7\u00e3o de Dan\u00e7a de Piracicaba), com apoio da Prefeitura de Piracicaba, por meio da Semac (Secretaria Municipal da A\u00e7\u00e3o Cultural), encerra atividades neste domingo, 28\/04, com mais uma s\u00e9rie de oficinas no Armaz\u00e9m Maria Dirce de Camargo, na Esta\u00e7\u00e3o da Paulista, das 9h \u00e0s 18h. As vagas j\u00e1 est\u00e3o esgotadas.<\/p>\n<p>A Semana da Dan\u00e7a \u00e9 institu\u00edda pela Lei Municipal 5.8549\/2006 e visa estimular todas as vertentes do segmento a aprimorar os conhecimentos, sob v\u00e1rios aspectos e modalidades art\u00edsticas.<\/p>\n<figure class=\"wp-block-image size-full\"><img data-recalc-dims=\"1\" loading=\"lazy\" decoding=\"async\" width=\"537\" height=\"749\" src=\"https:\/\/i0.wp.com\/piracicaba.sp.gov.br\/wp-content\/uploads\/2024\/04\/Giselle-Bellas-e-bailarina-e-professora-de-danca-do-ventre.png?resize=537%2C749&#038;ssl=1\" alt=\"Giselle Bellas \u00e9 bailarina e professora de dan\u00e7a do ventre\" class=\"wp-image-77892\" srcset=\"https:\/\/piracicaba.sp.gov.br\/wp-content\/uploads\/2024\/04\/Giselle-Bellas-e-bailarina-e-professora-de-danca-do-ventre.png 537w, https:\/\/piracicaba.sp.gov.br\/wp-content\/uploads\/2024\/04\/Giselle-Bellas-e-bailarina-e-professora-de-danca-do-ventre-215x300.png 215w\" sizes=\"auto, (max-width: 537px) 100vw, 537px\"\/><figcaption class=\"wp-element-caption\"><strong><em>Giselle Bellas \u00e9 bailarina e professora de dan\u00e7a do ventre<\/em><\/strong><\/figcaption><\/figure>\n<p>A primeira oficina deste domingo \u00e9 de bal\u00e9 cl\u00e1ssico, das 9h \u00e0s 10h30, com o professor Alan Marques, e segue das 13h \u00e0s 14h45 com a Oficina de Dan\u00e7a Contempor\u00e2nea, com o professor Arilton Assun\u00e7\u00e3o. Na sequ\u00eancia, acontece das 15h \u00e0s 16h30 a Oficina de Sapateado com o professor Filipe Sampaio. O encerramento ser\u00e1 com a Oficina de Dan\u00e7a do Ventre, das 16h30 \u00e0s 18h, com a professora Giselle Bellas.<\/p>\n<p>As apresenta\u00e7\u00f5es de escolas e companhias da cidade dentro da programa\u00e7\u00e3o da 16\u00aa Semana da Dan\u00e7a aconteceram na semana passada, entre os dias 19 e 20\/04, no Teatro Municipal Erotides de Campos, o Teatro do Engenho. J\u00e1 o primeiro ciclo de oficinas aconteceu dia 14\/04, tamb\u00e9m no Armaz\u00e9m Maria Dirce da Esta\u00e7\u00e3o da Paulista.<\/p>\n<figure class=\"wp-block-image size-full\"><img data-recalc-dims=\"1\" loading=\"lazy\" decoding=\"async\" width=\"696\" height=\"707\" src=\"https:\/\/i0.wp.com\/piracicaba.sp.gov.br\/wp-content\/uploads\/2024\/04\/Alan-Marques-ministra-oficina-de-Ballet-Classico.png?resize=696%2C707&#038;ssl=1\" alt=\"Alan Marques ministra oficina de Ballet Cl\u00e1ssico\" class=\"wp-image-77891\" srcset=\"https:\/\/piracicaba.sp.gov.br\/wp-content\/uploads\/2024\/04\/Alan-Marques-ministra-oficina-de-Ballet-Classico.png 793w, https:\/\/piracicaba.sp.gov.br\/wp-content\/uploads\/2024\/04\/Alan-Marques-ministra-oficina-de-Ballet-Classico-295x300.png 295w, https:\/\/piracicaba.sp.gov.br\/wp-content\/uploads\/2024\/04\/Alan-Marques-ministra-oficina-de-Ballet-Classico-768x781.png 768w\" sizes=\"auto, (max-width: 793px) 100vw, 793px\"\/><figcaption class=\"wp-element-caption\"><strong><em>Alan Marques ministra oficina de Ballet Cl\u00e1ssico<\/em><\/strong><\/figcaption><\/figure>\n<p>Jussara Sansigolo, presidente da Adapi, fala sobre a edi\u00e7\u00e3o deste ano. \u201cA Adapi est\u00e1 muito feliz e realizada com essa fus\u00e3o de modalidades e uni\u00e3o da dan\u00e7a na cidade. Somos gratos pela parceria com a Semac, que nos permite impulsionar esta arte em Piracicaba\u201d.<\/p>\n<p><strong>SERVI\u00c7O<\/strong>\u00a0\u2013 16\u00aa Semana da Dan\u00e7a de Piracicaba. Domingo, 28\/04, das 9h \u00e0s 18h, no Armaz\u00e9m Maria Dirce de Camargo da Esta\u00e7\u00e3o da Paulista. Na avenida Dr. Paulo de Moraes, 1580, no bairro Paulista. Entrada gratuita. Informa\u00e7\u00f5es: 3403-2600.<\/p>\n<\/div>\n<p><br \/>\n<br \/><a href=\"https:\/\/piracicaba.sp.gov.br\/noticias\/semana-da-danca-encerra-16a-edicao-com-oficinas-na-estacao-da-paulista\/\" rel=\"noopener\">Informa\u00e7\u00f5es PMP <\/a><\/p>\n","protected":false},"excerpt":{"rendered":"<p>Corpo t\u00e9cnico da Adapi (Associa\u00e7\u00e3o de Dan\u00e7a de Piracicaba) A 16\u00aa Semana da Dan\u00e7a, realizada pela Adapi (Associa\u00e7\u00e3o de Dan\u00e7a de Piracicaba), com apoio da Prefeitura de Piracicaba, por meio da Semac (Secretaria Municipal da A\u00e7\u00e3o Cultural), encerra atividades neste domingo, 28\/04, com mais uma s\u00e9rie de oficinas no Armaz\u00e9m Maria Dirce de Camargo, na [&hellip;]<\/p>\n","protected":false},"author":1,"featured_media":2818,"comment_status":"open","ping_status":"open","sticky":false,"template":"","format":"standard","meta":{"_jetpack_newsletter_access":"","_jetpack_dont_email_post_to_subs":false,"_jetpack_newsletter_tier_id":0,"_jetpack_memberships_contains_paywalled_content":false,"_mbp_banners":[],"_jetpack_feature_clip_id":0,"_jetpack_memberships_contains_paid_content":false,"footnotes":"","jetpack_publicize_message":"","jetpack_publicize_feature_enabled":true,"jetpack_social_post_already_shared":true,"jetpack_social_options":{"image_generator_settings":{"template":"highway","default_image_id":0,"font":"","enabled":false},"version":2},"jetpack_post_was_ever_published":false},"categories":[20],"tags":[],"class_list":["post-2817","post","type-post","status-publish","format-standard","has-post-thumbnail","category-regiao"],"jetpack_publicize_connections":[],"jetpack-related-posts":[],"jetpack_shortlink":"https:\/\/wp.me\/p7Eq1F-Jr","jetpack_sharing_enabled":true,"jetpack_featured_media_url":"https:\/\/i0.wp.com\/guialimeira.com.br\/news\/wp-content\/uploads\/2024\/04\/Corpo-tecnico-da-Adapi-Associacao-de-Danca-de-Piracicaba.jpeg?fit=1280%2C1024&ssl=1","_links":{"self":[{"href":"https:\/\/guialimeira.com.br\/news\/wp-json\/wp\/v2\/posts\/2817","targetHints":{"allow":["GET"]}}],"collection":[{"href":"https:\/\/guialimeira.com.br\/news\/wp-json\/wp\/v2\/posts"}],"about":[{"href":"https:\/\/guialimeira.com.br\/news\/wp-json\/wp\/v2\/types\/post"}],"author":[{"embeddable":true,"href":"https:\/\/guialimeira.com.br\/news\/wp-json\/wp\/v2\/users\/1"}],"replies":[{"embeddable":true,"href":"https:\/\/guialimeira.com.br\/news\/wp-json\/wp\/v2\/comments?post=2817"}],"version-history":[{"count":0,"href":"https:\/\/guialimeira.com.br\/news\/wp-json\/wp\/v2\/posts\/2817\/revisions"}],"wp:featuredmedia":[{"embeddable":true,"href":"https:\/\/guialimeira.com.br\/news\/wp-json\/wp\/v2\/media\/2818"}],"wp:attachment":[{"href":"https:\/\/guialimeira.com.br\/news\/wp-json\/wp\/v2\/media?parent=2817"}],"wp:term":[{"taxonomy":"category","embeddable":true,"href":"https:\/\/guialimeira.com.br\/news\/wp-json\/wp\/v2\/categories?post=2817"},{"taxonomy":"post_tag","embeddable":true,"href":"https:\/\/guialimeira.com.br\/news\/wp-json\/wp\/v2\/tags?post=2817"}],"curies":[{"name":"wp","href":"https:\/\/api.w.org\/{rel}","templated":true}]}}