{"id":28168,"date":"2025-03-26T12:15:23","date_gmt":"2025-03-26T15:15:23","guid":{"rendered":"https:\/\/guialimeira.com.br\/2025\/03\/26\/brasil-e-japao-firmam-acordos-e-plano-de-acao-para-ampliar-parcerias\/"},"modified":"2025-03-26T12:15:23","modified_gmt":"2025-03-26T15:15:23","slug":"brasil-e-japao-firmam-acordos-e-plano-de-acao-para-ampliar-parcerias","status":"publish","type":"post","link":"https:\/\/guialimeira.com.br\/news\/brasil-e-japao-firmam-acordos-e-plano-de-acao-para-ampliar-parcerias\/","title":{"rendered":"Brasil e Jap\u00e3o firmam acordos e plano de a\u00e7\u00e3o para ampliar parcerias"},"content":{"rendered":"<p> <br \/>\n<\/p>\n<div>\n<p><strong>Brasil e Jap\u00e3o assinaram, nesta quarta-feira (26), em T\u00f3quio<\/strong>, dez acordos de coopera\u00e7\u00e3o em \u00e1reas como com\u00e9rcio, ind\u00fastria e meio ambiente, al\u00e9m de 80 instrumentos entre entidades subnacionais como empresas, bancos, universidades e institutos de pesquisas. Os dois pa\u00edses tamb\u00e9m anunciaram um plano de a\u00e7\u00e3o para revitalizar a Parceria Estrat\u00e9gica Global, um n\u00edvel mais elevado nas rela\u00e7\u00f5es diplom\u00e1ticas estabelecidas desde 2014.<img data-recalc-dims=\"1\" decoding=\"async\" src=\"https:\/\/i0.wp.com\/agenciabrasil.ebc.com.br\/ebc.png?w=696&#038;ssl=1\" style=\"width:1px; height:1px; display:inline;\"\/><img data-recalc-dims=\"1\" decoding=\"async\" src=\"https:\/\/i0.wp.com\/agenciabrasil.ebc.com.br\/ebc.gif?w=696&#038;ssl=1\" style=\"width:1px; height:1px; display:inline;\"\/><\/p>\n<p>Os atos ocorreram em reuni\u00e3o do presidente Luiz In\u00e1cio Lula da Silva e do primeiro-ministro do Jap\u00e3o, Shigeru Ishiba, em T\u00f3quio, capital japonesa. <a href=\"https:\/\/agenciabrasil.ebc.com.br\/internacional\/noticia\/2025-03\/lula-viaja-ao-japao-para-discutir-acordo-com-mercosul-e-carne-bovina\" target=\"_blank\" rel=\"noopener\">Lula est\u00e1 em visita de Estado ao pa\u00eds asi\u00e1tico<\/a> e, em declara\u00e7\u00e3o ap\u00f3s o encontro, afirmou que as rela\u00e7\u00f5es Brasil-Jap\u00e3o ganharam uma nova dimens\u00e3o.<\/p>\n<p>Segundo ele, ser\u00e3o realizados encontros peri\u00f3dicos entre equipes governamentais, a cada dois anos. \u201cIsso reflete o grau de ambi\u00e7\u00e3o do relacionamento Brasil-Jap\u00e3o\u201d, afirmou.<\/p>\n<p><strong>\u201cO Jap\u00e3o \u00e9 um pa\u00eds democr\u00e1tico, desenvolvido do ponto de vista econ\u00f4mico, cient\u00edfico e tecnol\u00f3gico. O Brasil \u00e9 um pa\u00eds que acompanha a passos largos a necessidade de se desenvolver, de investir em educa\u00e7\u00e3o, ci\u00eancia e tecnologia e em pesquisa porque temos consci\u00eancia que n\u00e3o h\u00e1 possibilidade de um pa\u00eds crescer, se desenvolver, ficar rico, se n\u00e3o houver um maci\u00e7o e forte investimento em educa\u00e7\u00e3o\u201d<\/strong>, disse Lula.<\/p>\n<p>Para o presidente, o Brasil deve aprender com o Jap\u00e3o e colocar em pr\u00e1tica os avan\u00e7os que o pa\u00eds asi\u00e1tico obteve nos \u00faltimos anos. Neste sentido, ele afirmou a prioridade em \u201ccuidar\u201d dos 211 mil brasileiros que residem no Jap\u00e3o e reiterou a import\u00e2ncia do ensino do japon\u00eas para inclus\u00e3o das 30 mil crian\u00e7as e adolescentes brasileiros no ensino p\u00fablico do pa\u00eds.<\/p>\n<p><strong>O primeiro-ministro Ishiba concordou<\/strong> que a promo\u00e7\u00e3o de interc\u00e2mbio pessoal \u00e9 uma das bases da coopera\u00e7\u00e3o bilateral.<\/p>\n<p>Al\u00e9m do plano de a\u00e7\u00e3o de parceria estrat\u00e9gica, os dois pa\u00edses assinaram atos sobre iniciativa para combust\u00edveis sustent\u00e1veis e mobilidade, de integra\u00e7\u00e3o industrial, na \u00e1rea de ci\u00eancia, tecnologia e inova\u00e7\u00e3o, recupera\u00e7\u00e3o de terras degradadas, meio ambiente, educa\u00e7\u00e3o, em tecnologia da informa\u00e7\u00e3o e comunica\u00e7\u00e3o e inclus\u00e3o digital, em redu\u00e7\u00e3o de riscos de desastres relacionados \u00e0 \u00e1gua e na \u00e1rea de sa\u00fade.<\/p>\n<h2>Biocombust\u00edveis<\/h2>\n<p><strong>O presidente Lula destacou que a recente decis\u00e3o do Jap\u00e3o de incrementar o uso de bicombust\u00edveis no transporte e na avia\u00e7\u00e3o abre espa\u00e7o para os dois pa\u00edses<\/strong> \u201ctrabalharem juntos pela transi\u00e7\u00e3o energ\u00e9tica\u201d, al\u00e9m de atrair investimentos para produ\u00e7\u00e3o no Brasil. \u201cQueremos aumentar o nosso com\u00e9rcio, queremos fazer parceria com a ind\u00fastria, que o Jap\u00e3o adote no Brasil a perceptiva da produ\u00e7\u00e3o do etanol, do hidrog\u00eanio verde e do combust\u00edvel renov\u00e1vel\u201d, explicou.<\/p>\n<p>Nesta ter\u00e7a-feira (25), em reuni\u00e3o com empres\u00e1rios, <strong>Lula tamb\u00e9m falou sobre a inten\u00e7\u00e3o do Brasil de elevar a mistura de etanol na gasolina de 27% para 30% e da adi\u00e7\u00e3o de biodiesel no diesel f\u00f3ssil<\/strong>. \u201cA descarboniza\u00e7\u00e3o \u00e9 um caminho sem volta e \u00e9 perfeitamente compat\u00edvel com o objetivo de seguran\u00e7a energ\u00e9tica\u201d, reafirmou o presidente.<\/p>\n<p>Lula lembrou que o Jap\u00e3o foi o primeiro pa\u00eds asi\u00e1tico a contribuir com o Fundo Amaz\u00f4nia &#8211; R$ 14 milh\u00f5es. Criado em 2008, o fundo apoiou 107 iniciativas de redu\u00e7\u00e3o de emiss\u00f5es provenientes de desmatamento e degrada\u00e7\u00e3o florestal.<\/p>\n<p>\u201cJap\u00e3o e Brasil seguir\u00e3o trabalhando juntos em medidas de mitiga\u00e7\u00e3o e adapta\u00e7\u00e3o \u00e0 mudan\u00e7a do clima, combate ao desmatamento e preven\u00e7\u00e3o de desastres naturais\u201d, disse, cobrando que os pa\u00edses apresentem \u201cmetas ambiciosas\u201d de redu\u00e7\u00e3o de emiss\u00e3o de gases de efeitos estufa na pr\u00f3xima <a href=\"https:\/\/agenciabrasil.ebc.com.br\/politica\/noticia\/2025-03\/lula-pede-firme-engajamento-do-japao-na-cop30\" target=\"_blank\" rel=\"noopener\">Confer\u00eancia das Na\u00e7\u00f5es Unidas sobre as Mudan\u00e7as Clim\u00e1ticas de 2025 (COP30)<\/a>, que ser\u00e1 realizada em novembro, em Bel\u00e9m, no Par\u00e1.<\/p>\n<h2>Mercosul<\/h2>\n<p><strong>No pr\u00f3ximo semestre, o Brasil assume a presid\u00eancia do Mercosul e a expectativa de Lula \u00e9 negociar um acordo comercial do Jap\u00e3o com o bloco sul-americano<\/strong>. O primeiro-ministro japon\u00eas, Shigeru Ishiba, ratificou o \u201cforte desejo\u201d de elevar as rela\u00e7\u00f5es econ\u00f4micas com o Mercosul a patamares ainda maiores.<\/p>\n<p><a href=\"https:\/\/agenciabrasil.ebc.com.br\/politica\/noticia\/2025-03\/lula-quer-recuperar-us-6-bilhoes-do-comercio-com-o-japao\" target=\"_blank\" rel=\"noopener\">O com\u00e9rcio entre Brasil e Jap\u00e3o tamb\u00e9m pode ser aumentado<\/a>, concordaram os mandat\u00e1rios. Antes da reuni\u00e3o oficial, os dois participaram de um f\u00f3rum com empres\u00e1rios, o que, segundo Lula, \u201campliou os horizontes para coopera\u00e7\u00e3o com o setor privado\u201d.<\/p>\n<p>Em 2011, o fluxo da balan\u00e7a comercial entre os dois pa\u00edses chegou a US$ 17 bilh\u00f5es e, em 2024, caiu para US$ 11 bilh\u00f5es. O Jap\u00e3o \u00e9 o segundo maior parceiro do Brasil na \u00c1sia, atr\u00e1s apenas da China, e o 11\u00ba maior parceiro comercial do Brasil no mundo. \u00c9 a nona origem de investimentos estrangeiros no Brasil, com cerca de US$ 35 bilh\u00f5es de estoque de investimento em 2023.<\/p>\n<div class=\"dnd-widget-wrapper context-cheio_8colunas type-image\">\n<div class=\"dnd-atom-rendered\"><!-- scald=418624:cheio_8colunas --><br \/>\n            <img data-recalc-dims=\"1\" decoding=\"async\" src=\"https:\/\/i0.wp.com\/imagens.ebc.com.br\/C-064dl6dC4tyzD1DCZ6L0chejQ%3D\/754x0\/smart\/https%3A\/\/agenciabrasil.ebc.com.br\/sites\/default\/files\/thumbnails\/image\/2025\/03\/26\/54410864516_c1cb9284a2_o.jpg?w=696&#038;ssl=1\" alt=\"Presidente da Rep\u00fablica, Luiz In\u00e1cio Lula da Silva, durante Sess\u00e3o de encerramento do F\u00f3rum Empresarial Brasil-Jap\u00e3o.&#13;&#10;Hotel New Otani, T\u00f3quio - Jap\u00e3o.&#13;&#10;\u00a0&#13;&#10;Foto: Ricardo Stuckert \/ PR\" title=\"Ricardo Stuckert \/ PR\"\/><br \/>\n        <img data-recalc-dims=\"1\" decoding=\"async\" src=\"https:\/\/i0.wp.com\/imagens.ebc.com.br\/C-064dl6dC4tyzD1DCZ6L0chejQ%3D\/754x0\/smart\/https%3A\/\/agenciabrasil.ebc.com.br\/sites\/default\/files\/thumbnails\/image\/2025\/03\/26\/54410864516_c1cb9284a2_o.jpg?w=696&#038;ssl=1\" alt=\"Presidente da Rep\u00fablica, Luiz In\u00e1cio Lula da Silva, durante Sess\u00e3o de encerramento do F\u00f3rum Empresarial Brasil-Jap\u00e3o.&#13;&#10;Hotel New Otani, T\u00f3quio - Jap\u00e3o.&#13;&#10;\u00a0&#13;&#10;Foto: Ricardo Stuckert \/ PR\" title=\"Ricardo Stuckert \/ PR\"\/><br \/>\n    <!-- END scald=418624 --><\/div>\n<div class=\"dnd-caption-wrapper\">\n<p><!--copyright=418624-->Lula participou do encerramento do F\u00f3rum Empresarial Brasil-Jap\u00e3o. Foto &#8211; <strong>Ricardo Stuckert \/ PR<\/strong><!--END copyright=418624--><\/p>\n<\/div>\n<\/div>\n<p>Ishiba lembrou que o montante de investimentos diretos de empresas japonesas no Brasil, a partir de 2024, soma R$ 45 bilh\u00f5es. \u201cIsso \u00e9 prova da expectativa do fortalecimento das rela\u00e7\u00f5es econ\u00f4micas\u201d, avaliou.<\/p>\n<p>Al\u00e9m disso, o Brasil hospeda a maior comunidade nikkei fora do Jap\u00e3o, com cerca de dois milh\u00f5es de pessoas, enquanto o Jap\u00e3o abriga a quinta maior comunidade brasileira no exterior &#8211; perto de 200 mil pessoas.<\/p>\n<h2>Extremismo<\/h2>\n<p>\u201cO primeiro-ministro e eu concordamos que a sustentabilidade, a paz e a democracia s\u00e3o essenciais para o futuro do planeta. O extremismo, o discurso de \u00f3dio e as not\u00edcias falsas solapam institui\u00e7\u00f5es e fomentam a intoler\u00e2ncia\u201d, disse Lula ao lado do primeiro-ministro do Jap\u00e3o, Shigeru Ishiba.<\/p>\n<p><strong>Durante o encontro, os dois l\u00edderes conversaram sobre as crises e guerras em curso no mundo, como na Ucr\u00e2nia e no Oriente M\u00e9dio<\/strong>. Lula e Ishiba defenderam o fortalecimento do multilateralismo e a uni\u00e3o de esfor\u00e7os em defesa de interesses comuns.<\/p>\n<p>\u201cNa Ucr\u00e2nia, sempre defendi que todas as partes interessadas participem das negocia\u00e7\u00f5es em prol de uma paz duradoura. Por isso, o Brasil e outros pa\u00edses emergentes criaram um grupo de paz. A situa\u00e7\u00e3o no Oriente M\u00e9dio exige respostas urgentes da comunidade internacional. A recente viola\u00e7\u00e3o do cessar-fogo em Gaza soma-se a uma sequ\u00eancia de afrontas ao direito humanit\u00e1rio\u201d, frisou Lula.<\/p>\n<p><strong>\u00a0\u201cN\u00f3s entendemos que o mundo atravessa uma situa\u00e7\u00e3o pol\u00edtica dif\u00edcil, uma situa\u00e7\u00e3o econ\u00f4mica complicada e muita insensibilidade na rela\u00e7\u00e3o pol\u00edtica entre os Estados\u201d<\/strong>, alertou o presidente, citando que a Europa, antes um lugar em que se vivia com tranquilidade, hoje se prepara para comprar armas para investimento em seu armamento em raz\u00e3o da guerra na Ucr\u00e2nia.<\/p>\n<p><strong>Lula ainda lamentou a morte do cidad\u00e3o brasileiro Walid Khalid Abdalla Ahmad, de 17 anos, na pris\u00e3o israelense de Megido<\/strong>. O adolescente, residente da Cisjord\u00e2nia, no Estado da Palestina, foi detido em 30 de setembro de 2024 na Palestina ocupada, e levado por for\u00e7as israelenses \u00e0 pris\u00e3o em Israel.<\/p>\n<p>\u201cN\u00f3s estamos vendo com muita seriedade o fim do cessar-fogo na Faixa de Gaza, onde muitas pessoas j\u00e1 foram mortas e essa semana n\u00f3s tivemos a tristeza de ver um brasileiro que foi preso na pris\u00e3o em Israel\u201d, destacou o presidente.<\/p>\n<p><strong>Esta \u00e9 a quinta visita do presidente Lula ao Jap\u00e3o, mas a primeira visita de Estado<\/strong>. No Jap\u00e3o, as visitas de Estado &#8211; consideradas as mais relevantes do ponto de vista diplom\u00e1tico &#8211; s\u00e3o organizadas, no m\u00e1ximo, uma vez por ano, e esta \u00e9 a primeira visita de Estado organizada pelo Jap\u00e3o desde 2019.<\/p>\n<p>A comitiva brasileira em T\u00f3quio \u00e9 composta pelo presidente, a primeira-dama Janja Lula da Silva, ministros, parlamentares, empres\u00e1rios e sindicalistas. A visita come\u00e7ou nessa ter\u00e7a-feira (25) e prossegue at\u00e9 quinta-feira (27), quando o presidente parte para Han\u00f3i, no Vietn\u00e3, para a segunda parte da viagem \u00e0 \u00c1sia.<\/p>\n<p>      <!-- Relacionada --><\/p>\n<p>            <!-- Relacionada -->\n    <\/div>\n<p><br \/>\n<br \/><a href=\"https:\/\/agenciabrasil.ebc.com.br\/internacional\/noticia\/2025-03\/brasil-e-japao-firmam-acordos-e-plano-de-acao-para-ampliar-parceria\" rel=\"noopener\">Ag\u00eancia Brasil <\/a><\/p>\n","protected":false},"excerpt":{"rendered":"<p>Brasil e Jap\u00e3o assinaram, nesta quarta-feira (26), em T\u00f3quio, dez acordos de coopera\u00e7\u00e3o em \u00e1reas como com\u00e9rcio, ind\u00fastria e meio ambiente, al\u00e9m de 80 instrumentos entre entidades subnacionais como empresas, bancos, universidades e institutos de pesquisas. Os dois pa\u00edses tamb\u00e9m anunciaram um plano de a\u00e7\u00e3o para revitalizar a Parceria Estrat\u00e9gica Global, um n\u00edvel mais elevado [&hellip;]<\/p>\n","protected":false},"author":1,"featured_media":28169,"comment_status":"open","ping_status":"open","sticky":false,"template":"","format":"standard","meta":{"_jetpack_newsletter_access":"","_jetpack_dont_email_post_to_subs":false,"_jetpack_newsletter_tier_id":0,"_jetpack_memberships_contains_paywalled_content":false,"_mbp_banners":[],"_jetpack_feature_clip_id":0,"_jetpack_memberships_contains_paid_content":false,"footnotes":"","jetpack_publicize_message":"","jetpack_publicize_feature_enabled":true,"jetpack_social_post_already_shared":true,"jetpack_social_options":{"image_generator_settings":{"template":"highway","default_image_id":0,"font":"","enabled":false},"version":2},"jetpack_post_was_ever_published":false},"categories":[25],"tags":[],"class_list":["post-28168","post","type-post","status-publish","format-standard","has-post-thumbnail","category-internacional"],"jetpack_publicize_connections":[],"jetpack-related-posts":[],"jetpack_shortlink":"https:\/\/wp.me\/p7Eq1F-7kk","jetpack_sharing_enabled":true,"jetpack_featured_media_url":"https:\/\/i0.wp.com\/guialimeira.com.br\/news\/wp-content\/uploads\/2025\/03\/54410488587_4f4b4d6f4e_o_0.jpg?fit=1600%2C800&ssl=1","_links":{"self":[{"href":"https:\/\/guialimeira.com.br\/news\/wp-json\/wp\/v2\/posts\/28168","targetHints":{"allow":["GET"]}}],"collection":[{"href":"https:\/\/guialimeira.com.br\/news\/wp-json\/wp\/v2\/posts"}],"about":[{"href":"https:\/\/guialimeira.com.br\/news\/wp-json\/wp\/v2\/types\/post"}],"author":[{"embeddable":true,"href":"https:\/\/guialimeira.com.br\/news\/wp-json\/wp\/v2\/users\/1"}],"replies":[{"embeddable":true,"href":"https:\/\/guialimeira.com.br\/news\/wp-json\/wp\/v2\/comments?post=28168"}],"version-history":[{"count":0,"href":"https:\/\/guialimeira.com.br\/news\/wp-json\/wp\/v2\/posts\/28168\/revisions"}],"wp:featuredmedia":[{"embeddable":true,"href":"https:\/\/guialimeira.com.br\/news\/wp-json\/wp\/v2\/media\/28169"}],"wp:attachment":[{"href":"https:\/\/guialimeira.com.br\/news\/wp-json\/wp\/v2\/media?parent=28168"}],"wp:term":[{"taxonomy":"category","embeddable":true,"href":"https:\/\/guialimeira.com.br\/news\/wp-json\/wp\/v2\/categories?post=28168"},{"taxonomy":"post_tag","embeddable":true,"href":"https:\/\/guialimeira.com.br\/news\/wp-json\/wp\/v2\/tags?post=28168"}],"curies":[{"name":"wp","href":"https:\/\/api.w.org\/{rel}","templated":true}]}}