{"id":28151,"date":"2025-03-26T09:07:25","date_gmt":"2025-03-26T12:07:25","guid":{"rendered":"https:\/\/guialimeira.com.br\/2025\/03\/26\/medicos-alertam-para-riscos-da-gripe-em-pessoas-com-mais-de-60-anos\/"},"modified":"2025-03-26T09:07:25","modified_gmt":"2025-03-26T12:07:25","slug":"medicos-alertam-para-riscos-da-gripe-em-pessoas-com-mais-de-60-anos","status":"publish","type":"post","link":"https:\/\/guialimeira.com.br\/news\/medicos-alertam-para-riscos-da-gripe-em-pessoas-com-mais-de-60-anos\/","title":{"rendered":"M\u00e9dicos alertam para riscos da gripe em pessoas com mais de 60 anos"},"content":{"rendered":"<p> <br \/>\n<\/p>\n<div>\n<p><strong>O Sistema \u00danico de Sa\u00fade (SUS) registrou em 2024 um crescimento de 189%\u00a0nas hospitaliza\u00e7\u00f5es de idosos por s\u00edndrome respirat\u00f3ria aguda grave (SRAG) por influenza, em rela\u00e7\u00e3o a 2023<\/strong>. Para chamar a aten\u00e7\u00e3o da popula\u00e7\u00e3o para os riscos da gripe em pessoas com mais de 60 anos, a Sociedade Brasileira de Infectologia (SBI), em parceria com a Sociedade Brasileira de Geriatria e Gerontologia (SBGG), realiza nesta quarta-feira (26) o encontro <em>Al\u00e9m da Gripe \u2013 Um debate sens\u00edvel \u00e0 gravidade dos riscos e impactos provocados pelo v\u00edrus da influenza<\/em>.<img data-recalc-dims=\"1\" decoding=\"async\" src=\"https:\/\/i0.wp.com\/agenciabrasil.ebc.com.br\/ebc.png?w=696&#038;ssl=1\" style=\"width:1px; height:1px; display:inline;\"\/><img data-recalc-dims=\"1\" decoding=\"async\" src=\"https:\/\/i0.wp.com\/agenciabrasil.ebc.com.br\/ebc.gif?w=696&#038;ssl=1\" style=\"width:1px; height:1px; display:inline;\"\/><\/p>\n<p><strong>O objetivo do encontro \u00e9 fazer um alerta sobre a sazonalidade da gripe, principalmente por conta dos baixos \u00edndices vacinais e dos riscos que este cen\u00e1rio pode causar para a popula\u00e7\u00e3o idosa<\/strong>. Segundo as entidades organizadoras, a sazonalidade est\u00e1 associada ao come\u00e7o do outono e \u00e0 mudan\u00e7a do clima em v\u00e1rios lugares do pa\u00eds, \u00e9poca em que as baixas temperaturas podem contribuir para que o v\u00edrus acabe circulando com mais intensidade, o que aumenta a necessidade de prote\u00e7\u00e3o e o risco de hospitaliza\u00e7\u00e3o.<\/p>\n<p>De acordo com as entidades, <strong>a partir dos 40 anos, o risco de ataque card\u00edaco aumenta em dez vezes e o de AVC oito vezes nos primeiros tr\u00eas dias ap\u00f3s uma infec\u00e7\u00e3o por influenza e idosos permanecem com risco elevado para AVC at\u00e9 dois meses depois de se contaminar pelo v\u00edrus<\/strong>, o que reflete nas admiss\u00f5es em UTI, que cresceram 187% e em 157% mais \u00f3bitos.<\/p>\n<p>      <!-- Relacionada --><\/p>\n<p>            <!-- Relacionada -->\n    <\/div>\n<p><br \/>\n<br \/><a href=\"https:\/\/agenciabrasil.ebc.com.br\/saude\/noticia\/2025-03\/medicos-alertam-para-riscos-da-gripe-em-pessoas-com-mais-de-60-anos\" rel=\"noopener\">Ag\u00eancia Brasil <\/a><\/p>\n","protected":false},"excerpt":{"rendered":"<p>O Sistema \u00danico de Sa\u00fade (SUS) registrou em 2024 um crescimento de 189%\u00a0nas hospitaliza\u00e7\u00f5es de idosos por s\u00edndrome respirat\u00f3ria aguda grave (SRAG) por influenza, em rela\u00e7\u00e3o a 2023. Para chamar a aten\u00e7\u00e3o da popula\u00e7\u00e3o para os riscos da gripe em pessoas com mais de 60 anos, a Sociedade Brasileira de Infectologia (SBI), em parceria com [&hellip;]<\/p>\n","protected":false},"author":1,"featured_media":28152,"comment_status":"open","ping_status":"open","sticky":false,"template":"","format":"standard","meta":{"_jetpack_newsletter_access":"","_jetpack_dont_email_post_to_subs":false,"_jetpack_newsletter_tier_id":0,"_jetpack_memberships_contains_paywalled_content":false,"_mbp_banners":[],"_jetpack_feature_clip_id":0,"_jetpack_memberships_contains_paid_content":false,"footnotes":"","jetpack_publicize_message":"","jetpack_publicize_feature_enabled":true,"jetpack_social_post_already_shared":true,"jetpack_social_options":{"image_generator_settings":{"template":"highway","default_image_id":0,"font":"","enabled":false},"version":2},"jetpack_post_was_ever_published":false},"categories":[15],"tags":[],"class_list":["post-28151","post","type-post","status-publish","format-standard","has-post-thumbnail","category-saude"],"jetpack_publicize_connections":[],"jetpack-related-posts":[],"jetpack_shortlink":"https:\/\/wp.me\/p7Eq1F-7k3","jetpack_sharing_enabled":true,"jetpack_featured_media_url":"https:\/\/i0.wp.com\/guialimeira.com.br\/news\/wp-content\/uploads\/2025\/03\/idosos_caminhos_da_reportagem.png?fit=1600%2C800&ssl=1","_links":{"self":[{"href":"https:\/\/guialimeira.com.br\/news\/wp-json\/wp\/v2\/posts\/28151","targetHints":{"allow":["GET"]}}],"collection":[{"href":"https:\/\/guialimeira.com.br\/news\/wp-json\/wp\/v2\/posts"}],"about":[{"href":"https:\/\/guialimeira.com.br\/news\/wp-json\/wp\/v2\/types\/post"}],"author":[{"embeddable":true,"href":"https:\/\/guialimeira.com.br\/news\/wp-json\/wp\/v2\/users\/1"}],"replies":[{"embeddable":true,"href":"https:\/\/guialimeira.com.br\/news\/wp-json\/wp\/v2\/comments?post=28151"}],"version-history":[{"count":0,"href":"https:\/\/guialimeira.com.br\/news\/wp-json\/wp\/v2\/posts\/28151\/revisions"}],"wp:featuredmedia":[{"embeddable":true,"href":"https:\/\/guialimeira.com.br\/news\/wp-json\/wp\/v2\/media\/28152"}],"wp:attachment":[{"href":"https:\/\/guialimeira.com.br\/news\/wp-json\/wp\/v2\/media?parent=28151"}],"wp:term":[{"taxonomy":"category","embeddable":true,"href":"https:\/\/guialimeira.com.br\/news\/wp-json\/wp\/v2\/categories?post=28151"},{"taxonomy":"post_tag","embeddable":true,"href":"https:\/\/guialimeira.com.br\/news\/wp-json\/wp\/v2\/tags?post=28151"}],"curies":[{"name":"wp","href":"https:\/\/api.w.org\/{rel}","templated":true}]}}