{"id":28115,"date":"2025-03-25T20:04:34","date_gmt":"2025-03-25T23:04:34","guid":{"rendered":"https:\/\/guialimeira.com.br\/?p=28115"},"modified":"2025-03-25T20:04:34","modified_gmt":"2025-03-25T23:04:34","slug":"camara-tem-custo-per-capta-27-menor-em-comparacao-a-outros-legislativos","status":"publish","type":"post","link":"https:\/\/guialimeira.com.br\/news\/camara-tem-custo-per-capta-27-menor-em-comparacao-a-outros-legislativos\/","title":{"rendered":"C\u00e2mara tem custo per capta 27% menor em compara\u00e7\u00e3o a outros Legislativos"},"content":{"rendered":"\n<figure class=\"wp-block-gallery has-nested-images columns-default is-cropped wp-block-gallery-1 is-layout-flex wp-block-gallery-is-layout-flex\"><\/figure>\n \r\n<br><img data-recalc-dims=\"1\" decoding=\"async\" src=\"https:\/\/i0.wp.com\/guialimeira.com.br\/wp-content\/uploads\/2025\/03\/2025-03-25_camara-tem-custo-per-capta-27-menor-em-comparacao-a-outros-legislativos_1.jpg?w=696&#038;ssl=1\" \/><br><div>\n\t\t\t\t\t<p>O presidente do Legislativo limeirense, vereador Everton Ferreira (PSD), se reuniu com os servidores do Sistema de Controle Interno nesta ter\u00e7a-feira, 25 de mar\u00e7o.\u00a0 Conforme dados apresentados, Limeira apresenta a segunda menor despesa com pessoal e custeio <i>per capita <\/i>quando comparada com outras dez c\u00e2maras municipais.<\/p><p>As informa\u00e7\u00f5es foram apresentadas pelos controladores internos Celso Betito e Guilherme Antunes. De acordo com eles, a C\u00e2mara de Limeira continua com um excelente desempenho no Mapa das C\u00e2maras do Tribunal de Contas do Estado de S\u00e3o Paulo (TCE-SP).<\/p><p>Os servidores tamb\u00e9m destacaram que, em compara\u00e7\u00e3o com munic\u00edpios com popula\u00e7\u00e3o na faixa de 255.748 a 349.935 habitantes, o Legislativo limeirense apresenta a segunda menor despesa com pessoal e custeio <i>per capita<\/i>, quando comparada com outras dez c\u00e2maras. Os dados apresentados por eles apontam que o custeio <i>per capita<\/i> da C\u00e2mara de Limeira \u00e9 de R$ 106,13, quase 27% menor do que a m\u00e9dia das outras institui\u00e7\u00f5es analisadas. As informa\u00e7\u00f5es podem ser conferidas neste <a href=\"https:\/\/painel.tce.sp.gov.br\/pentaho\/api\/repos\/%3Apublic%3ACamara%3Acamara.wcdf\/generatedContent?userid=anony&amp;password=zero\" rel=\"noopener\">link<\/a>.<\/p><p>Outros dados apresentados pelo Sistema de Controle Interno correspondem \u00e0 execu\u00e7\u00e3o or\u00e7ament\u00e1ria e financeira, folha de pagamento, horas extras e alertas e recomenda\u00e7\u00f5es. \u201cEsse acompanhamento \u00e9 essencial para aperfei\u00e7oarmos sempre o Legislativo Municipal, atendendo as determina\u00e7\u00f5es do Tribunal de Contas e melhorando a nossa gest\u00e3o\u201d, afirmou Everton.<\/p><p>As reuni\u00f5es ocorrem bimestralmente, conforme <a href=\"https:\/\/consulta.limeira.sp.leg.br\/Documentos\/Documento\/366938\" rel=\"noopener\">Portaria N\u00ba 46\/2025<\/a>, e t\u00eam como objetivo levar ao conhecimento da Presid\u00eancia fatores relevantes sobre as contas do Legislativo e apontamentos que precisam de corre\u00e7\u00f5es, para que provid\u00eancias sejam tomadas com mais rapidez, visando dar efici\u00eancia \u00e0 gest\u00e3o.<\/p><p><strong>Mapa das C\u00e2maras<\/strong><\/p><p>O Mapa das C\u00e2maras do TCE apresenta informa\u00e7\u00f5es sobre o custo, a quantidade de vereadores e quanto representa, em termos or\u00e7ament\u00e1rios, o funcionamento do Poder Legislativo nos munic\u00edpios paulistas. Apresenta ainda um mapa interativo que permite a realiza\u00e7\u00e3o de pesquisas e comparativos entre os gastos feitos pelos munic\u00edpios.\u00a0<\/p>\t\t\t\t<\/div>\r\n<br>\r\n<br><a href=\"https:\/\/www.limeira.sp.leg.br\/noticias\/view\/2025-03-25_camara-tem-custo-per-capta-27-menor-em-comparacao-a-outros-legislativos\" rel=\"noopener\">Informa\u00e7\u00f5es CML <\/a>","protected":false},"excerpt":{"rendered":"<p>O presidente do Legislativo limeirense, vereador Everton Ferreira (PSD), se reuniu com os servidores do Sistema de Controle Interno nesta ter\u00e7a-feira, 25 de mar\u00e7o.\u00a0 Conforme dados apresentados, Limeira apresenta a segunda menor despesa com pessoal e custeio per capita quando comparada com outras dez c\u00e2maras municipais. As informa\u00e7\u00f5es foram apresentadas pelos controladores internos Celso Betito [&hellip;]<\/p>\n","protected":false},"author":1,"featured_media":28116,"comment_status":"open","ping_status":"open","sticky":false,"template":"","format":"standard","meta":{"_jetpack_newsletter_access":"","_jetpack_dont_email_post_to_subs":false,"_jetpack_newsletter_tier_id":0,"_jetpack_memberships_contains_paywalled_content":false,"_mbp_banners":[],"_jetpack_feature_clip_id":0,"_jetpack_memberships_contains_paid_content":false,"footnotes":"","jetpack_publicize_message":"","jetpack_publicize_feature_enabled":true,"jetpack_social_post_already_shared":true,"jetpack_social_options":{"image_generator_settings":{"template":"highway","default_image_id":0,"font":"","enabled":false},"version":2},"jetpack_post_was_ever_published":false},"categories":[19],"tags":[],"class_list":["post-28115","post","type-post","status-publish","format-standard","has-post-thumbnail","category-politica"],"jetpack_publicize_connections":[],"jetpack-related-posts":[],"jetpack_shortlink":"https:\/\/wp.me\/p7Eq1F-7jt","jetpack_sharing_enabled":true,"jetpack_featured_media_url":"https:\/\/i0.wp.com\/guialimeira.com.br\/news\/wp-content\/uploads\/2025\/03\/Camara-tem-custo-per-capta-27-menor-em-comparacao-a.jpg?fit=1280%2C640&ssl=1","_links":{"self":[{"href":"https:\/\/guialimeira.com.br\/news\/wp-json\/wp\/v2\/posts\/28115","targetHints":{"allow":["GET"]}}],"collection":[{"href":"https:\/\/guialimeira.com.br\/news\/wp-json\/wp\/v2\/posts"}],"about":[{"href":"https:\/\/guialimeira.com.br\/news\/wp-json\/wp\/v2\/types\/post"}],"author":[{"embeddable":true,"href":"https:\/\/guialimeira.com.br\/news\/wp-json\/wp\/v2\/users\/1"}],"replies":[{"embeddable":true,"href":"https:\/\/guialimeira.com.br\/news\/wp-json\/wp\/v2\/comments?post=28115"}],"version-history":[{"count":1,"href":"https:\/\/guialimeira.com.br\/news\/wp-json\/wp\/v2\/posts\/28115\/revisions"}],"predecessor-version":[{"id":28117,"href":"https:\/\/guialimeira.com.br\/news\/wp-json\/wp\/v2\/posts\/28115\/revisions\/28117"}],"wp:featuredmedia":[{"embeddable":true,"href":"https:\/\/guialimeira.com.br\/news\/wp-json\/wp\/v2\/media\/28116"}],"wp:attachment":[{"href":"https:\/\/guialimeira.com.br\/news\/wp-json\/wp\/v2\/media?parent=28115"}],"wp:term":[{"taxonomy":"category","embeddable":true,"href":"https:\/\/guialimeira.com.br\/news\/wp-json\/wp\/v2\/categories?post=28115"},{"taxonomy":"post_tag","embeddable":true,"href":"https:\/\/guialimeira.com.br\/news\/wp-json\/wp\/v2\/tags?post=28115"}],"curies":[{"name":"wp","href":"https:\/\/api.w.org\/{rel}","templated":true}]}}