{"id":2811,"date":"2024-04-25T18:23:58","date_gmt":"2024-04-25T21:23:58","guid":{"rendered":"https:\/\/guialimeira.com.br\/2024\/04\/25\/atualizacao-de-sistema-suspendera-atendimento-do-cadastro-unico-nos-dias-6-e-7-de-maio\/"},"modified":"2024-04-25T18:23:58","modified_gmt":"2024-04-25T21:23:58","slug":"atualizacao-de-sistema-suspendera-atendimento-do-cadastro-unico-nos-dias-6-e-7-de-maio","status":"publish","type":"post","link":"https:\/\/guialimeira.com.br\/news\/atualizacao-de-sistema-suspendera-atendimento-do-cadastro-unico-nos-dias-6-e-7-de-maio\/","title":{"rendered":"Atualiza\u00e7\u00e3o de sistema suspender\u00e1 atendimento do Cadastro \u00danico nos dias 6 e 7 de maio"},"content":{"rendered":"<p> <br \/>\n<\/p>\n<div>\n            <main class=\"\">&#13;<br \/>\n                &#13;<br \/>\n&#13;<br \/>\n&#13;<br \/>\n&#13;<br \/>\n    <img data-recalc-dims=\"1\" decoding=\"async\" src=\"https:\/\/i0.wp.com\/ecrie.com.br\/sistema\/conteudos\/imagem\/m_137_0_1_25042024165420.jpg?w=696&#038;ssl=1\" alt=\"Atualiza\u00e7\u00e3o de sistema suspender\u00e1 atendimento do Cadastro \u00danico nos dias 6 e 7 de maio\"\/>&#13;<br \/>\n&#13;<\/p>\n<p style=\"text-align: justify;\">O Ceprosom (Centro de Promo\u00e7\u00e3o Social Municipal)\u00a0informa que o Cadastro \u00danico (Cad\u00danico) ficar\u00e1 indispon\u00edvel nos dias 6 (segunda-feira) e 7 (ter\u00e7a-feira) de maio, para integra\u00e7\u00e3o dos dados do Sistema Presen\u00e7a &#8211; utilizado para acompanhamento e registro da frequ\u00eancia escolar de estudantes benefici\u00e1rios do Programa Bolsa Fam\u00edlia.<\/p>\n<p>&#13;<\/p>\n<p style=\"text-align: justify;\">No per\u00edodo, n\u00e3o haver\u00e1 atendimento no Cad\u00danico, pois n\u00e3o ser\u00e1 poss\u00edvel realizar inclus\u00e3o, atualiza\u00e7\u00e3o e consultas ao sistema.<\/p>\n<p>&#13;<br \/>\n&#13;<br \/>\n&#13;<br \/>\n&#13;<\/p>\n<aside class=\"list-related no-print\">&#13;<br \/>\n        &#13;<br \/>\n&#13;<\/p>\n<article class=\"list-item noticias \">&#13;<br \/>\n                    <a class=\"list-item__img\" href=\"https:\/\/limeira.sp.gov.br\/imprensa\/noticias\/ceprosom\/imposto-de-renda-cidadao-e-estrategia-segura-para-ajudar-programas-sociais-de-limeira-destaca-fundo-social\" tabindex=\"-1\" aria-hidden=\"true\" rel=\"noopener\">&#13;<br \/>\n                        <img data-recalc-dims=\"1\" decoding=\"async\" src=\"https:\/\/i0.wp.com\/ecrie.com.br\/sistema\/conteudos\/imagem\/m_137_0_1_25042024171513.jpg?w=696&#038;ssl=1\" alt=\"\u201cImposto de Renda Cidad\u00e3o\u201d \u00e9 estrat\u00e9gia segura para ajudar programas sociais de Limeira, destaca Fundo Social\"\/>&#13;<br \/>\n                    <\/a>&#13;<br \/>\n&#13;<br \/>\n                &#13;<br \/>\n            <\/article>\n<p>&#13;<\/p>\n<article class=\"list-item noticias \">&#13;<br \/>\n                    <a class=\"list-item__img\" href=\"https:\/\/limeira.sp.gov.br\/imprensa\/noticias\/ceprosom\/prefeitura-oferece-curso-gratuito-de-programacao-python\" tabindex=\"-1\" aria-hidden=\"true\" rel=\"noopener\">&#13;<br \/>\n                        <img data-recalc-dims=\"1\" decoding=\"async\" src=\"https:\/\/i0.wp.com\/ecrie.com.br\/sistema\/conteudos\/imagem\/m_137_0_1_23042024143103.jpg?w=696&#038;ssl=1\" alt=\"Prefeitura oferece curso gratuito de linguagem de programa\u00e7\u00e3o Python\"\/>&#13;<br \/>\n                    <\/a>&#13;<br \/>\n&#13;<br \/>\n                &#13;<br \/>\n            <\/article>\n<p>&#13;<\/p>\n<article class=\"list-item noticias \">&#13;<br \/>\n                    <a class=\"list-item__img\" href=\"https:\/\/limeira.sp.gov.br\/imprensa\/noticias\/ceprosom\/no-cras-ceu-erika-tank-confere-projeto-cidadania-itinerante\" tabindex=\"-1\" aria-hidden=\"true\" rel=\"noopener\">&#13;<br \/>\n                        <img data-recalc-dims=\"1\" decoding=\"async\" src=\"https:\/\/i0.wp.com\/ecrie.com.br\/sistema\/conteudos\/imagem\/m_137_0_1_19042024150503.jpg?w=696&#038;ssl=1\" alt=\"No Cras CEU, Erika Tank confere projeto Cidadania Itinerante\"\/>&#13;<br \/>\n                    <\/a>&#13;<br \/>\n&#13;<br \/>\n                &#13;<br \/>\n            <\/article>\n<p>&#13;<br \/>\n    <\/aside>\n<p>&#13;<br \/>\n&#13;<br \/>\n            <\/main><\/p><\/div>\n<p><br \/>\n<br \/><a href=\"https:\/\/limeira.sp.gov.br\/atualizacao-de-sistema-suspendera-atendimento-do-cadastro-unico-nos-dias-6-e-7-de-maio\" rel=\"noopener\">Informa\u00e7\u00f5es da PML <\/a><\/p>\n","protected":false},"excerpt":{"rendered":"<p>&#13; &#13; &#13; &#13; &#13; &#13; &#13; O Ceprosom (Centro de Promo\u00e7\u00e3o Social Municipal)\u00a0informa que o Cadastro \u00danico (Cad\u00danico) ficar\u00e1 indispon\u00edvel nos dias 6 (segunda-feira) e 7 (ter\u00e7a-feira) de maio, para integra\u00e7\u00e3o dos dados do Sistema Presen\u00e7a &#8211; utilizado para acompanhamento e registro da frequ\u00eancia escolar de estudantes benefici\u00e1rios do Programa Bolsa Fam\u00edlia. &#13; No [&hellip;]<\/p>\n","protected":false},"author":1,"featured_media":2812,"comment_status":"open","ping_status":"open","sticky":false,"template":"","format":"standard","meta":{"_jetpack_newsletter_access":"","_jetpack_dont_email_post_to_subs":false,"_jetpack_newsletter_tier_id":0,"_jetpack_memberships_contains_paywalled_content":false,"_mbp_banners":[],"_jetpack_feature_clip_id":0,"_jetpack_memberships_contains_paid_content":false,"footnotes":"","jetpack_publicize_message":"","jetpack_publicize_feature_enabled":true,"jetpack_social_post_already_shared":true,"jetpack_social_options":{"image_generator_settings":{"template":"highway","default_image_id":0,"font":"","enabled":false},"version":2},"jetpack_post_was_ever_published":false},"categories":[16],"tags":[],"class_list":["post-2811","post","type-post","status-publish","format-standard","has-post-thumbnail","category-local"],"jetpack_publicize_connections":[],"jetpack-related-posts":[],"jetpack_shortlink":"https:\/\/wp.me\/p7Eq1F-Jl","jetpack_sharing_enabled":true,"jetpack_featured_media_url":"https:\/\/i0.wp.com\/guialimeira.com.br\/news\/wp-content\/uploads\/2024\/04\/m_137_0_1_25042024165420.jpg?fit=900%2C598&ssl=1","_links":{"self":[{"href":"https:\/\/guialimeira.com.br\/news\/wp-json\/wp\/v2\/posts\/2811","targetHints":{"allow":["GET"]}}],"collection":[{"href":"https:\/\/guialimeira.com.br\/news\/wp-json\/wp\/v2\/posts"}],"about":[{"href":"https:\/\/guialimeira.com.br\/news\/wp-json\/wp\/v2\/types\/post"}],"author":[{"embeddable":true,"href":"https:\/\/guialimeira.com.br\/news\/wp-json\/wp\/v2\/users\/1"}],"replies":[{"embeddable":true,"href":"https:\/\/guialimeira.com.br\/news\/wp-json\/wp\/v2\/comments?post=2811"}],"version-history":[{"count":0,"href":"https:\/\/guialimeira.com.br\/news\/wp-json\/wp\/v2\/posts\/2811\/revisions"}],"wp:featuredmedia":[{"embeddable":true,"href":"https:\/\/guialimeira.com.br\/news\/wp-json\/wp\/v2\/media\/2812"}],"wp:attachment":[{"href":"https:\/\/guialimeira.com.br\/news\/wp-json\/wp\/v2\/media?parent=2811"}],"wp:term":[{"taxonomy":"category","embeddable":true,"href":"https:\/\/guialimeira.com.br\/news\/wp-json\/wp\/v2\/categories?post=2811"},{"taxonomy":"post_tag","embeddable":true,"href":"https:\/\/guialimeira.com.br\/news\/wp-json\/wp\/v2\/tags?post=2811"}],"curies":[{"name":"wp","href":"https:\/\/api.w.org\/{rel}","templated":true}]}}