{"id":28099,"date":"2025-03-25T19:03:37","date_gmt":"2025-03-25T22:03:37","guid":{"rendered":"https:\/\/guialimeira.com.br\/?p=28099"},"modified":"2025-03-25T19:03:37","modified_gmt":"2025-03-25T22:03:37","slug":"estreia-do-documentario-pertenser-e-nesta-quarta-feira-26-de-marco-as-19h30","status":"publish","type":"post","link":"https:\/\/guialimeira.com.br\/news\/estreia-do-documentario-pertenser-e-nesta-quarta-feira-26-de-marco-as-19h30\/","title":{"rendered":"Estreia do document\u00e1rio PertenSer \u00e9 nesta quarta-feira, 26 de mar\u00e7o, \u00e0s 19h30"},"content":{"rendered":"\n<figure class=\"wp-block-gallery has-nested-images columns-default is-cropped wp-block-gallery-1 is-layout-flex wp-block-gallery-is-layout-flex\"><\/figure>\n \r\n<br><img data-recalc-dims=\"1\" decoding=\"async\" src=\"https:\/\/i0.wp.com\/guialimeira.com.br\/wp-content\/uploads\/2025\/03\/2025-03-25_estreia-do-documentario-pertenser-e-nesta-quartafeira-26-de-marco-as-19h30_1.jpg?w=696&#038;ssl=1\" \/><br><div>\n\t\t\t\t\t<p>A C\u00e2mara Municipal vai exibir, nesta quarta-feira, 26 de mar\u00e7o, o primeiro de nove epis\u00f3dios do document\u00e1rio PertenSer, que levou oito meses de produ\u00e7\u00e3o entre pesquisa e filmagem. A mostra come\u00e7a \u00e0s 19h30, no Teatro Vit\u00f3ria, com entrada gratuita; aberta ao p\u00fablico.\u00a0<\/p><p>Em nove epis\u00f3dios, a primeira temporada do document\u00e1rio apresenta os acontecimentos marcantes dos 198 anos desde a funda\u00e7\u00e3o do munic\u00edpio. Para ser realizada, contou com uma vasta sele\u00e7\u00e3o de conte\u00fados, levantamento hist\u00f3rico e entrevistas para atender a necessidade de resgatar a hist\u00f3ria de Limeira. Assista ao <i>trailer<\/i> oficial <a href=\"https:\/\/www.youtube.com\/watch?v=yj14rvq4Bok\" rel=\"noopener\">aqui<\/a>.<\/p><p>Criado pela <a href=\"https:\/\/legislacao.limeira.sp.leg.br\/Limeira-SP\/Resolucoes\/853-2023\" rel=\"noopener\">Resolu\u00e7\u00e3o N\u00b0 853\/2023<\/a>, de autoria do vereador Everton Ferreira (PSD), o projeto PertenSer tem a finalidade de promover a\u00e7\u00f5es educacionais que possibilitem o amplo acesso \u00e0 hist\u00f3ria e mem\u00f3ria constru\u00eddas no processo de forma\u00e7\u00e3o e estrutura\u00e7\u00e3o da cidade at\u00e9 os dias atuais.<\/p><p><strong>Informa\u00e7\u00f5es<\/strong><\/p><p><strong>O qu\u00ea:<\/strong> Estreia do primeiro epis\u00f3dio do document\u00e1rio PertenSer<\/p><p><strong>Local: <\/strong>Teatro Vit\u00f3ria (Pra\u00e7a Toledo de Barros &#8211; Centro, Limeira\/SP)<\/p><p><strong>Entrada:<\/strong> Mostra aberta ao p\u00fablico com entrada gratuita<\/p><p><strong>Quando:<\/strong> 26 de mar\u00e7o, \u00e0s 19h30<\/p>\t\t\t\t<\/div>\r\n<br>\r\n<br><a href=\"https:\/\/www.limeira.sp.leg.br\/noticias\/view\/2025-03-25_estreia-do-documentario-pertenser-e-nesta-quartafeira-26-de-marco-as-19h30\" rel=\"noopener\">Informa\u00e7\u00f5es CML <\/a>","protected":false},"excerpt":{"rendered":"<p>A C\u00e2mara Municipal vai exibir, nesta quarta-feira, 26 de mar\u00e7o, o primeiro de nove epis\u00f3dios do document\u00e1rio PertenSer, que levou oito meses de produ\u00e7\u00e3o entre pesquisa e filmagem. A mostra come\u00e7a \u00e0s 19h30, no Teatro Vit\u00f3ria, com entrada gratuita; aberta ao p\u00fablico.\u00a0 Em nove epis\u00f3dios, a primeira temporada do document\u00e1rio apresenta os acontecimentos marcantes dos [&hellip;]<\/p>\n","protected":false},"author":1,"featured_media":28100,"comment_status":"open","ping_status":"open","sticky":false,"template":"","format":"standard","meta":{"_jetpack_newsletter_access":"","_jetpack_dont_email_post_to_subs":false,"_jetpack_newsletter_tier_id":0,"_jetpack_memberships_contains_paywalled_content":false,"_mbp_banners":[],"_jetpack_feature_clip_id":0,"_jetpack_memberships_contains_paid_content":false,"footnotes":"","jetpack_publicize_message":"","jetpack_publicize_feature_enabled":true,"jetpack_social_post_already_shared":true,"jetpack_social_options":{"image_generator_settings":{"template":"highway","default_image_id":0,"font":"","enabled":false},"version":2},"jetpack_post_was_ever_published":false},"categories":[19],"tags":[],"class_list":["post-28099","post","type-post","status-publish","format-standard","has-post-thumbnail","category-politica"],"jetpack_publicize_connections":[],"jetpack-related-posts":[],"jetpack_shortlink":"https:\/\/wp.me\/p7Eq1F-7jd","jetpack_sharing_enabled":true,"jetpack_featured_media_url":"https:\/\/i0.wp.com\/guialimeira.com.br\/news\/wp-content\/uploads\/2025\/03\/Estreia-do-documentario-PertenSer-e-nesta-quarta-feira-26-de-marco.jpg?fit=1280%2C640&ssl=1","_links":{"self":[{"href":"https:\/\/guialimeira.com.br\/news\/wp-json\/wp\/v2\/posts\/28099","targetHints":{"allow":["GET"]}}],"collection":[{"href":"https:\/\/guialimeira.com.br\/news\/wp-json\/wp\/v2\/posts"}],"about":[{"href":"https:\/\/guialimeira.com.br\/news\/wp-json\/wp\/v2\/types\/post"}],"author":[{"embeddable":true,"href":"https:\/\/guialimeira.com.br\/news\/wp-json\/wp\/v2\/users\/1"}],"replies":[{"embeddable":true,"href":"https:\/\/guialimeira.com.br\/news\/wp-json\/wp\/v2\/comments?post=28099"}],"version-history":[{"count":1,"href":"https:\/\/guialimeira.com.br\/news\/wp-json\/wp\/v2\/posts\/28099\/revisions"}],"predecessor-version":[{"id":28101,"href":"https:\/\/guialimeira.com.br\/news\/wp-json\/wp\/v2\/posts\/28099\/revisions\/28101"}],"wp:featuredmedia":[{"embeddable":true,"href":"https:\/\/guialimeira.com.br\/news\/wp-json\/wp\/v2\/media\/28100"}],"wp:attachment":[{"href":"https:\/\/guialimeira.com.br\/news\/wp-json\/wp\/v2\/media?parent=28099"}],"wp:term":[{"taxonomy":"category","embeddable":true,"href":"https:\/\/guialimeira.com.br\/news\/wp-json\/wp\/v2\/categories?post=28099"},{"taxonomy":"post_tag","embeddable":true,"href":"https:\/\/guialimeira.com.br\/news\/wp-json\/wp\/v2\/tags?post=28099"}],"curies":[{"name":"wp","href":"https:\/\/api.w.org\/{rel}","templated":true}]}}