{"id":28083,"date":"2025-03-25T17:52:29","date_gmt":"2025-03-25T20:52:29","guid":{"rendered":"https:\/\/guialimeira.com.br\/2025\/03\/25\/prefeitura-do-rio-retomara-vacinacao-nas-escolas-nesta-quarta-feira\/"},"modified":"2025-03-25T17:52:29","modified_gmt":"2025-03-25T20:52:29","slug":"prefeitura-do-rio-retomara-vacinacao-nas-escolas-nesta-quarta-feira","status":"publish","type":"post","link":"https:\/\/guialimeira.com.br\/news\/prefeitura-do-rio-retomara-vacinacao-nas-escolas-nesta-quarta-feira\/","title":{"rendered":"Prefeitura do Rio retomar\u00e1 vacina\u00e7\u00e3o nas escolas nesta quarta-feira"},"content":{"rendered":"<p> <br \/>\n<\/p>\n<div>\n<p>A prefeitura do Rio de Janeiro dar\u00e1 in\u00edcio, nesta quarta-feira (26), a uma nova edi\u00e7\u00e3o do Programa Vacina na Escola. A iniciativa envolve a ida de equipes at\u00e9 as institui\u00e7\u00f5es de ensino da rede municipal, para\u00a0atualizar as cadernetas de vacina\u00e7\u00e3o de crian\u00e7as e adolescentes na cidade.<img data-recalc-dims=\"1\" decoding=\"async\" src=\"https:\/\/i0.wp.com\/agenciabrasil.ebc.com.br\/ebc.png?w=696&#038;ssl=1\" style=\"width:1px; height:1px; display:inline;\"\/><img data-recalc-dims=\"1\" decoding=\"async\" src=\"https:\/\/i0.wp.com\/agenciabrasil.ebc.com.br\/ebc.gif?w=696&#038;ssl=1\" style=\"width:1px; height:1px; display:inline;\"\/><\/p>\n<p><strong>Ser\u00e3o ofertadas todas as vacinas que integram o calend\u00e1rio de rotina do Programa Nacional de Imuniza\u00e7\u00f5es (PNI)<\/strong>. Atualmente, o Sistema \u00danico de Sa\u00fade (SUS) oferece 16 vacinas para crian\u00e7as e adolescentes, que protegem contra mais de 20 doen\u00e7as, como meningites, febre amarela, hepatite A, sarampo, caxumba, rub\u00e9ola, poliomielite e HPV, entre outras.<\/p>\n<p>As escolas particulares interessas em receber equipes de vacina\u00e7\u00e3o tamb\u00e9m podem solicitar a participa\u00e7\u00e3o no programa.<\/p>\n<p>A preven\u00e7\u00e3o de doen\u00e7as por meio de vacina\u00e7\u00e3o <a href=\"https:\/\/agenciabrasil.ebc.com.br\/saude\/noticia\/2025-02\/volta-aulas-especialistas-reforcam-importancia-da-vacinacao\" rel=\"noopener\">\u00e9 especialmente importante em popula\u00e7\u00f5es como os estudantes<\/a>, que convivem em grandes grupos de crian\u00e7as e adolescentes nas salas de aula e em espa\u00e7os comuns nos intervalos.\u00a0<\/p>\n<p>\u00a0<\/p>\n<p>      <!-- Relacionada --><\/p>\n<p>            <!-- Relacionada -->\n    <\/div>\n<p><br \/>\n<br \/><a href=\"https:\/\/agenciabrasil.ebc.com.br\/saude\/noticia\/2025-03\/prefeitura-do-rio-retomara-vacinacao-nas-escolas-nesta-quarta-feira\" rel=\"noopener\">Ag\u00eancia Brasil <\/a><\/p>\n","protected":false},"excerpt":{"rendered":"<p>A prefeitura do Rio de Janeiro dar\u00e1 in\u00edcio, nesta quarta-feira (26), a uma nova edi\u00e7\u00e3o do Programa Vacina na Escola. A iniciativa envolve a ida de equipes at\u00e9 as institui\u00e7\u00f5es de ensino da rede municipal, para\u00a0atualizar as cadernetas de vacina\u00e7\u00e3o de crian\u00e7as e adolescentes na cidade. Ser\u00e3o ofertadas todas as vacinas que integram o calend\u00e1rio [&hellip;]<\/p>\n","protected":false},"author":1,"featured_media":28084,"comment_status":"open","ping_status":"open","sticky":false,"template":"","format":"standard","meta":{"_jetpack_newsletter_access":"","_jetpack_dont_email_post_to_subs":false,"_jetpack_newsletter_tier_id":0,"_jetpack_memberships_contains_paywalled_content":false,"_mbp_banners":[],"_jetpack_feature_clip_id":0,"_jetpack_memberships_contains_paid_content":false,"footnotes":"","jetpack_publicize_message":"","jetpack_publicize_feature_enabled":true,"jetpack_social_post_already_shared":true,"jetpack_social_options":{"image_generator_settings":{"template":"highway","default_image_id":0,"font":"","enabled":false},"version":2},"jetpack_post_was_ever_published":false},"categories":[15],"tags":[],"class_list":["post-28083","post","type-post","status-publish","format-standard","has-post-thumbnail","category-saude"],"jetpack_publicize_connections":[],"jetpack-related-posts":[],"jetpack_shortlink":"https:\/\/wp.me\/p7Eq1F-7iX","jetpack_sharing_enabled":true,"jetpack_featured_media_url":"https:\/\/i0.wp.com\/guialimeira.com.br\/news\/wp-content\/uploads\/2025\/03\/dsc8088.jpg?fit=1600%2C800&ssl=1","_links":{"self":[{"href":"https:\/\/guialimeira.com.br\/news\/wp-json\/wp\/v2\/posts\/28083","targetHints":{"allow":["GET"]}}],"collection":[{"href":"https:\/\/guialimeira.com.br\/news\/wp-json\/wp\/v2\/posts"}],"about":[{"href":"https:\/\/guialimeira.com.br\/news\/wp-json\/wp\/v2\/types\/post"}],"author":[{"embeddable":true,"href":"https:\/\/guialimeira.com.br\/news\/wp-json\/wp\/v2\/users\/1"}],"replies":[{"embeddable":true,"href":"https:\/\/guialimeira.com.br\/news\/wp-json\/wp\/v2\/comments?post=28083"}],"version-history":[{"count":0,"href":"https:\/\/guialimeira.com.br\/news\/wp-json\/wp\/v2\/posts\/28083\/revisions"}],"wp:featuredmedia":[{"embeddable":true,"href":"https:\/\/guialimeira.com.br\/news\/wp-json\/wp\/v2\/media\/28084"}],"wp:attachment":[{"href":"https:\/\/guialimeira.com.br\/news\/wp-json\/wp\/v2\/media?parent=28083"}],"wp:term":[{"taxonomy":"category","embeddable":true,"href":"https:\/\/guialimeira.com.br\/news\/wp-json\/wp\/v2\/categories?post=28083"},{"taxonomy":"post_tag","embeddable":true,"href":"https:\/\/guialimeira.com.br\/news\/wp-json\/wp\/v2\/tags?post=28083"}],"curies":[{"name":"wp","href":"https:\/\/api.w.org\/{rel}","templated":true}]}}