{"id":28072,"date":"2025-03-25T17:01:51","date_gmt":"2025-03-25T20:01:51","guid":{"rendered":"https:\/\/guialimeira.com.br\/?p=28072"},"modified":"2025-03-25T17:01:51","modified_gmt":"2025-03-25T20:01:51","slug":"comissao-fiscaliza-projetos-esportivos-de-chamamento-publico","status":"publish","type":"post","link":"https:\/\/guialimeira.com.br\/news\/comissao-fiscaliza-projetos-esportivos-de-chamamento-publico\/","title":{"rendered":"Comiss\u00e3o fiscaliza projetos esportivos de chamamento p\u00fablico\u00a0"},"content":{"rendered":"\n<figure class=\"wp-block-gallery has-nested-images columns-default is-cropped wp-block-gallery-1 is-layout-flex wp-block-gallery-is-layout-flex\"><\/figure>\n \r\n<br><img data-recalc-dims=\"1\" decoding=\"async\" src=\"https:\/\/i0.wp.com\/guialimeira.com.br\/wp-content\/uploads\/2025\/03\/2025-03-25_comissao-fiscaliza-projetos-esportivos-de-chamamento-publico_1.jpg?w=696&#038;ssl=1\" \/><br><div>\n\t\t\t\t\t<p>A Comiss\u00e3o de Esporte, Cultura e Lazer da C\u00e2mara visitou os centros comunit\u00e1rios dos bairros Cecap e Ouro Verde nesta ter\u00e7a-feira, 25 de mar\u00e7o. O objetivo foi fiscalizar como \u00e9 executada a pol\u00edtica de fomento ao esporte por meio de chamamentos p\u00fablicos no munic\u00edpio.<\/p><p>Participaram da dilig\u00eancia os vereadores Guilherme Guido (PL), presidente; Costa Junior (Podemos), vice-presidente; e Waguinho da Santa Luzia (PP), secret\u00e1rio. Durante a visita, os parlamentares conversaram com o educador f\u00edsico Andr\u00e9 Luis de Oliveira, contratado por meio das entidades selecionadas no \u00faltimo edital de chamamento p\u00fablico; e com a professora Renata Caram, que integra a Comiss\u00e3o de Monitoramento e Avalia\u00e7\u00e3o, respons\u00e1vel por acompanhar as parcerias celebradas entre a Prefeitura e organiza\u00e7\u00f5es da sociedade civil.<\/p><p>Os vereadores questionaram sobre a realiza\u00e7\u00e3o das aulas, o p\u00fablico atendido, os hor\u00e1rios das modalidades, a estrutura e os materiais dispon\u00edveis, al\u00e9m da presta\u00e7\u00e3o de contas dos servi\u00e7os oferecidos \u00e0 popula\u00e7\u00e3o.<\/p><p>Conforme o edital, as entidades s\u00e3o obrigadas a apresentar a presta\u00e7\u00e3o de contas at\u00e9 o segundo dia \u00fatil do m\u00eas subsequente. O n\u00e3o cumprimento das exig\u00eancias do edital pode resultar no cancelamento imediato do pagamento da parcela. O educador Andr\u00e9 de Oliveira explicou que, em cada aula, \u00e9 feita uma lista de presen\u00e7a e fotos das atividades, para comprova\u00e7\u00e3o dos servi\u00e7os prestados \u00e0s entidades. Todo pagamento \u00e9 condicionado a esse controle.\u00a0<\/p><p>A Comiss\u00e3o observou nas visitas aos centros comunit\u00e1rios que h\u00e1 problemas como falta de materiais esportivos em algumas modalidades, necessidade de adequa\u00e7\u00e3o nos hor\u00e1rios das aulas e de divulga\u00e7\u00e3o dos projetos para que mais pessoas sejam alcan\u00e7adas.<\/p><p>As demandas identificadas e delibera\u00e7\u00f5es ser\u00e3o debatidas na pr\u00f3xima reuni\u00e3o do colegiado, na quinta-feira, 27 de mar\u00e7o.\u00a0<\/p><p><strong>Chamamento p\u00fablico<\/strong><\/p><p>A \u00faltima sele\u00e7\u00e3o para chamamento p\u00fablico ocorreu em 2024, por meio do<a href=\"https:\/\/ecrie.com.br\/sistema\/conteudos\/arquivo\/a_137_3_2_21092024105653.pdf\" rel=\"noopener\"> Edital N\u00ba 1<\/a>. Foram disponibilizados recursos na ordem de R$ 2,7 milh\u00f5es destinados ao fomento de projetos esportivos, paradesportivos e de esporte e lazer para o ano de 2025. Os valores s\u00e3o provenientes do or\u00e7amento da Secretaria Municipal de Esporte e Lazer.<\/p><p>Um total de 27 modalidades est\u00e3o abrangidas pelo processo,\u00a0 incluindo nata\u00e7\u00e3o, xadrez, voleibol, futsal, artes marciais, atletismo, gin\u00e1stica e basquete. As aulas s\u00e3o oferecidas por profissionais contratados pelas entidades selecionadas no chamamento. Cada uma delas deve apresentar um plano de trabalho, onde constam planilhas de custos, metas de atendimentos, p\u00fablico benefici\u00e1rio, estruturas das aulas e objetivos.<\/p>\t\t\t\t<\/div>\r\n<br>\r\n<br><a href=\"https:\/\/www.limeira.sp.leg.br\/noticias\/view\/2025-03-25_comissao-fiscaliza-projetos-esportivos-de-chamamento-publico\" rel=\"noopener\">Informa\u00e7\u00f5es CML <\/a>","protected":false},"excerpt":{"rendered":"<p>A Comiss\u00e3o de Esporte, Cultura e Lazer da C\u00e2mara visitou os centros comunit\u00e1rios dos bairros Cecap e Ouro Verde nesta ter\u00e7a-feira, 25 de mar\u00e7o. O objetivo foi fiscalizar como \u00e9 executada a pol\u00edtica de fomento ao esporte por meio de chamamentos p\u00fablicos no munic\u00edpio. Participaram da dilig\u00eancia os vereadores Guilherme Guido (PL), presidente; Costa Junior [&hellip;]<\/p>\n","protected":false},"author":1,"featured_media":28073,"comment_status":"open","ping_status":"open","sticky":false,"template":"","format":"standard","meta":{"_jetpack_newsletter_access":"","_jetpack_dont_email_post_to_subs":false,"_jetpack_newsletter_tier_id":0,"_jetpack_memberships_contains_paywalled_content":false,"_mbp_banners":[],"_jetpack_feature_clip_id":0,"_jetpack_memberships_contains_paid_content":false,"footnotes":"","jetpack_publicize_message":"","jetpack_publicize_feature_enabled":true,"jetpack_social_post_already_shared":true,"jetpack_social_options":{"image_generator_settings":{"template":"highway","default_image_id":0,"font":"","enabled":false},"version":2},"jetpack_post_was_ever_published":false},"categories":[19],"tags":[],"class_list":["post-28072","post","type-post","status-publish","format-standard","has-post-thumbnail","category-politica"],"jetpack_publicize_connections":[],"jetpack-related-posts":[],"jetpack_shortlink":"https:\/\/wp.me\/p7Eq1F-7iM","jetpack_sharing_enabled":true,"jetpack_featured_media_url":"https:\/\/i0.wp.com\/guialimeira.com.br\/news\/wp-content\/uploads\/2025\/03\/Comissao-fiscaliza-projetos-esportivos-de-chamamento-publico.jpg?fit=1280%2C640&ssl=1","_links":{"self":[{"href":"https:\/\/guialimeira.com.br\/news\/wp-json\/wp\/v2\/posts\/28072","targetHints":{"allow":["GET"]}}],"collection":[{"href":"https:\/\/guialimeira.com.br\/news\/wp-json\/wp\/v2\/posts"}],"about":[{"href":"https:\/\/guialimeira.com.br\/news\/wp-json\/wp\/v2\/types\/post"}],"author":[{"embeddable":true,"href":"https:\/\/guialimeira.com.br\/news\/wp-json\/wp\/v2\/users\/1"}],"replies":[{"embeddable":true,"href":"https:\/\/guialimeira.com.br\/news\/wp-json\/wp\/v2\/comments?post=28072"}],"version-history":[{"count":1,"href":"https:\/\/guialimeira.com.br\/news\/wp-json\/wp\/v2\/posts\/28072\/revisions"}],"predecessor-version":[{"id":28074,"href":"https:\/\/guialimeira.com.br\/news\/wp-json\/wp\/v2\/posts\/28072\/revisions\/28074"}],"wp:featuredmedia":[{"embeddable":true,"href":"https:\/\/guialimeira.com.br\/news\/wp-json\/wp\/v2\/media\/28073"}],"wp:attachment":[{"href":"https:\/\/guialimeira.com.br\/news\/wp-json\/wp\/v2\/media?parent=28072"}],"wp:term":[{"taxonomy":"category","embeddable":true,"href":"https:\/\/guialimeira.com.br\/news\/wp-json\/wp\/v2\/categories?post=28072"},{"taxonomy":"post_tag","embeddable":true,"href":"https:\/\/guialimeira.com.br\/news\/wp-json\/wp\/v2\/tags?post=28072"}],"curies":[{"name":"wp","href":"https:\/\/api.w.org\/{rel}","templated":true}]}}