{"id":28053,"date":"2025-03-25T14:59:28","date_gmt":"2025-03-25T17:59:28","guid":{"rendered":"https:\/\/guialimeira.com.br\/?p=28053"},"modified":"2025-03-25T14:59:28","modified_gmt":"2025-03-25T17:59:28","slug":"projeto-quer-divulgacao-de-acoes-contra-o-aedes-aegypti","status":"publish","type":"post","link":"https:\/\/guialimeira.com.br\/news\/projeto-quer-divulgacao-de-acoes-contra-o-aedes-aegypti\/","title":{"rendered":"Projeto quer divulga\u00e7\u00e3o de a\u00e7\u00f5es contra o Aedes aegypti"},"content":{"rendered":"\n<figure class=\"wp-block-gallery has-nested-images columns-default is-cropped wp-block-gallery-1 is-layout-flex wp-block-gallery-is-layout-flex\"><\/figure>\n \r\n<br><img data-recalc-dims=\"1\" decoding=\"async\" src=\"https:\/\/i0.wp.com\/guialimeira.com.br\/wp-content\/uploads\/2025\/03\/2025-03-25_projeto-quer-divulgacao-de-acoes-contra-o-aedes-aegypti_1.jpg?w=696&#038;ssl=1\" \/><br><div>\n\t\t\t\t\t<p>Foi aprovado na sess\u00e3o ordin\u00e1ria desta segunda-feira, 24 de mar\u00e7o, o <a href=\"https:\/\/consulta.limeira.sp.leg.br\/Documentos\/Documento\/367503\" rel=\"noopener\">Projeto de Lei N\u00ba 28\/2025<\/a>, do vereador Costa J\u00fanior (Podemos), que disp\u00f5e sobre a obrigatoriedade de divulga\u00e7\u00e3o, no site oficial do Munic\u00edpio, de informa\u00e7\u00f5es sobre as a\u00e7\u00f5es de combate ao <i>Aedes aegypti<\/i>, particularmente nas regi\u00f5es com maior \u00edndice de casos de dengue e de doen\u00e7as causadas pelo v\u00edrus Zika.\u00a0\u00a0<\/p><p>O objetivo da proposta, segundo o texto, \u00e9 garantir a transpar\u00eancia das a\u00e7\u00f5es realizadas. Dentre as informa\u00e7\u00f5es que dever\u00e3o constar no s\u00edtio eletr\u00f4nico da Prefeitura est\u00e3o: mapeamento das \u00e1reas com maior incid\u00eancia de casos de dengue e v\u00edrus Zika, a\u00e7\u00f5es de combate e preven\u00e7\u00e3o realizadas nessas \u00e1reas e campanhas de conscientiza\u00e7\u00e3o e mobiliza\u00e7\u00e3o da popula\u00e7\u00e3o. O projeto prev\u00ea ainda que a atualiza\u00e7\u00e3o dos dados deve ser mensal, ou sempre que houver altera\u00e7\u00e3o significativa nos dados, e com informa\u00e7\u00f5es claras e acess\u00edveis.<\/p><p>\u201cA transpar\u00eancia na divulga\u00e7\u00e3o das a\u00e7\u00f5es de combate a esses vetores \u00e9 essencial para que a popula\u00e7\u00e3o esteja informada e engajada no processo de preven\u00e7\u00e3o. A divulga\u00e7\u00e3o de informa\u00e7\u00f5es claras e atualizadas permitir\u00e1 que os cidad\u00e3os conhe\u00e7am as \u00e1reas mais afetadas e as medidas que est\u00e3o sendo adotadas pela administra\u00e7\u00e3o p\u00fablica, contribuindo assim para a prote\u00e7\u00e3o da sa\u00fade coletiva\u201d, justificou o vereador.<\/p>\t\t\t\t<\/div>\r\n<br>\r\n<br><a href=\"https:\/\/www.limeira.sp.leg.br\/noticias\/view\/2025-03-25_projeto-quer-divulgacao-de-acoes-contra-o-aedes-aegypti\" rel=\"noopener\">Informa\u00e7\u00f5es CML <\/a>","protected":false},"excerpt":{"rendered":"<p>Foi aprovado na sess\u00e3o ordin\u00e1ria desta segunda-feira, 24 de mar\u00e7o, o Projeto de Lei N\u00ba 28\/2025, do vereador Costa J\u00fanior (Podemos), que disp\u00f5e sobre a obrigatoriedade de divulga\u00e7\u00e3o, no site oficial do Munic\u00edpio, de informa\u00e7\u00f5es sobre as a\u00e7\u00f5es de combate ao Aedes aegypti, particularmente nas regi\u00f5es com maior \u00edndice de casos de dengue e de [&hellip;]<\/p>\n","protected":false},"author":1,"featured_media":28054,"comment_status":"open","ping_status":"open","sticky":false,"template":"","format":"standard","meta":{"_jetpack_newsletter_access":"","_jetpack_dont_email_post_to_subs":false,"_jetpack_newsletter_tier_id":0,"_jetpack_memberships_contains_paywalled_content":false,"_mbp_banners":[],"_jetpack_feature_clip_id":0,"_jetpack_memberships_contains_paid_content":false,"footnotes":"","jetpack_publicize_message":"","jetpack_publicize_feature_enabled":true,"jetpack_social_post_already_shared":true,"jetpack_social_options":{"image_generator_settings":{"template":"highway","default_image_id":0,"font":"","enabled":false},"version":2},"jetpack_post_was_ever_published":false},"categories":[19],"tags":[],"class_list":["post-28053","post","type-post","status-publish","format-standard","has-post-thumbnail","category-politica"],"jetpack_publicize_connections":[],"jetpack-related-posts":[],"jetpack_shortlink":"https:\/\/wp.me\/p7Eq1F-7it","jetpack_sharing_enabled":true,"jetpack_featured_media_url":"https:\/\/i0.wp.com\/guialimeira.com.br\/news\/wp-content\/uploads\/2025\/03\/Projeto-quer-divulgacao-de-acoes-contra-o-Aedes-aegypti.jpg?fit=1280%2C640&ssl=1","_links":{"self":[{"href":"https:\/\/guialimeira.com.br\/news\/wp-json\/wp\/v2\/posts\/28053","targetHints":{"allow":["GET"]}}],"collection":[{"href":"https:\/\/guialimeira.com.br\/news\/wp-json\/wp\/v2\/posts"}],"about":[{"href":"https:\/\/guialimeira.com.br\/news\/wp-json\/wp\/v2\/types\/post"}],"author":[{"embeddable":true,"href":"https:\/\/guialimeira.com.br\/news\/wp-json\/wp\/v2\/users\/1"}],"replies":[{"embeddable":true,"href":"https:\/\/guialimeira.com.br\/news\/wp-json\/wp\/v2\/comments?post=28053"}],"version-history":[{"count":1,"href":"https:\/\/guialimeira.com.br\/news\/wp-json\/wp\/v2\/posts\/28053\/revisions"}],"predecessor-version":[{"id":28055,"href":"https:\/\/guialimeira.com.br\/news\/wp-json\/wp\/v2\/posts\/28053\/revisions\/28055"}],"wp:featuredmedia":[{"embeddable":true,"href":"https:\/\/guialimeira.com.br\/news\/wp-json\/wp\/v2\/media\/28054"}],"wp:attachment":[{"href":"https:\/\/guialimeira.com.br\/news\/wp-json\/wp\/v2\/media?parent=28053"}],"wp:term":[{"taxonomy":"category","embeddable":true,"href":"https:\/\/guialimeira.com.br\/news\/wp-json\/wp\/v2\/categories?post=28053"},{"taxonomy":"post_tag","embeddable":true,"href":"https:\/\/guialimeira.com.br\/news\/wp-json\/wp\/v2\/tags?post=28053"}],"curies":[{"name":"wp","href":"https:\/\/api.w.org\/{rel}","templated":true}]}}