{"id":28043,"date":"2025-03-25T13:58:40","date_gmt":"2025-03-25T16:58:40","guid":{"rendered":"https:\/\/guialimeira.com.br\/?p=28043"},"modified":"2025-03-25T13:58:40","modified_gmt":"2025-03-25T16:58:40","slug":"costa-junior-solicita-informacoes-sobre-concurso-publico-para-professores-monitores-e-merendeiras","status":"publish","type":"post","link":"https:\/\/guialimeira.com.br\/news\/costa-junior-solicita-informacoes-sobre-concurso-publico-para-professores-monitores-e-merendeiras\/","title":{"rendered":"Costa J\u00fanior solicita informa\u00e7\u00f5es sobre concurso p\u00fablico para professores, monitores e merendeiras"},"content":{"rendered":"\n<figure class=\"wp-block-gallery has-nested-images columns-default is-cropped wp-block-gallery-1 is-layout-flex wp-block-gallery-is-layout-flex\"><\/figure>\n \r\n<br><img data-recalc-dims=\"1\" decoding=\"async\" src=\"https:\/\/i0.wp.com\/guialimeira.com.br\/wp-content\/uploads\/2025\/03\/2025-03-25_costa-junior-solicita-informacoes-sobre-concurso-publico-para-professores-monitores-e-mer.jpeg?w=696&#038;ssl=1\" \/><br><div>\n\t\t\t\t\t<p>Durante a sess\u00e3o realizada nesta segunda-feira, 24 de mar\u00e7o, o vereador Costa J\u00fanior (Podemos) encaminhou \u00e0 Prefeitura o <a href=\"https:\/\/consulta.limeira.sp.leg.br\/Documentos\/Documento\/371052\" rel=\"noopener\">Requerimento N\u00b0 205\/2025<\/a> solicitando informa\u00e7\u00f5es acerca da realiza\u00e7\u00e3o de concursos p\u00fablicos e processos seletivos para a contrata\u00e7\u00e3o de professores, monitores e merendeiras para a rede p\u00fablica municipal.\u00a0<\/p><p>No documento, o vereador destaca a import\u00e2ncia de garantir a continuidade e a qualidade do ensino, al\u00e9m de assegurar o cumprimento das normas legais de contrata\u00e7\u00e3o e a valoriza\u00e7\u00e3o dos profissionais da educa\u00e7\u00e3o.\u00a0<\/p><p>Segundo Costa J\u00fanior \u00e9 essencial que a gest\u00e3o municipal invista em processos seletivos transparentes e eficazes, que atendam \u00e0s necessidades das escolas e das comunidades atendidas pela rede p\u00fablica.<\/p><p>O requerimento visa obter informa\u00e7\u00f5es sobre a previs\u00e3o de novos concursos ou sele\u00e7\u00e3o de profissionais da educa\u00e7\u00e3o nas \u00e1reas com maior demanda de contrata\u00e7\u00e3o, bem como prazos estabelecidos para publica\u00e7\u00e3o de edital e realiza\u00e7\u00e3o de provas. O documento tamb\u00e9m requer dados que revelem o n\u00famero de vagas previstas e crit\u00e9rios para sele\u00e7\u00e3o de profissionais.\u00a0<\/p><p>&#8220;A educa\u00e7\u00e3o \u00e9 a base para o desenvolvimento de nossa cidade. Portanto, \u00e9 fundamental que a gest\u00e3o municipal invista na forma\u00e7\u00e3o e na valoriza\u00e7\u00e3o dos profissionais que atuam na rede p\u00fablica de ensino&#8221;, afirmou o vereador.<\/p><p>O parlamentar ainda informou que ir\u00e1 acompanhar de perto a resposta do Executivo, buscando sempre o melhor para a educa\u00e7\u00e3o municipal.<\/p><p>\u00a0<\/p><p><i>Do Gabinete Parlamentar \u2013 Vereador\u00a0 Vicente Soares da Costa Junior (Podemos)<\/i><\/p><p><strong>As mat\u00e9rias de origem dos Gabinetes Parlamentares s\u00e3o de inteira\u00a0 responsabilidade dos parlamentares e de suas assessorias. S\u00e3o devidamente assinadas e n\u00e3o refletem, necessariamente, a opini\u00e3o institucional da C\u00e2mara Municipal de Limeira.<\/strong><\/p><p>\u00a0<\/p>\t\t\t\t<\/div>\r\n<br>\r\n<br><a href=\"https:\/\/www.limeira.sp.leg.br\/noticias\/view\/2025-03-25_costa-junior-solicita-informacoes-sobre-concurso-publico-para-professores-monitores-e-merendeiras\" rel=\"noopener\">Informa\u00e7\u00f5es CML <\/a>","protected":false},"excerpt":{"rendered":"<p>Durante a sess\u00e3o realizada nesta segunda-feira, 24 de mar\u00e7o, o vereador Costa J\u00fanior (Podemos) encaminhou \u00e0 Prefeitura o Requerimento N\u00b0 205\/2025 solicitando informa\u00e7\u00f5es acerca da realiza\u00e7\u00e3o de concursos p\u00fablicos e processos seletivos para a contrata\u00e7\u00e3o de professores, monitores e merendeiras para a rede p\u00fablica municipal.\u00a0 No documento, o vereador destaca a import\u00e2ncia de garantir a [&hellip;]<\/p>\n","protected":false},"author":1,"featured_media":28044,"comment_status":"open","ping_status":"open","sticky":false,"template":"","format":"standard","meta":{"_jetpack_newsletter_access":"","_jetpack_dont_email_post_to_subs":false,"_jetpack_newsletter_tier_id":0,"_jetpack_memberships_contains_paywalled_content":false,"_mbp_banners":[],"_jetpack_feature_clip_id":0,"_jetpack_memberships_contains_paid_content":false,"footnotes":"","jetpack_publicize_message":"","jetpack_publicize_feature_enabled":true,"jetpack_social_post_already_shared":true,"jetpack_social_options":{"image_generator_settings":{"template":"highway","default_image_id":0,"font":"","enabled":false},"version":2},"jetpack_post_was_ever_published":false},"categories":[19],"tags":[],"class_list":["post-28043","post","type-post","status-publish","format-standard","has-post-thumbnail","category-politica"],"jetpack_publicize_connections":[],"jetpack-related-posts":[],"jetpack_shortlink":"https:\/\/wp.me\/p7Eq1F-7ij","jetpack_sharing_enabled":true,"jetpack_featured_media_url":"https:\/\/i0.wp.com\/guialimeira.com.br\/news\/wp-content\/uploads\/2025\/03\/Costa-Junior-solicita-informacoes-sobre-concurso-publico-para-professores-monitores.jpeg?fit=1280%2C640&ssl=1","_links":{"self":[{"href":"https:\/\/guialimeira.com.br\/news\/wp-json\/wp\/v2\/posts\/28043","targetHints":{"allow":["GET"]}}],"collection":[{"href":"https:\/\/guialimeira.com.br\/news\/wp-json\/wp\/v2\/posts"}],"about":[{"href":"https:\/\/guialimeira.com.br\/news\/wp-json\/wp\/v2\/types\/post"}],"author":[{"embeddable":true,"href":"https:\/\/guialimeira.com.br\/news\/wp-json\/wp\/v2\/users\/1"}],"replies":[{"embeddable":true,"href":"https:\/\/guialimeira.com.br\/news\/wp-json\/wp\/v2\/comments?post=28043"}],"version-history":[{"count":1,"href":"https:\/\/guialimeira.com.br\/news\/wp-json\/wp\/v2\/posts\/28043\/revisions"}],"predecessor-version":[{"id":28045,"href":"https:\/\/guialimeira.com.br\/news\/wp-json\/wp\/v2\/posts\/28043\/revisions\/28045"}],"wp:featuredmedia":[{"embeddable":true,"href":"https:\/\/guialimeira.com.br\/news\/wp-json\/wp\/v2\/media\/28044"}],"wp:attachment":[{"href":"https:\/\/guialimeira.com.br\/news\/wp-json\/wp\/v2\/media?parent=28043"}],"wp:term":[{"taxonomy":"category","embeddable":true,"href":"https:\/\/guialimeira.com.br\/news\/wp-json\/wp\/v2\/categories?post=28043"},{"taxonomy":"post_tag","embeddable":true,"href":"https:\/\/guialimeira.com.br\/news\/wp-json\/wp\/v2\/tags?post=28043"}],"curies":[{"name":"wp","href":"https:\/\/api.w.org\/{rel}","templated":true}]}}