{"id":28032,"date":"2025-03-25T12:57:35","date_gmt":"2025-03-25T15:57:35","guid":{"rendered":"https:\/\/guialimeira.com.br\/?p=28032"},"modified":"2025-03-25T12:57:35","modified_gmt":"2025-03-25T15:57:35","slug":"alunos-do-senac-participam-de-visita-guiada-a-camara-de-limeira","status":"publish","type":"post","link":"https:\/\/guialimeira.com.br\/news\/alunos-do-senac-participam-de-visita-guiada-a-camara-de-limeira\/","title":{"rendered":"Alunos do SENAC participam de visita guiada \u00e0 C\u00e2mara de Limeira"},"content":{"rendered":"\n<figure class=\"wp-block-gallery has-nested-images columns-default is-cropped wp-block-gallery-1 is-layout-flex wp-block-gallery-is-layout-flex\"><\/figure>\n \r\n<br><img data-recalc-dims=\"1\" decoding=\"async\" src=\"https:\/\/i0.wp.com\/guialimeira.com.br\/wp-content\/uploads\/2025\/03\/2025-03-25_alunos-do-senac-participam-de-visita-guiada-a-camara-de-limeira_1.JPG?w=696&#038;ssl=1\" \/><br><div>\n\t\t\t\t\t<p>Alunos da turma do programa Jovem Aprendiz do Servi\u00e7o Nacional de Aprendizagem Comercial (SENAC) participaram nesta ter\u00e7a-feira, 25 de mar\u00e7o de uma visita guiada \u00e0 C\u00e2mara Municipal de Limeira. A atividade faz parte do projeto de educa\u00e7\u00e3o pol\u00edtica promovido pela <a href=\"https:\/\/escolalegislativa.limeira.sp.leg.br\/\" rel=\"noopener\">Escola Legislativa Paulo Freire<\/a>.<\/p><p>Durante a visita, os estudantes conhecem sobre a hist\u00f3ria e funcionamento do Legislativo limeirense. O trabalho das vereadoras e vereadores da Casa tamb\u00e9m \u00e9 apresentado aos visitantes. Os jovens conversaram com a vereadora Lu Bogo (PL) que explicou sobre a import\u00e2ncia do trabalho dos parlamentares e a tramita\u00e7\u00e3o oficial de projetos na Casa.\u00a0\u00a0\u00a0\u00a0<\/p><p>O projeto C\u00e2mara-Escola tem como objetivo promover cidadania e conhecimento a respeito das demandas do munic\u00edpio a crian\u00e7as, adolescentes e jovens. De autoria da Mesa Diretora, a <a href=\"http:\/\/consulta.limeira.sp.leg.br\/Normas\/Exibir\/307502\" rel=\"noopener\">Resolu\u00e7\u00e3o N\u00b0 843\/2023<\/a> prop\u00f5e o despertar do interesse pela pol\u00edtica.<\/p><p><strong>Visitas Guiadas<\/strong><\/p><p>A C\u00e2mara Municipal est\u00e1 aberta para visita\u00e7\u00e3o; todas as escolas de Limeira podem agendar uma visita guiada pelo telefone: (19) 3404-7533 ou pelo e-mail: <a href=\"https:\/\/www.limeira.sp.leg.br\/noticias\/view\/mailto:escolalegislativa@limeira.sp.leg.br\" rel=\"noopener\">escolalegislativa@limeira.sp.leg.br<\/a>.\u00a0<\/p>\t\t\t\t<\/div>\r\n<br>\r\n<br><a href=\"https:\/\/www.limeira.sp.leg.br\/noticias\/view\/2025-03-25_alunos-do-senac-participam-de-visita-guiada-a-camara-de-limeira\" rel=\"noopener\">Informa\u00e7\u00f5es CML <\/a>","protected":false},"excerpt":{"rendered":"<p>Alunos da turma do programa Jovem Aprendiz do Servi\u00e7o Nacional de Aprendizagem Comercial (SENAC) participaram nesta ter\u00e7a-feira, 25 de mar\u00e7o de uma visita guiada \u00e0 C\u00e2mara Municipal de Limeira. A atividade faz parte do projeto de educa\u00e7\u00e3o pol\u00edtica promovido pela Escola Legislativa Paulo Freire. Durante a visita, os estudantes conhecem sobre a hist\u00f3ria e funcionamento [&hellip;]<\/p>\n","protected":false},"author":1,"featured_media":28033,"comment_status":"open","ping_status":"open","sticky":false,"template":"","format":"standard","meta":{"_jetpack_newsletter_access":"","_jetpack_dont_email_post_to_subs":false,"_jetpack_newsletter_tier_id":0,"_jetpack_memberships_contains_paywalled_content":false,"_mbp_banners":[],"_jetpack_feature_clip_id":0,"_jetpack_memberships_contains_paid_content":false,"footnotes":"","jetpack_publicize_message":"","jetpack_publicize_feature_enabled":true,"jetpack_social_post_already_shared":true,"jetpack_social_options":{"image_generator_settings":{"template":"highway","default_image_id":0,"font":"","enabled":false},"version":2},"jetpack_post_was_ever_published":false},"categories":[19],"tags":[],"class_list":["post-28032","post","type-post","status-publish","format-standard","has-post-thumbnail","category-politica"],"jetpack_publicize_connections":[],"jetpack-related-posts":[],"jetpack_shortlink":"https:\/\/wp.me\/p7Eq1F-7i8","jetpack_sharing_enabled":true,"jetpack_featured_media_url":"https:\/\/i0.wp.com\/guialimeira.com.br\/news\/wp-content\/uploads\/2025\/03\/Alunos-do-SENAC-participam-de-visita-guiada-a-Camara-de.JPG?fit=1280%2C640&ssl=1","_links":{"self":[{"href":"https:\/\/guialimeira.com.br\/news\/wp-json\/wp\/v2\/posts\/28032","targetHints":{"allow":["GET"]}}],"collection":[{"href":"https:\/\/guialimeira.com.br\/news\/wp-json\/wp\/v2\/posts"}],"about":[{"href":"https:\/\/guialimeira.com.br\/news\/wp-json\/wp\/v2\/types\/post"}],"author":[{"embeddable":true,"href":"https:\/\/guialimeira.com.br\/news\/wp-json\/wp\/v2\/users\/1"}],"replies":[{"embeddable":true,"href":"https:\/\/guialimeira.com.br\/news\/wp-json\/wp\/v2\/comments?post=28032"}],"version-history":[{"count":1,"href":"https:\/\/guialimeira.com.br\/news\/wp-json\/wp\/v2\/posts\/28032\/revisions"}],"predecessor-version":[{"id":28034,"href":"https:\/\/guialimeira.com.br\/news\/wp-json\/wp\/v2\/posts\/28032\/revisions\/28034"}],"wp:featuredmedia":[{"embeddable":true,"href":"https:\/\/guialimeira.com.br\/news\/wp-json\/wp\/v2\/media\/28033"}],"wp:attachment":[{"href":"https:\/\/guialimeira.com.br\/news\/wp-json\/wp\/v2\/media?parent=28032"}],"wp:term":[{"taxonomy":"category","embeddable":true,"href":"https:\/\/guialimeira.com.br\/news\/wp-json\/wp\/v2\/categories?post=28032"},{"taxonomy":"post_tag","embeddable":true,"href":"https:\/\/guialimeira.com.br\/news\/wp-json\/wp\/v2\/tags?post=28032"}],"curies":[{"name":"wp","href":"https:\/\/api.w.org\/{rel}","templated":true}]}}