{"id":28028,"date":"2025-03-25T12:47:25","date_gmt":"2025-03-25T15:47:25","guid":{"rendered":"https:\/\/guialimeira.com.br\/2025\/03\/25\/revalida-2025-recebera-documentos-de-conclusao-de-curso-ate-sabado\/"},"modified":"2025-03-25T12:47:25","modified_gmt":"2025-03-25T15:47:25","slug":"revalida-2025-recebera-documentos-de-conclusao-de-curso-ate-sabado","status":"publish","type":"post","link":"https:\/\/guialimeira.com.br\/news\/revalida-2025-recebera-documentos-de-conclusao-de-curso-ate-sabado\/","title":{"rendered":"Revalida 2025 receber\u00e1 documentos de conclus\u00e3o de curso at\u00e9 s\u00e1bado"},"content":{"rendered":"<p> <br \/>\n<\/p>\n<div>\n<p>Os participantes da primeira etapa do Exame Nacional de Revalida\u00e7\u00e3o de Diplomas M\u00e9dicos Expedidos por Institui\u00e7\u00e3o de Educa\u00e7\u00e3o Superior Estrangeira (Revalida) de 2025 dever\u00e3o enviar\u00a0at\u00e9 s\u00e1bado (29) a documenta\u00e7\u00e3o que comprova\u00a0a conclus\u00e3o do curso no exterior. O exame \u00e9 obrigat\u00f3rio para que\u00a0que m\u00e9dicos formados no exterior possam exercer a profiss\u00e3o no Brasil.<img data-recalc-dims=\"1\" decoding=\"async\" src=\"https:\/\/i0.wp.com\/agenciabrasil.ebc.com.br\/ebc.png?w=696&#038;ssl=1\" style=\"width:1px; height:1px; display:inline;\"\/><img data-recalc-dims=\"1\" decoding=\"async\" src=\"https:\/\/i0.wp.com\/agenciabrasil.ebc.com.br\/ebc.gif?w=696&#038;ssl=1\" style=\"width:1px; height:1px; display:inline;\"\/><\/p>\n<p>O prazo para apresentar o documento teve in\u00edcio nesta segunda-feira (24). O envio do diploma, certificado ou declara\u00e7\u00e3o deve ser feito pelo <a href=\"https:\/\/revalida.inep.gov.br\" target=\"_blank\" rel=\"noopener\">Sistema Revalida<\/a>. <strong>Caso a documenta\u00e7\u00e3o comprobat\u00f3ria de conclus\u00e3o de curso seja em idioma diferente da l\u00edngua portuguesa, inglesa, francesa ou espanhola, dever\u00e1 ser acompanhada de tradu\u00e7\u00e3o juramentada.<\/strong><\/p>\n<p>Os candidatos de edi\u00e7\u00f5es anteriores do Revalida que tiveram a documenta\u00e7\u00e3o comprobat\u00f3ria de conclus\u00e3o de curso aprovada n\u00e3o precisar\u00e3o enviar o documento novamente. Nesse caso, a homologa\u00e7\u00e3o ser\u00e1 feita automaticamente, por meio do Sistema Revalida.<\/p>\n<h2>Requisito<\/h2>\n<p>O Instituto Nacional de Estudos e Pesquisas Educacionais An\u00edsio Teixeira (Inep) esclarece que os participantes que n\u00e3o enviarem suas documenta\u00e7\u00f5es comprobat\u00f3rias n\u00e3o poder\u00e3o usufruir de recurso dessa a\u00e7\u00e3o.<\/p>\n<p><strong>Somente poder\u00e1 participar da segunda etapa do Revalida 2025\/1, referente \u00e0 prova de habilidades cl\u00ednicas, quem tiver a documenta\u00e7\u00e3o comprobat\u00f3ria de conclus\u00e3o de curso aprovada e que alcan\u00e7ar <a href=\"https:\/\/agenciabrasil.ebc.com.br\/educacao\/noticia\/2025-02\/inep-estabelece-88-pontos-como-nota-de-corte-do-revalida\" rel=\"noopener\">o desempenho m\u00ednimo esperado<\/a>\u00a0\u2500 a nota de corte \u2500\u00a0na primeira etapa do Revalida 2025\/1.<\/strong><\/p>\n<h2>Cronograma<\/h2>\n<p>\u00a0<\/p>\n<table border=\"1\" cellpadding=\"1\" cellspacing=\"1\" style=\"width:500px;\">\n<tbody>\n<tr>\n<td>Gabarito preliminar (prova objetiva) e padr\u00e3o de resposta (prova discursiva)<\/td>\n<td class=\"rtecenter\">26\/03<\/td>\n<\/tr>\n<tr>\n<td>Resultado da documenta\u00e7\u00e3o de conclus\u00e3o de curso<\/td>\n<td class=\"rtecenter\">23\/04<\/td>\n<\/tr>\n<tr>\n<td>Gabarito definitivo<\/td>\n<td>09\/05<\/td>\n<\/tr>\n<tr>\n<td>Resultados definitivo da prova objetiva e provis\u00f3rio da prova discursiva<\/td>\n<td>09\/05<\/td>\n<\/tr>\n<tr>\n<td>Resultado final da primeira etapa do Revalida 2025<\/td>\n<td>03\/06<\/td>\n<\/tr>\n<\/tbody>\n<\/table>\n<h2>Etapas<\/h2>\n<p>O Revalida avalia profissionais formados em medicina fora do Brasil que querem exercer a profiss\u00e3o em territ\u00f3rio nacional. <strong>O objetivo do exame \u00e9 garantir a qualidade do atendimento m\u00e9dico prestado no Brasil, tanto por estrangeiros como por brasileiros que estudaram no exterior.<\/strong><\/p>\n<p>Desde 2011, o exame que autoriza aos aprovados ter o diploma revalidado no Brasil \u00e9 aplicado pelo Inep, enquanto a revalida\u00e7\u00e3o \u00e9 de responsabilidade das universidades p\u00fablicas do Brasil que aderiram ao exame.<\/p>\n<p>Anualmente, as provas s\u00e3o divididas em duas etapas (te\u00f3rica e pr\u00e1tica), que abordam, de forma interdisciplinar, as cinco grandes \u00e1reas da medicina: cl\u00ednica m\u00e9dica, cirurgia, ginecologia e obstetr\u00edcia, pediatria, e medicina da fam\u00edlia e comunidade (sa\u00fade coletiva).<\/p>\n<p>A prova te\u00f3rica tem 100 quest\u00f5es de m\u00faltipla escolha, al\u00e9m das quest\u00f5es discursivas. E o candidato somente poder\u00e1 avan\u00e7ar para a segunda etapa, a da prova pr\u00e1tica, se for aprovado na prova te\u00f3rica.<\/p>\n<p>Esta \u00faltima fase\u00a0avalia as habilidades cl\u00ednicas em cen\u00e1rios de pr\u00e1tica profissional, como atendimento de aten\u00e7\u00e3o prim\u00e1ria, ambulatorial, interna\u00e7\u00e3o hospitalar, pronto-socorro para casos de urg\u00eancia e emerg\u00eancia, al\u00e9m da medicina comunit\u00e1ria, com base na Diretriz Curricular Nacional do Curso de Medicina, nas normas e na legisla\u00e7\u00e3o profissional.<\/p>\n<p>      <!-- Relacionada --><\/p>\n<p>            <!-- Relacionada -->\n    <\/div>\n<p><br \/>\n<br \/><a href=\"https:\/\/agenciabrasil.ebc.com.br\/saude\/noticia\/2025-03\/revalida-2025-recebera-documentos-de-conclusao-de-curso-ate-sabado\" rel=\"noopener\">Ag\u00eancia Brasil <\/a><\/p>\n","protected":false},"excerpt":{"rendered":"<p>Os participantes da primeira etapa do Exame Nacional de Revalida\u00e7\u00e3o de Diplomas M\u00e9dicos Expedidos por Institui\u00e7\u00e3o de Educa\u00e7\u00e3o Superior Estrangeira (Revalida) de 2025 dever\u00e3o enviar\u00a0at\u00e9 s\u00e1bado (29) a documenta\u00e7\u00e3o que comprova\u00a0a conclus\u00e3o do curso no exterior. O exame \u00e9 obrigat\u00f3rio para que\u00a0que m\u00e9dicos formados no exterior possam exercer a profiss\u00e3o no Brasil. O prazo para [&hellip;]<\/p>\n","protected":false},"author":1,"featured_media":6764,"comment_status":"open","ping_status":"open","sticky":false,"template":"","format":"standard","meta":{"_jetpack_newsletter_access":"","_jetpack_dont_email_post_to_subs":false,"_jetpack_newsletter_tier_id":0,"_jetpack_memberships_contains_paywalled_content":false,"_mbp_banners":[],"_jetpack_feature_clip_id":0,"_jetpack_memberships_contains_paid_content":false,"footnotes":"","jetpack_publicize_message":"","jetpack_publicize_feature_enabled":true,"jetpack_social_post_already_shared":true,"jetpack_social_options":{"image_generator_settings":{"template":"highway","default_image_id":0,"font":"","enabled":false},"version":2},"jetpack_post_was_ever_published":false},"categories":[15],"tags":[],"class_list":["post-28028","post","type-post","status-publish","format-standard","has-post-thumbnail","category-saude"],"jetpack_publicize_connections":[],"jetpack-related-posts":[],"jetpack_shortlink":"https:\/\/wp.me\/p7Eq1F-7i4","jetpack_sharing_enabled":true,"jetpack_featured_media_url":"https:\/\/i0.wp.com\/guialimeira.com.br\/news\/wp-content\/uploads\/2024\/05\/revalida_mcamgo_abr_100720211818.jpg?fit=1600%2C800&ssl=1","_links":{"self":[{"href":"https:\/\/guialimeira.com.br\/news\/wp-json\/wp\/v2\/posts\/28028","targetHints":{"allow":["GET"]}}],"collection":[{"href":"https:\/\/guialimeira.com.br\/news\/wp-json\/wp\/v2\/posts"}],"about":[{"href":"https:\/\/guialimeira.com.br\/news\/wp-json\/wp\/v2\/types\/post"}],"author":[{"embeddable":true,"href":"https:\/\/guialimeira.com.br\/news\/wp-json\/wp\/v2\/users\/1"}],"replies":[{"embeddable":true,"href":"https:\/\/guialimeira.com.br\/news\/wp-json\/wp\/v2\/comments?post=28028"}],"version-history":[{"count":0,"href":"https:\/\/guialimeira.com.br\/news\/wp-json\/wp\/v2\/posts\/28028\/revisions"}],"wp:featuredmedia":[{"embeddable":true,"href":"https:\/\/guialimeira.com.br\/news\/wp-json\/wp\/v2\/media\/6764"}],"wp:attachment":[{"href":"https:\/\/guialimeira.com.br\/news\/wp-json\/wp\/v2\/media?parent=28028"}],"wp:term":[{"taxonomy":"category","embeddable":true,"href":"https:\/\/guialimeira.com.br\/news\/wp-json\/wp\/v2\/categories?post=28028"},{"taxonomy":"post_tag","embeddable":true,"href":"https:\/\/guialimeira.com.br\/news\/wp-json\/wp\/v2\/tags?post=28028"}],"curies":[{"name":"wp","href":"https:\/\/api.w.org\/{rel}","templated":true}]}}