{"id":28022,"date":"2025-03-25T11:55:32","date_gmt":"2025-03-25T14:55:32","guid":{"rendered":"https:\/\/guialimeira.com.br\/?p=28022"},"modified":"2025-03-25T11:55:32","modified_gmt":"2025-03-25T14:55:32","slug":"mes-da-empregabilidade-projeto-institui-data-no-calendario-oficial-do-municipio","status":"publish","type":"post","link":"https:\/\/guialimeira.com.br\/news\/mes-da-empregabilidade-projeto-institui-data-no-calendario-oficial-do-municipio\/","title":{"rendered":"M\u00eas da Empregabilidade: projeto institui data no Calend\u00e1rio Oficial do Munic\u00edpio"},"content":{"rendered":"\n<figure class=\"wp-block-gallery has-nested-images columns-default is-cropped wp-block-gallery-1 is-layout-flex wp-block-gallery-is-layout-flex\"><\/figure>\n \r\n<br><img data-recalc-dims=\"1\" decoding=\"async\" src=\"https:\/\/i0.wp.com\/guialimeira.com.br\/wp-content\/uploads\/2025\/03\/2025-03-25_mes-da-empregabilidade-projeto-institui-data-no-calendario-oficial-do-municipio_1.jpg?w=696&#038;ssl=1\" \/><br><div>\n\t\t\t\t\t<p>Aprovado durante a sess\u00e3o ordin\u00e1ria desta segunda-feira, 24 de mar\u00e7o, o <a href=\"https:\/\/consulta.limeira.sp.leg.br\/Documentos\/Documento\/365747\" rel=\"noopener\">Projeto de Lei N\u00ba 13\/2025<\/a>, do vereador Estev\u00e3o Nogueira (Avante), institui o M\u00eas da Empregabilidade no Calend\u00e1rio Oficial do Munic\u00edpio de Limeira, a ser realizado anualmente em maio.\u00a0<\/p><p>A proposta tem como objetivo fomentar a discuss\u00e3o sobre empregabilidade e promover a\u00e7\u00f5es para a inser\u00e7\u00e3o da popula\u00e7\u00e3o no mercado de trabalho. Campanhas sobre o tema devem ser realizadas para diferentes p\u00fablicos-alvo, como:<\/p><ul><li>Crian\u00e7as do ensino fundamental I;<\/li><li>Crian\u00e7as e adolescentes do ensino fundamental II;<\/li><li>Adolescentes e jovens do ensino m\u00e9dio;<\/li><li>Jovens e adultos de ensino t\u00e9cnico e superior;<\/li><li>Adultos;<\/li><li>Pessoas da terceira idade.<\/li><\/ul><p>As a\u00e7\u00f5es promovidas durante o M\u00eas da Empregabilidade devem ser gerenciadas pela Secretaria de Desenvolvimento, Turismo e Inova\u00e7\u00e3o em conjunto com o Posto de Atendimento ao Trabalhador (PAT).\u00a0<\/p><p>\u201cRecentemente, de maneira geral, empregadores se queixam da falta de m\u00e3o de obra, seja especializada ou n\u00e3o. Ocorre que recorrentemente vimos as pessoas tamb\u00e9m se queixarem de n\u00e3o existirem oportunidades para o primeiro emprego ou ainda a recoloca\u00e7\u00e3o no mercado de trabalho\u201d, considerou Estev\u00e3o.<\/p><p>Palestras, cursos profissionalizantes, workshops e mutir\u00f5es de emprego s\u00e3o algumas das sugest\u00f5es de atividades que podem ser oferecidas. A parceria com institui\u00e7\u00f5es de ensino p\u00fablicas ou privadas para a execu\u00e7\u00e3o dos eventos \u00e9 incentivada pelo projeto.<\/p><p>O parlamentar ainda afirmou que o projeto busca levantar discuss\u00f5es sobre o contexto do mercado de trabalho, capacitar e fazer a intera\u00e7\u00e3o entre empregadores, trabalhadores, estudantes e aspirantes a oportunidades laborativas; mais do que isso, preencher postos com cidad\u00e3os limeirenses.<\/p>\t\t\t\t<\/div>\r\n<br>\r\n<br><a href=\"https:\/\/www.limeira.sp.leg.br\/noticias\/view\/2025-03-25_mes-da-empregabilidade-projeto-institui-data-no-calendario-oficial-do-municipio\" rel=\"noopener\">Informa\u00e7\u00f5es CML <\/a>","protected":false},"excerpt":{"rendered":"<p>Aprovado durante a sess\u00e3o ordin\u00e1ria desta segunda-feira, 24 de mar\u00e7o, o Projeto de Lei N\u00ba 13\/2025, do vereador Estev\u00e3o Nogueira (Avante), institui o M\u00eas da Empregabilidade no Calend\u00e1rio Oficial do Munic\u00edpio de Limeira, a ser realizado anualmente em maio.\u00a0 A proposta tem como objetivo fomentar a discuss\u00e3o sobre empregabilidade e promover a\u00e7\u00f5es para a inser\u00e7\u00e3o [&hellip;]<\/p>\n","protected":false},"author":1,"featured_media":28023,"comment_status":"open","ping_status":"open","sticky":false,"template":"","format":"standard","meta":{"_jetpack_newsletter_access":"","_jetpack_dont_email_post_to_subs":false,"_jetpack_newsletter_tier_id":0,"_jetpack_memberships_contains_paywalled_content":false,"_mbp_banners":[],"_jetpack_feature_clip_id":0,"_jetpack_memberships_contains_paid_content":false,"footnotes":"","jetpack_publicize_message":"","jetpack_publicize_feature_enabled":true,"jetpack_social_post_already_shared":true,"jetpack_social_options":{"image_generator_settings":{"template":"highway","default_image_id":0,"font":"","enabled":false},"version":2},"jetpack_post_was_ever_published":false},"categories":[19],"tags":[],"class_list":["post-28022","post","type-post","status-publish","format-standard","has-post-thumbnail","category-politica"],"jetpack_publicize_connections":[],"jetpack-related-posts":[],"jetpack_shortlink":"https:\/\/wp.me\/p7Eq1F-7hY","jetpack_sharing_enabled":true,"jetpack_featured_media_url":"https:\/\/i0.wp.com\/guialimeira.com.br\/news\/wp-content\/uploads\/2025\/03\/Mes-da-Empregabilidade-projeto-institui-data-no-Calendario-Oficial-do.jpg?fit=1280%2C640&ssl=1","_links":{"self":[{"href":"https:\/\/guialimeira.com.br\/news\/wp-json\/wp\/v2\/posts\/28022","targetHints":{"allow":["GET"]}}],"collection":[{"href":"https:\/\/guialimeira.com.br\/news\/wp-json\/wp\/v2\/posts"}],"about":[{"href":"https:\/\/guialimeira.com.br\/news\/wp-json\/wp\/v2\/types\/post"}],"author":[{"embeddable":true,"href":"https:\/\/guialimeira.com.br\/news\/wp-json\/wp\/v2\/users\/1"}],"replies":[{"embeddable":true,"href":"https:\/\/guialimeira.com.br\/news\/wp-json\/wp\/v2\/comments?post=28022"}],"version-history":[{"count":1,"href":"https:\/\/guialimeira.com.br\/news\/wp-json\/wp\/v2\/posts\/28022\/revisions"}],"predecessor-version":[{"id":28024,"href":"https:\/\/guialimeira.com.br\/news\/wp-json\/wp\/v2\/posts\/28022\/revisions\/28024"}],"wp:featuredmedia":[{"embeddable":true,"href":"https:\/\/guialimeira.com.br\/news\/wp-json\/wp\/v2\/media\/28023"}],"wp:attachment":[{"href":"https:\/\/guialimeira.com.br\/news\/wp-json\/wp\/v2\/media?parent=28022"}],"wp:term":[{"taxonomy":"category","embeddable":true,"href":"https:\/\/guialimeira.com.br\/news\/wp-json\/wp\/v2\/categories?post=28022"},{"taxonomy":"post_tag","embeddable":true,"href":"https:\/\/guialimeira.com.br\/news\/wp-json\/wp\/v2\/tags?post=28022"}],"curies":[{"name":"wp","href":"https:\/\/api.w.org\/{rel}","templated":true}]}}