{"id":2802,"date":"2024-04-25T18:00:44","date_gmt":"2024-04-25T21:00:44","guid":{"rendered":"https:\/\/guialimeira.com.br\/2024\/04\/25\/saude-movel-da-mulher-atende-na-regiao-de-santa-teresinha-portal-do-municipio-de-piracicaba\/"},"modified":"2024-04-25T18:00:44","modified_gmt":"2024-04-25T21:00:44","slug":"saude-movel-da-mulher-atende-na-regiao-de-santa-teresinha-portal-do-municipio-de-piracicaba","status":"publish","type":"post","link":"https:\/\/guialimeira.com.br\/news\/saude-movel-da-mulher-atende-na-regiao-de-santa-teresinha-portal-do-municipio-de-piracicaba\/","title":{"rendered":"Sa\u00fade M\u00f3vel da Mulher atende na regi\u00e3o de Santa Teresinha \u2013 Portal do Munic\u00edpio de Piracicaba"},"content":{"rendered":"<p> <br \/>\n<\/p>\n<div itemprop=\"articleBody\">\n<div class=\"m-auto col-lg-8\">\n<figure class=\"text-center\">\n<img data-recalc-dims=\"1\" width=\"696\" height=\"313\" src=\"https:\/\/i0.wp.com\/piracicaba.sp.gov.br\/wp-content\/uploads\/2024\/04\/Na-semana-passada-o-atendimento-aconteceu-na-regiao-do-Parque-Piracicaba-1024x461.jpg?resize=696%2C313&#038;ssl=1\" class=\"img-fluid img-thumbnail border-1 wp-post-image\" alt=\"Na semana passada o atendimento aconteceu na regi\u00e3o do Parque Piracicaba\" itemprop=\"image\" decoding=\"async\" fetchpriority=\"high\" srcset=\"https:\/\/piracicaba.sp.gov.br\/wp-content\/uploads\/2024\/04\/Na-semana-passada-o-atendimento-aconteceu-na-regiao-do-Parque-Piracicaba-1024x461.jpg 1024w, https:\/\/piracicaba.sp.gov.br\/wp-content\/uploads\/2024\/04\/Na-semana-passada-o-atendimento-aconteceu-na-regiao-do-Parque-Piracicaba-300x135.jpg 300w, https:\/\/piracicaba.sp.gov.br\/wp-content\/uploads\/2024\/04\/Na-semana-passada-o-atendimento-aconteceu-na-regiao-do-Parque-Piracicaba-768x346.jpg 768w, https:\/\/piracicaba.sp.gov.br\/wp-content\/uploads\/2024\/04\/Na-semana-passada-o-atendimento-aconteceu-na-regiao-do-Parque-Piracicaba-1536x691.jpg 1536w, https:\/\/piracicaba.sp.gov.br\/wp-content\/uploads\/2024\/04\/Na-semana-passada-o-atendimento-aconteceu-na-regiao-do-Parque-Piracicaba-2048x922.jpg 2048w\" sizes=\"(max-width: 1024px) 100vw, 1024px\"\/><figcaption class=\"text-center small fw-bold fst-italic mt-1\">Na semana passada o atendimento aconteceu na regi\u00e3o do Parque Piracicaba<\/figcaption><\/figure>\n<p>Ap\u00f3s 15 dias atendendo a popula\u00e7\u00e3o feminina na Unidade B\u00e1sica de Sa\u00fade (UBS) Parque Piracicaba, o \u00d4nibus de Sa\u00fade M\u00f3vel da Mulher segue com sua itiner\u00e2ncia na cidade e est\u00e1 estacionado no Varej\u00e3o Municipal de Santa Teresinha, ao lado da Unidade de Sa\u00fade da Fam\u00edlia (USF) IAA 1, at\u00e9 o pr\u00f3ximo dia 03\/05. O Varej\u00e3o fica \u00e0 rua Jo\u00e3o Pedro Corr\u00eaa, 810, e o atendimento das 9h \u00e0s 17h.<\/p>\n<p>A unidade oferta diariamente 40 exames de mamografia (rastreio), 36 de ultrassom transvaginal e outros 36 de ultrassom bilateral, todos voltados \u00e0s mulheres classificadas como casos priorit\u00e1rios ou que est\u00e3o h\u00e1 mais de dois anos aguardando por algum destes procedimentos. As pacientes s\u00e3o agendadas antecipadamente pelas equipes da Secretaria de Sa\u00fade, n\u00e3o havendo atendimento espont\u00e2neo ou de livre demanda no local.<\/p>\n<figure class=\"wp-block-image size-large\"><img data-recalc-dims=\"1\" loading=\"lazy\" decoding=\"async\" width=\"696\" height=\"313\" src=\"https:\/\/i0.wp.com\/piracicaba.sp.gov.br\/wp-content\/uploads\/2024\/04\/Onibus-esta-equipado-com-ferramentas-modernas-para-o-atendimento-em-saude-da-mulher-1024x461.jpg?resize=696%2C313&#038;ssl=1\" alt=\"\u00d4nibus est\u00e1 equipado com ferramentas modernas para o atendimento em sa\u00fade da mulher\" class=\"wp-image-77896\" srcset=\"https:\/\/piracicaba.sp.gov.br\/wp-content\/uploads\/2024\/04\/Onibus-esta-equipado-com-ferramentas-modernas-para-o-atendimento-em-saude-da-mulher-1024x461.jpg 1024w, https:\/\/piracicaba.sp.gov.br\/wp-content\/uploads\/2024\/04\/Onibus-esta-equipado-com-ferramentas-modernas-para-o-atendimento-em-saude-da-mulher-300x135.jpg 300w, https:\/\/piracicaba.sp.gov.br\/wp-content\/uploads\/2024\/04\/Onibus-esta-equipado-com-ferramentas-modernas-para-o-atendimento-em-saude-da-mulher-768x346.jpg 768w, https:\/\/piracicaba.sp.gov.br\/wp-content\/uploads\/2024\/04\/Onibus-esta-equipado-com-ferramentas-modernas-para-o-atendimento-em-saude-da-mulher-1536x691.jpg 1536w, https:\/\/piracicaba.sp.gov.br\/wp-content\/uploads\/2024\/04\/Onibus-esta-equipado-com-ferramentas-modernas-para-o-atendimento-em-saude-da-mulher-2048x922.jpg 2048w\" sizes=\"auto, (max-width: 1024px) 100vw, 1024px\"\/><figcaption class=\"wp-element-caption\"><strong><em>\u00d4nibus est\u00e1 equipado com ferramentas modernas para o atendimento em sa\u00fade da mulher<\/em><\/strong><\/figcaption><\/figure>\n<p>A vinda do \u00f4nibus para esta regi\u00e3o faz parte do projeto Zera Fila na Sa\u00fade, lan\u00e7ado no m\u00eas passado pelo prefeito Luciano Almeida, e consiste na contrata\u00e7\u00e3o de servi\u00e7os em diversas especialidades para encerrar com a lista de espera para consultas, exames e demais procedimentos represados durante os \u00faltimos anos, principalmente em decorr\u00eancia da pandemia da Covid-19.<\/p>\n<p>De acordo com o secret\u00e1rio de Sa\u00fade, Augusto Muzilli J\u00fanior, a expectativa \u00e9 de atender cerca de 12 mil mulheres nos pr\u00f3ximos seis meses. \u201c\u00c9 importante lembrar que as pessoas que est\u00e3o neste grupo priorit\u00e1rio ser\u00e3o contatadas pela Secretaria e informadas da disponibilidade dos exames e ser\u00e1 realizado o agendamento, portanto, \u00e9 muito importante que estas pacientes estejam com seu cadastrado atualizado no Posto de Sa\u00fade e no cart\u00e3o Pira Cidad\u00e3o\u201d, explicou.<\/p>\n<\/div>\n<\/div>\n<p><br \/>\n<br \/><a href=\"https:\/\/piracicaba.sp.gov.br\/noticias\/saude-movel-da-mulher-atende-na-regiao-de-santa-teresinha\/\" rel=\"noopener\">Informa\u00e7\u00f5es PMP <\/a><\/p>\n","protected":false},"excerpt":{"rendered":"<p>Na semana passada o atendimento aconteceu na regi\u00e3o do Parque Piracicaba Ap\u00f3s 15 dias atendendo a popula\u00e7\u00e3o feminina na Unidade B\u00e1sica de Sa\u00fade (UBS) Parque Piracicaba, o \u00d4nibus de Sa\u00fade M\u00f3vel da Mulher segue com sua itiner\u00e2ncia na cidade e est\u00e1 estacionado no Varej\u00e3o Municipal de Santa Teresinha, ao lado da Unidade de Sa\u00fade da [&hellip;]<\/p>\n","protected":false},"author":1,"featured_media":2803,"comment_status":"open","ping_status":"open","sticky":false,"template":"","format":"standard","meta":{"_jetpack_newsletter_access":"","_jetpack_dont_email_post_to_subs":false,"_jetpack_newsletter_tier_id":0,"_jetpack_memberships_contains_paywalled_content":false,"_mbp_banners":[],"_jetpack_feature_clip_id":0,"_jetpack_memberships_contains_paid_content":false,"footnotes":"","jetpack_publicize_message":"","jetpack_publicize_feature_enabled":true,"jetpack_social_post_already_shared":true,"jetpack_social_options":{"image_generator_settings":{"template":"highway","default_image_id":0,"font":"","enabled":false},"version":2},"jetpack_post_was_ever_published":false},"categories":[20],"tags":[],"class_list":["post-2802","post","type-post","status-publish","format-standard","has-post-thumbnail","category-regiao"],"jetpack_publicize_connections":[],"jetpack-related-posts":[],"jetpack_shortlink":"https:\/\/wp.me\/p7Eq1F-Jc","jetpack_sharing_enabled":true,"jetpack_featured_media_url":"https:\/\/i0.wp.com\/guialimeira.com.br\/news\/wp-content\/uploads\/2024\/04\/Na-semana-passada-o-atendimento-aconteceu-na-regiao-do-Parque-Piracicaba-scaled.jpg?fit=2560%2C1152&ssl=1","_links":{"self":[{"href":"https:\/\/guialimeira.com.br\/news\/wp-json\/wp\/v2\/posts\/2802","targetHints":{"allow":["GET"]}}],"collection":[{"href":"https:\/\/guialimeira.com.br\/news\/wp-json\/wp\/v2\/posts"}],"about":[{"href":"https:\/\/guialimeira.com.br\/news\/wp-json\/wp\/v2\/types\/post"}],"author":[{"embeddable":true,"href":"https:\/\/guialimeira.com.br\/news\/wp-json\/wp\/v2\/users\/1"}],"replies":[{"embeddable":true,"href":"https:\/\/guialimeira.com.br\/news\/wp-json\/wp\/v2\/comments?post=2802"}],"version-history":[{"count":0,"href":"https:\/\/guialimeira.com.br\/news\/wp-json\/wp\/v2\/posts\/2802\/revisions"}],"wp:featuredmedia":[{"embeddable":true,"href":"https:\/\/guialimeira.com.br\/news\/wp-json\/wp\/v2\/media\/2803"}],"wp:attachment":[{"href":"https:\/\/guialimeira.com.br\/news\/wp-json\/wp\/v2\/media?parent=2802"}],"wp:term":[{"taxonomy":"category","embeddable":true,"href":"https:\/\/guialimeira.com.br\/news\/wp-json\/wp\/v2\/categories?post=2802"},{"taxonomy":"post_tag","embeddable":true,"href":"https:\/\/guialimeira.com.br\/news\/wp-json\/wp\/v2\/tags?post=2802"}],"curies":[{"name":"wp","href":"https:\/\/api.w.org\/{rel}","templated":true}]}}