{"id":27996,"date":"2025-03-25T09:53:35","date_gmt":"2025-03-25T12:53:35","guid":{"rendered":"https:\/\/guialimeira.com.br\/?p=27996"},"modified":"2025-03-25T09:53:35","modified_gmt":"2025-03-25T12:53:35","slug":"obras-paralisadas-deverao-ter-placas-informando-motivo","status":"publish","type":"post","link":"https:\/\/guialimeira.com.br\/news\/obras-paralisadas-deverao-ter-placas-informando-motivo\/","title":{"rendered":"Obras paralisadas dever\u00e3o ter placas informando motivo"},"content":{"rendered":"\n<figure class=\"wp-block-gallery has-nested-images columns-default is-cropped wp-block-gallery-1 is-layout-flex wp-block-gallery-is-layout-flex\"><\/figure>\n \r\n<br><img data-recalc-dims=\"1\" decoding=\"async\" src=\"https:\/\/i0.wp.com\/guialimeira.com.br\/wp-content\/uploads\/2025\/03\/2025-03-25_obras-paralisadas-deverao-ter-placas-informando-motivo_1.jpg?w=696&#038;ssl=1\" \/><br><div>\n\t\t\t\t\t<p>Obras paralisadas dever\u00e3o ter placas informativas expondo os motivos da paralisa\u00e7\u00e3o. \u00c9 o que determina o <a href=\"http:\/\/consulta.limeira.sp.leg.br\/Documentos\/Documento\/345385\" rel=\"noopener\">Projeto de Lei N\u00b0 62\/2024<\/a>, da vereadora Isabelly Carvalho (PT), que acrescenta o art.1-B \u00e0 <a href=\"http:\/\/legislacao.limeira.sp.leg.br\/Limeira-SP\/LeisOrdinarias\/2893-1998\" rel=\"noopener\">Lei N\u00b0 2.893\/1998<\/a>, aprovado na sess\u00e3o ordin\u00e1ria desta segunda-feira, 24 de mar\u00e7o.<\/p><p>A proposta estabelece a obrigatoriedade da instala\u00e7\u00e3o de placas informativas em obras paralisadas h\u00e1 mais de 60 dias consecutivos, contendo de forma resumida a exposi\u00e7\u00e3o dos motivos que levaram \u00e0 sua paralisa\u00e7\u00e3o, limitando-se aos argumentos t\u00e9cnicos, com escrita simples e objetiva. Dever\u00e3o constar ainda informa\u00e7\u00f5es acerca da previs\u00e3o de continuidade.<\/p><p>A autora destaca que a proposta visa aprimoramento legislativo e transpar\u00eancia aos atos do Poder Executivo. \u201cA popula\u00e7\u00e3o poder\u00e1 realizar um processo de acompanhamento sobre as eventuais paralisa\u00e7\u00f5es, assim como ter conhecimento das motiva\u00e7\u00f5es, sem que para isso deva necessariamente acessar s\u00edtios eletr\u00f4nicos. A presente propositura aproxima a transpar\u00eancia de todos nossos mun\u00edcipes e certamente qualifica a atua\u00e7\u00e3o do poder p\u00fablico municipal\u201d, justificou Isabelly.<\/p><p>O projeto aprovado segue para aprecia\u00e7\u00e3o do prefeito Murilo F\u00e9lix para san\u00e7\u00e3o ou veto. Se sancionado, ser\u00e1 promulgado e publicado no Jornal Oficial do Munic\u00edpio e passa a ser lei.<\/p>\t\t\t\t<\/div>\r\n<br>\r\n<br><a href=\"https:\/\/www.limeira.sp.leg.br\/noticias\/view\/2025-03-25_obras-paralisadas-deverao-ter-placas-informando-motivo\" rel=\"noopener\">Informa\u00e7\u00f5es CML <\/a>","protected":false},"excerpt":{"rendered":"<p>Obras paralisadas dever\u00e3o ter placas informativas expondo os motivos da paralisa\u00e7\u00e3o. \u00c9 o que determina o Projeto de Lei N\u00b0 62\/2024, da vereadora Isabelly Carvalho (PT), que acrescenta o art.1-B \u00e0 Lei N\u00b0 2.893\/1998, aprovado na sess\u00e3o ordin\u00e1ria desta segunda-feira, 24 de mar\u00e7o. A proposta estabelece a obrigatoriedade da instala\u00e7\u00e3o de placas informativas em obras [&hellip;]<\/p>\n","protected":false},"author":1,"featured_media":27997,"comment_status":"open","ping_status":"open","sticky":false,"template":"","format":"standard","meta":{"_jetpack_newsletter_access":"","_jetpack_dont_email_post_to_subs":false,"_jetpack_newsletter_tier_id":0,"_jetpack_memberships_contains_paywalled_content":false,"_mbp_banners":[],"_jetpack_feature_clip_id":0,"_jetpack_memberships_contains_paid_content":false,"footnotes":"","jetpack_publicize_message":"","jetpack_publicize_feature_enabled":true,"jetpack_social_post_already_shared":true,"jetpack_social_options":{"image_generator_settings":{"template":"highway","default_image_id":0,"font":"","enabled":false},"version":2},"jetpack_post_was_ever_published":false},"categories":[19],"tags":[],"class_list":["post-27996","post","type-post","status-publish","format-standard","has-post-thumbnail","category-politica"],"jetpack_publicize_connections":[],"jetpack-related-posts":[],"jetpack_shortlink":"https:\/\/wp.me\/p7Eq1F-7hy","jetpack_sharing_enabled":true,"jetpack_featured_media_url":"https:\/\/i0.wp.com\/guialimeira.com.br\/news\/wp-content\/uploads\/2025\/03\/Obras-paralisadas-deverao-ter-placas-informando-motivo.jpg?fit=1280%2C640&ssl=1","_links":{"self":[{"href":"https:\/\/guialimeira.com.br\/news\/wp-json\/wp\/v2\/posts\/27996","targetHints":{"allow":["GET"]}}],"collection":[{"href":"https:\/\/guialimeira.com.br\/news\/wp-json\/wp\/v2\/posts"}],"about":[{"href":"https:\/\/guialimeira.com.br\/news\/wp-json\/wp\/v2\/types\/post"}],"author":[{"embeddable":true,"href":"https:\/\/guialimeira.com.br\/news\/wp-json\/wp\/v2\/users\/1"}],"replies":[{"embeddable":true,"href":"https:\/\/guialimeira.com.br\/news\/wp-json\/wp\/v2\/comments?post=27996"}],"version-history":[{"count":1,"href":"https:\/\/guialimeira.com.br\/news\/wp-json\/wp\/v2\/posts\/27996\/revisions"}],"predecessor-version":[{"id":27998,"href":"https:\/\/guialimeira.com.br\/news\/wp-json\/wp\/v2\/posts\/27996\/revisions\/27998"}],"wp:featuredmedia":[{"embeddable":true,"href":"https:\/\/guialimeira.com.br\/news\/wp-json\/wp\/v2\/media\/27997"}],"wp:attachment":[{"href":"https:\/\/guialimeira.com.br\/news\/wp-json\/wp\/v2\/media?parent=27996"}],"wp:term":[{"taxonomy":"category","embeddable":true,"href":"https:\/\/guialimeira.com.br\/news\/wp-json\/wp\/v2\/categories?post=27996"},{"taxonomy":"post_tag","embeddable":true,"href":"https:\/\/guialimeira.com.br\/news\/wp-json\/wp\/v2\/tags?post=27996"}],"curies":[{"name":"wp","href":"https:\/\/api.w.org\/{rel}","templated":true}]}}