{"id":2798,"date":"2024-04-25T17:22:48","date_gmt":"2024-04-25T20:22:48","guid":{"rendered":"https:\/\/guialimeira.com.br\/2024\/04\/25\/imposto-de-renda-cidadao-e-estrategia-segura-para-ajudar-programas-sociais-de-limeira-destaca-fundo-social\/"},"modified":"2024-04-25T17:22:48","modified_gmt":"2024-04-25T20:22:48","slug":"imposto-de-renda-cidadao-e-estrategia-segura-para-ajudar-programas-sociais-de-limeira-destaca-fundo-social","status":"publish","type":"post","link":"https:\/\/guialimeira.com.br\/news\/imposto-de-renda-cidadao-e-estrategia-segura-para-ajudar-programas-sociais-de-limeira-destaca-fundo-social\/","title":{"rendered":"\u201cImposto de Renda Cidad\u00e3o\u201d \u00e9 estrat\u00e9gia segura para ajudar programas sociais de Limeira, destaca Fundo Social"},"content":{"rendered":"<p> <br \/>\n<\/p>\n<div>\n            <main class=\"\">&#13;<br \/>\n                &#13;<br \/>\n&#13;<br \/>\n&#13;<br \/>\n&#13;<br \/>\n    <img data-recalc-dims=\"1\" decoding=\"async\" src=\"https:\/\/i0.wp.com\/ecrie.com.br\/sistema\/conteudos\/imagem\/m_137_0_1_25042024171513.jpg?w=696&#038;ssl=1\" alt=\"\u201cImposto de Renda Cidad\u00e3o\u201d \u00e9 estrat\u00e9gia segura para ajudar programas sociais de Limeira, destaca Fundo Social\"\/>&#13;<br \/>\n&#13;<\/p>\n<p>O Fundo Social de Limeira orienta os contribuintes sobre a campanha\u00a0\u201cImposto de Renda Cidad\u00e3o\u201d, iniciativa lan\u00e7ada no ano passado que prev\u00ea\u00a0a destina\u00e7\u00e3o de parte do Imposto de Renda (IR) a institui\u00e7\u00f5es de atendimento a\u00a0crian\u00e7as, adolescentes e idosos\u00a0do munic\u00edpio. O prazo final para a entrega do IR\u00a02024, ano-calend\u00e1rio 2023, \u00e9 31 de maio.\u00a0<\/p>\n<p>&#13;<\/p>\n<p>De acordo com a campanha, at\u00e9 6% do valor devido ou a restituir pode ser encaminhado ao Fundo Municipal do Idoso e ao Fundo Municipal dos Diretos da Crian\u00e7a e do Adolescente. Dessa maneira, o valor ser\u00e1 dividido igualmente entre ambos os fundos.<\/p>\n<p>&#13;<\/p>\n<p>\u201cEssa \u00e9 uma maneira segura e legal de ajudar projetos sociais, permitindo que esses recursos fiquem no munic\u00edpio\u201d, afirmou\u00a0a primeira-dama e presidente do Fundo Social, Roberta Botion. Para tanto, o contribuinte deve usar o modelo de declara\u00e7\u00e3o completo.<\/p>\n<p>&#13;<\/p>\n<p>O consultor da empresa Doutor IR, Valter Koppe, esclareceu que o contribuinte pode aderir ao \u201cImposto de Renda Cidad\u00e3o\u201d\u00a0mesmo que ele tenha imposto a restituir, no caso, o valor da doa\u00e7\u00e3o \u00e9 deduzido do montante a ser restitu\u00eddo.<\/p>\n<p>&#13;<\/p>\n<p>A campanha em Limeira \u00e9 resultado de parceria do Fundo Social com a Receita Federal, entidades assistenciais e conselhos do Idoso e dos Direitos da Crian\u00e7a e do Adolescente, com apoio do Ciesp, Fiesp, Acil, sindicatos, contadores e volunt\u00e1rios.<\/p>\n<p>&#13;<\/p>\n<p>Confira v\u00eddeos e material da campanha pelo link: https:\/\/www.limeira.sp.gov.br\/secretarias\/gabinete-do-prefeito\/imposto-de-renda-cidadao<\/p>\n<p>&#13;<\/p>\n<p>\u00a0<\/p>\n<p>&#13;<\/p>\n<p>\u00a0<\/p>\n<p>&#13;<br \/>\n&#13;<br \/>\n&#13;<br \/>\n&#13;<\/p>\n<aside class=\"list-related no-print\">&#13;<br \/>\n        &#13;<br \/>\n&#13;<\/p>\n<article class=\"list-item noticias \">&#13;<br \/>\n                    <a class=\"list-item__img\" href=\"https:\/\/limeira.sp.gov.br\/imprensa\/noticias\/ceprosom\/atualizacao-de-sistema-suspendera-atendimento-do-cadastro-unico-nos-dias-6-e-7-de-maio\" tabindex=\"-1\" aria-hidden=\"true\" rel=\"noopener\">&#13;<br \/>\n                        <img data-recalc-dims=\"1\" decoding=\"async\" src=\"https:\/\/i0.wp.com\/ecrie.com.br\/sistema\/conteudos\/imagem\/m_137_0_1_25042024165420.jpg?w=696&#038;ssl=1\" alt=\"Atualiza\u00e7\u00e3o de sistema suspender\u00e1 atendimento do Cadastro \u00danico nos dias 6 e 7 de maio\"\/>&#13;<br \/>\n                    <\/a>&#13;<br \/>\n&#13;<br \/>\n                &#13;<br \/>\n            <\/article>\n<p>&#13;<\/p>\n<article class=\"list-item noticias \">&#13;<br \/>\n                    <a class=\"list-item__img\" href=\"https:\/\/limeira.sp.gov.br\/imprensa\/noticias\/ceprosom\/prefeitura-oferece-curso-gratuito-de-programacao-python\" tabindex=\"-1\" aria-hidden=\"true\" rel=\"noopener\">&#13;<br \/>\n                        <img data-recalc-dims=\"1\" decoding=\"async\" src=\"https:\/\/i0.wp.com\/ecrie.com.br\/sistema\/conteudos\/imagem\/m_137_0_1_23042024143103.jpg?w=696&#038;ssl=1\" alt=\"Prefeitura oferece curso gratuito de linguagem de programa\u00e7\u00e3o Python\"\/>&#13;<br \/>\n                    <\/a>&#13;<br \/>\n&#13;<br \/>\n                &#13;<br \/>\n            <\/article>\n<p>&#13;<\/p>\n<article class=\"list-item noticias \">&#13;<br \/>\n                    <a class=\"list-item__img\" href=\"https:\/\/limeira.sp.gov.br\/imprensa\/noticias\/ceprosom\/no-cras-ceu-erika-tank-confere-projeto-cidadania-itinerante\" tabindex=\"-1\" aria-hidden=\"true\" rel=\"noopener\">&#13;<br \/>\n                        <img data-recalc-dims=\"1\" decoding=\"async\" src=\"https:\/\/i0.wp.com\/ecrie.com.br\/sistema\/conteudos\/imagem\/m_137_0_1_19042024150503.jpg?w=696&#038;ssl=1\" alt=\"No Cras CEU, Erika Tank confere projeto Cidadania Itinerante\"\/>&#13;<br \/>\n                    <\/a>&#13;<br \/>\n&#13;<br \/>\n                &#13;<br \/>\n            <\/article>\n<p>&#13;<br \/>\n    <\/aside>\n<p>&#13;<br \/>\n&#13;<br \/>\n            <\/main><\/p><\/div>\n<p><br \/>\n<br \/><a href=\"https:\/\/limeira.sp.gov.br\/imposto-de-renda-cidadao-e-estrategia-segura-para-ajudar-programas-sociais-de-limeira-destaca-fundo-social\" rel=\"noopener\">Informa\u00e7\u00f5es da PML <\/a><\/p>\n","protected":false},"excerpt":{"rendered":"<p>&#13; &#13; &#13; &#13; &#13; &#13; &#13; O Fundo Social de Limeira orienta os contribuintes sobre a campanha\u00a0\u201cImposto de Renda Cidad\u00e3o\u201d, iniciativa lan\u00e7ada no ano passado que prev\u00ea\u00a0a destina\u00e7\u00e3o de parte do Imposto de Renda (IR) a institui\u00e7\u00f5es de atendimento a\u00a0crian\u00e7as, adolescentes e idosos\u00a0do munic\u00edpio. O prazo final para a entrega do IR\u00a02024, ano-calend\u00e1rio 2023, [&hellip;]<\/p>\n","protected":false},"author":1,"featured_media":2799,"comment_status":"open","ping_status":"open","sticky":false,"template":"","format":"standard","meta":{"_jetpack_newsletter_access":"","_jetpack_dont_email_post_to_subs":false,"_jetpack_newsletter_tier_id":0,"_jetpack_memberships_contains_paywalled_content":false,"_mbp_banners":[],"_jetpack_feature_clip_id":0,"_jetpack_memberships_contains_paid_content":false,"footnotes":"","jetpack_publicize_message":"","jetpack_publicize_feature_enabled":true,"jetpack_social_post_already_shared":true,"jetpack_social_options":{"image_generator_settings":{"template":"highway","default_image_id":0,"font":"","enabled":false},"version":2},"jetpack_post_was_ever_published":false},"categories":[16],"tags":[],"class_list":["post-2798","post","type-post","status-publish","format-standard","has-post-thumbnail","category-local"],"jetpack_publicize_connections":[],"jetpack-related-posts":[],"jetpack_shortlink":"https:\/\/wp.me\/p7Eq1F-J8","jetpack_sharing_enabled":true,"jetpack_featured_media_url":"https:\/\/i0.wp.com\/guialimeira.com.br\/news\/wp-content\/uploads\/2024\/04\/m_137_0_1_25042024171513.jpg?fit=900%2C598&ssl=1","_links":{"self":[{"href":"https:\/\/guialimeira.com.br\/news\/wp-json\/wp\/v2\/posts\/2798","targetHints":{"allow":["GET"]}}],"collection":[{"href":"https:\/\/guialimeira.com.br\/news\/wp-json\/wp\/v2\/posts"}],"about":[{"href":"https:\/\/guialimeira.com.br\/news\/wp-json\/wp\/v2\/types\/post"}],"author":[{"embeddable":true,"href":"https:\/\/guialimeira.com.br\/news\/wp-json\/wp\/v2\/users\/1"}],"replies":[{"embeddable":true,"href":"https:\/\/guialimeira.com.br\/news\/wp-json\/wp\/v2\/comments?post=2798"}],"version-history":[{"count":0,"href":"https:\/\/guialimeira.com.br\/news\/wp-json\/wp\/v2\/posts\/2798\/revisions"}],"wp:featuredmedia":[{"embeddable":true,"href":"https:\/\/guialimeira.com.br\/news\/wp-json\/wp\/v2\/media\/2799"}],"wp:attachment":[{"href":"https:\/\/guialimeira.com.br\/news\/wp-json\/wp\/v2\/media?parent=2798"}],"wp:term":[{"taxonomy":"category","embeddable":true,"href":"https:\/\/guialimeira.com.br\/news\/wp-json\/wp\/v2\/categories?post=2798"},{"taxonomy":"post_tag","embeddable":true,"href":"https:\/\/guialimeira.com.br\/news\/wp-json\/wp\/v2\/tags?post=2798"}],"curies":[{"name":"wp","href":"https:\/\/api.w.org\/{rel}","templated":true}]}}