{"id":27974,"date":"2025-03-25T06:40:23","date_gmt":"2025-03-25T09:40:23","guid":{"rendered":"https:\/\/guialimeira.com.br\/2025\/03\/25\/contra-o-sarampo-rio-tera-vacinacao-na-central-do-brasil\/"},"modified":"2025-03-25T06:40:23","modified_gmt":"2025-03-25T09:40:23","slug":"contra-o-sarampo-rio-tera-vacinacao-na-central-do-brasil","status":"publish","type":"post","link":"https:\/\/guialimeira.com.br\/news\/contra-o-sarampo-rio-tera-vacinacao-na-central-do-brasil\/","title":{"rendered":"Contra o sarampo, Rio ter\u00e1 vacina\u00e7\u00e3o na Central do Brasil"},"content":{"rendered":"<p> <br \/>\n<\/p>\n<div>\n<p>A Secretaria Municipal de Sa\u00fade do Rio leva a vacina\u00e7\u00e3o contra o sarampo para o terminal de trens da Central do Brasil, nesta ter\u00e7a-feira (25), a partir das 7h45. A a\u00e7\u00e3o faz parte da mobiliza\u00e7\u00e3o contra a doen\u00e7a, <a href=\"https:\/\/agenciabrasil.ebc.com.br\/saude\/noticia\/2025-03\/rio-confirma-dois-casos-de-sarampo-na-baixada-fluminense\" rel=\"noopener\">que voltou a ter casos confirmados no estado do Rio de Janeiro neste ano<\/a>.\u00a0A vacina\u00e7\u00e3o ocorrer\u00e1 das 8 \u00e0s 16h, na ter\u00e7a-feira e na quinta-feira.<img data-recalc-dims=\"1\" decoding=\"async\" src=\"https:\/\/i0.wp.com\/agenciabrasil.ebc.com.br\/ebc.png?w=696&#038;ssl=1\" style=\"width:1px; height:1px; display:inline;\"\/><img data-recalc-dims=\"1\" decoding=\"async\" src=\"https:\/\/i0.wp.com\/agenciabrasil.ebc.com.br\/ebc.gif?w=696&#038;ssl=1\" style=\"width:1px; height:1px; display:inline;\"\/><\/p>\n<p><strong>H\u00e1 duas vacinas dispon\u00edveis para prote\u00e7\u00e3o contra o sarampo: vacina tr\u00edplice viral (sarampo, caxumba e rub\u00e9ola) e a tetraviral (sarampo, caxumba, rub\u00e9ola e varicela). Ambas s\u00e3o contraindicadas para gestantes.<\/strong><\/p>\n<p>Os imunizantes tamb\u00e9m est\u00e3o dispon\u00edveis\u00a0para crian\u00e7as e adultos em todas as 239 unidades de Aten\u00e7\u00e3o Prim\u00e1ria do munic\u00edpio, como cl\u00ednicas da fam\u00edlia e centros municipais de sa\u00fade.\u00a0<\/p>\n<p><strong>Ao anunciar <a href=\"https:\/\/agenciabrasil.ebc.com.br\/saude\/noticia\/2025-03\/rio-confirma-dois-casos-de-sarampo-na-baixada-fluminense\" rel=\"noopener\">a vacina\u00e7\u00e3o em pontos de grande circula\u00e7\u00e3o<\/a>, a prefeitura do Rio busca\u00a0completar o esquema vacinal contra o sarampo para adultos de 18 a 59 anos que n\u00e3o estejam imunizados.<\/strong><\/p>\n<p>Na rotina do Programa Nacional de Imuniza\u00e7\u00f5es (PNI) para a vacina\u00e7\u00e3o infantil, a primeira dose desta vacina \u00e9 aplicada aos 12 meses de idade.\u00a0Aos 15 meses, est\u00e1 prevista a vacina combinada \u00e0\u00a0vacina varicela, a tetraviral.<\/p>\n<p>Caso n\u00e3o tenham sido vacinadas na inf\u00e2ncia, est\u00e3o\u00a0contemplados na vacina\u00e7\u00e3o de rotina do PNI as pessoas at\u00e9 29 anos, com duas doses,\u00a0em intervalo m\u00ednimo de 30 dias;\u00a0e as pessoas entre 30 e 59 anos, com uma dose.<\/p>\n<p><strong>De acordo com o secret\u00e1rio municipal de Sa\u00fade do Rio, Daniel Soranz, \u201cem 2025, at\u00e9 o momento, o munic\u00edpio do Rio n\u00e3o registrou nenhum caso da doen\u00e7a, mas h\u00e1 casos recentes em cidades vizinhas\u201d, alertou.<\/strong><\/p>\n<h2>Sintomas<\/h2>\n<p>O sarampo \u00e9 uma doen\u00e7a febril aguda, altamente transmiss\u00edvel, que pode acometer pessoas em qualquer faixa et\u00e1ria. Sua transmiss\u00e3o ocorre diretamente por contato direto pessoa a pessoa, por meio de got\u00edculas de secre\u00e7\u00f5es expelidas ao falar, tossir ou espirrar.<\/p>\n<p>Al\u00e9m disso, o cont\u00e1gio tamb\u00e9m ocorre por dispers\u00e3o de got\u00edculas com part\u00edculas virais no ar, em ambientes fechados como, por exemplo, escolas, creches e cl\u00ednicas.<\/p>\n<p><strong>Principais sintomas do sarampo:<\/strong><\/p>\n<ul>\n<li>Manchas vermelhas (exantema) no corpo e febre alta (acima de 38,5\u00b0) acompanhada de um ou mais dos seguintes sintomas:<\/li>\n<li>Tosse seca;<\/li>\n<li>Irrita\u00e7\u00e3o nos olhos (conjuntivite);<\/li>\n<li>Nariz escorrendo ou entupido;<\/li>\n<li>Mal-estar intenso;<\/li>\n<\/ul>\n<p>O sarampo \u00e9 uma doen\u00e7a que pode causar quadros graves, provocando a morte ou\u00a0deixando sequelas por toda a vida.\u00a0<\/p>\n<p><strong>Segundo o Minist\u00e9rio da sa\u00fade, algumas das complica\u00e7\u00f5es do sarampo s\u00e3o:<\/strong><\/p>\n<ul>\n<li><strong>Pneumonia<\/strong> \u2500\u00a0Uma em cada 20 crian\u00e7as pode desenvolver pneumonia, causa mais comum de morte por sarampo em crian\u00e7as pequenas;<\/li>\n<li><strong>Otite m\u00e9dia aguda<\/strong> \u2500\u00a0Chega a acometer uma em 10 crian\u00e7as com sarampo, e pode resultar em perda auditiva permanente;<\/li>\n<li><strong>Encefalite aguda <\/strong>\u2500\u00a0At\u00e9 quatro\u00a0em cada 1 mil crian\u00e7as podem desenvolver essa complica\u00e7\u00e3o, que leva \u00e0 morte em\u00a010% dos casos;<\/li>\n<li><strong>Morte<\/strong>\u00a0\u2500\u00a0At\u00e9 tr\u00eas em\u00a0cada 1 mil crian\u00e7as n\u00e3o resistem \u00e0 doen\u00e7a.<\/li>\n<\/ul>\n<p>      <!-- Relacionada --><\/p>\n<p>            <!-- Relacionada -->\n    <\/div>\n<p><br \/>\n<br \/><a href=\"https:\/\/agenciabrasil.ebc.com.br\/saude\/noticia\/2025-03\/contra-o-sarampo-rio-tera-vacinacao-na-central-do-brasil\" rel=\"noopener\">Ag\u00eancia Brasil <\/a><\/p>\n","protected":false},"excerpt":{"rendered":"<p>A Secretaria Municipal de Sa\u00fade do Rio leva a vacina\u00e7\u00e3o contra o sarampo para o terminal de trens da Central do Brasil, nesta ter\u00e7a-feira (25), a partir das 7h45. A a\u00e7\u00e3o faz parte da mobiliza\u00e7\u00e3o contra a doen\u00e7a, que voltou a ter casos confirmados no estado do Rio de Janeiro neste ano.\u00a0A vacina\u00e7\u00e3o ocorrer\u00e1 das [&hellip;]<\/p>\n","protected":false},"author":1,"featured_media":2917,"comment_status":"open","ping_status":"open","sticky":false,"template":"","format":"standard","meta":{"_jetpack_newsletter_access":"","_jetpack_dont_email_post_to_subs":false,"_jetpack_newsletter_tier_id":0,"_jetpack_memberships_contains_paywalled_content":false,"_mbp_banners":[],"_jetpack_feature_clip_id":0,"_jetpack_memberships_contains_paid_content":false,"footnotes":"","jetpack_publicize_message":"","jetpack_publicize_feature_enabled":true,"jetpack_social_post_already_shared":true,"jetpack_social_options":{"image_generator_settings":{"template":"highway","default_image_id":0,"font":"","enabled":false},"version":2},"jetpack_post_was_ever_published":false},"categories":[15],"tags":[],"class_list":["post-27974","post","type-post","status-publish","format-standard","has-post-thumbnail","category-saude"],"jetpack_publicize_connections":[],"jetpack-related-posts":[],"jetpack_shortlink":"https:\/\/wp.me\/p7Eq1F-7hc","jetpack_sharing_enabled":true,"jetpack_featured_media_url":"https:\/\/i0.wp.com\/guialimeira.com.br\/news\/wp-content\/uploads\/2024\/04\/dsc8066.jpg?fit=1600%2C800&ssl=1","_links":{"self":[{"href":"https:\/\/guialimeira.com.br\/news\/wp-json\/wp\/v2\/posts\/27974","targetHints":{"allow":["GET"]}}],"collection":[{"href":"https:\/\/guialimeira.com.br\/news\/wp-json\/wp\/v2\/posts"}],"about":[{"href":"https:\/\/guialimeira.com.br\/news\/wp-json\/wp\/v2\/types\/post"}],"author":[{"embeddable":true,"href":"https:\/\/guialimeira.com.br\/news\/wp-json\/wp\/v2\/users\/1"}],"replies":[{"embeddable":true,"href":"https:\/\/guialimeira.com.br\/news\/wp-json\/wp\/v2\/comments?post=27974"}],"version-history":[{"count":0,"href":"https:\/\/guialimeira.com.br\/news\/wp-json\/wp\/v2\/posts\/27974\/revisions"}],"wp:featuredmedia":[{"embeddable":true,"href":"https:\/\/guialimeira.com.br\/news\/wp-json\/wp\/v2\/media\/2917"}],"wp:attachment":[{"href":"https:\/\/guialimeira.com.br\/news\/wp-json\/wp\/v2\/media?parent=27974"}],"wp:term":[{"taxonomy":"category","embeddable":true,"href":"https:\/\/guialimeira.com.br\/news\/wp-json\/wp\/v2\/categories?post=27974"},{"taxonomy":"post_tag","embeddable":true,"href":"https:\/\/guialimeira.com.br\/news\/wp-json\/wp\/v2\/tags?post=27974"}],"curies":[{"name":"wp","href":"https:\/\/api.w.org\/{rel}","templated":true}]}}