{"id":27970,"date":"2025-03-24T23:36:33","date_gmt":"2025-03-25T02:36:33","guid":{"rendered":"https:\/\/guialimeira.com.br\/2025\/03\/24\/lula-e-janja-sao-recebidos-por-casal-imperial-do-japao\/"},"modified":"2025-03-24T23:36:33","modified_gmt":"2025-03-25T02:36:33","slug":"lula-e-janja-sao-recebidos-por-casal-imperial-do-japao","status":"publish","type":"post","link":"https:\/\/guialimeira.com.br\/news\/lula-e-janja-sao-recebidos-por-casal-imperial-do-japao\/","title":{"rendered":"Lula e Janja s\u00e3o recebidos por casal imperial do Jap\u00e3o"},"content":{"rendered":"<p> <br \/>\n<\/p>\n<div>\n<p>O <strong>presidente Luiz In\u00e1cio Lula da Silva e a primeira-dama Janja da Silva<\/strong> <strong>foram recebidos pelo imperador do Jap\u00e3o, Naruhito, e a imperatriz Masako<\/strong>, \u00e0s\u00a021h20 desta segunda-feira (24), manh\u00e3 de ter\u00e7a-feira (25) no hor\u00e1rio oficial de T\u00f3quio (12 horas \u00e0 frente do hor\u00e1rio de Bras\u00edlia).<img data-recalc-dims=\"1\" decoding=\"async\" src=\"https:\/\/i0.wp.com\/agenciabrasil.ebc.com.br\/ebc.png?w=696&#038;ssl=1\" style=\"width:1px; height:1px; display:inline;\"\/><img data-recalc-dims=\"1\" decoding=\"async\" src=\"https:\/\/i0.wp.com\/agenciabrasil.ebc.com.br\/ebc.gif?w=696&#038;ssl=1\" style=\"width:1px; height:1px; display:inline;\"\/><\/p>\n<p>A<strong> cerim\u00f4nia de boas-vindas<\/strong>, com honras militares, <strong>ocorreu no Pal\u00e1cio Imperial, na capital japonesa, no primeiro ato oficial da visita de Estado de Lula ao pa\u00eds asi\u00e1tico<\/strong>.<\/p>\n<p>De acordo com o Pal\u00e1cio do Itamaraty, no Jap\u00e3o, as visitas de Estado, consideradas as mais relevantes do ponto de vista diplom\u00e1tico, s\u00e3o organizadas, no m\u00e1ximo, uma vez por ano, e esta ser\u00e1 a primeira visita de Estado organizada pelo Jap\u00e3o desde 2019.<\/p>\n<p>Este ano, <strong>Brasil e Jap\u00e3o celebram 130 anos de rela\u00e7\u00f5es diplom\u00e1ticas<\/strong>. O <strong>Brasil abriga a maior popula\u00e7\u00e3o nipodescendente fora do Jap\u00e3o<\/strong>, com cerca de 2 milh\u00f5es de pessoas, enquanto o <strong>Jap\u00e3o abriga a quinta maior comunidade brasileira no exterior<\/strong>, com cerca de 200 mil pessoas.<\/p>\n<p>Ap\u00f3s a recep\u00e7\u00e3o, <strong>Lula e Janja cumprimentaram a delega\u00e7\u00e3o japonesa, ao som de m\u00fasicas brasileiras, como<em> Aquarela do Brasil<\/em>, de Ary Barroso<\/strong>, executada pela banda militar imperial do pa\u00eds anfitri\u00e3o.<\/p>\n<div class=\"dnd-widget-wrapper context-grande_6colunas type-image atom-align-left\">\n<div class=\"dnd-atom-rendered\"><!-- scald=418460:grande_6colunas {\"additionalClasses\":\"\"} --><br \/>\n            <img data-recalc-dims=\"1\" decoding=\"async\" src=\"https:\/\/i0.wp.com\/imagens.ebc.com.br\/rVxbzgToGrsZpaCuwa2Dvg8So9w%3D\/463x0\/smart\/https%3A\/\/agenciabrasil.ebc.com.br\/sites\/default\/files\/thumbnails\/image\/2025\/03\/24\/lula_japao.jpg?w=696&#038;ssl=1\" alt=\"Presidente da Rep\u00fablica, Luiz In\u00e1cio Lula da Silva, durante chegada a T\u00f3quio. Aeroporto Haneda, T\u00f3quio - Jap\u00e3o.\" title=\"Ricardo Stuckert \/ PR\"\/><br \/>\n        <img data-recalc-dims=\"1\" decoding=\"async\" src=\"https:\/\/i0.wp.com\/imagens.ebc.com.br\/rVxbzgToGrsZpaCuwa2Dvg8So9w%3D\/463x0\/smart\/https%3A\/\/agenciabrasil.ebc.com.br\/sites\/default\/files\/thumbnails\/image\/2025\/03\/24\/lula_japao.jpg?w=696&#038;ssl=1\" alt=\"Presidente da Rep\u00fablica, Luiz In\u00e1cio Lula da Silva, durante chegada a T\u00f3quio. Aeroporto Haneda, T\u00f3quio - Jap\u00e3o.\" title=\"Ricardo Stuckert \/ PR\"\/><br \/>\n    <!-- END scald=418460 --><\/div>\n<p><h6 class=\"meta\"><!--copyright=418460-->Presidente Lula e comitiva durante chegada a T\u00f3quio. <strong>Foto:<\/strong>\u00a0<strong>Ricardo Stuckert \/ PR<\/strong><!--END copyright=418460--><\/h6>\n<\/p>\n<\/div>\n<p>Do lado brasileiro, cerca de 20 ministros, parlamentares e autoridades, incluindo os <strong>presidentes do Senado, Davi Alcolumbre (Uni\u00e3o-AP) e da C\u00e2mara dos Deputados, Hugo Motta (Republicanos-PB), acompanham o presidente<\/strong>.<\/p>\n<p>Em seguida, Lula seguiu para uma reuni\u00e3o reservada com o casal imperial.<\/p>\n<p>Segundo a agenda oficial, ap\u00f3s o encontro reservado e cumprimentos do casal imperial \u00e0 delega\u00e7\u00e3o brasileira, est\u00e1 previsto um almo\u00e7o privado do presidente.<\/p>\n<p>Por volta das 15h, hor\u00e1rio local (3h no hor\u00e1rio de Bras\u00edlia), <strong>Lula ter\u00e1 reuni\u00e3o com integrantes da Associa\u00e7\u00e3o Brasileira das Ind\u00fastrias Exportadoras de Carnes (ABIEC)<\/strong>. No in\u00edcio da noite de ter\u00e7a, no hor\u00e1rio japon\u00eas, a delega\u00e7\u00e3o brasileira participa de um jantar oferecido pelas majestades imperiais.<\/p>\n<p><strong>Nesta quarta-feira (26), Lula participar\u00e1 do F\u00f3rum Empresarial Brasil-Jap\u00e3o, com cerca de 500 empres\u00e1rios de ambos os pa\u00edses<\/strong>, e ter\u00e1 uma reuni\u00e3o com o primeiro-ministro Shigeru Ishiba, seguido de um jantar oferecido pelo anfitri\u00e3o no Pal\u00e1cio Akasaka.<\/p>\n<h2>Carne brasileira e Mercosul<\/h2>\n<p>Uma das expectativas da viagem, em termos comerciais, \u00e9 de<a href=\"https:\/\/agenciabrasil.ebc.com.br\/internacional\/noticia\/2025-03\/lula-viaja-ao-japao-para-discutir-acordo-com-mercosul-e-carne-bovina\" target=\"_blank\" rel=\"noopener\"> abrir o mercado japon\u00eas para a carne bovina brasileira<\/a>\u00a0e <strong>avan\u00e7ar nas negocia\u00e7\u00f5es para um acordo entre o gigante asi\u00e1tico e os pa\u00edses do Mercosul (Brasil, Argentina, Uruguai e Paraguai)<\/strong>.<\/p>\n<p>Do ponto de vista comercial,<strong> em 2024<\/strong>, o <strong>Jap\u00e3o foi o terceiro maior parceiro comercial do Brasil na \u00c1sia e terceiro maior destino de exporta\u00e7\u00f5es brasileiras \u00e0 regi\u00e3<\/strong>o, com interc\u00e2mbio comercial de US$ 11 bilh\u00f5es e super\u00e1vit de US$ 148 milh\u00f5es. Segundo o Banco Central (BC), em 2023, o Jap\u00e3o respondia por um total de US$ 35 bilh\u00f5es em investimentos diretos no pa\u00eds, sendo o nono maior estoque de Investimentos Estrangeiros Diretos (IED) no Brasil e o segundo maior investidor asi\u00e1tico.<\/p>\n<p>A <strong>\u00faltima visita de Lula ao Jap\u00e3o ocorreu em 2023<\/strong>, quando ele participou, como convidado, da C\u00fapula do G7. E, ao todo, esta \u00e9 a quinta vez que Lula visita o Jap\u00e3o como presidente da Rep\u00fablica, ao longo de seus mandatos.\u00a0<\/p>\n<p><strong>Nos dias 28 e 29 de mar\u00e7o, Lula cumpre visita oficial em\u00a0Han\u00f3i, no Vietn\u00e3<\/strong>. O primeiro-ministro do pa\u00eds do Sudeste Asi\u00e1tico, Pham Minh Ch\u00ednh, esteve no Brasil em 2023.<\/p>\n<p>O presidente retorna ao Brasil no dia 30.<\/p>\n<p>      <!-- Relacionada --><\/p>\n<p>            <!-- Relacionada -->\n    <\/div>\n<p><br \/>\n<br \/><a href=\"https:\/\/agenciabrasil.ebc.com.br\/internacional\/noticia\/2025-03\/lula-e-janja-sao-recebidos-por-casal-imperial-do-japao\" rel=\"noopener\">Ag\u00eancia Brasil <\/a><\/p>\n","protected":false},"excerpt":{"rendered":"<p>O presidente Luiz In\u00e1cio Lula da Silva e a primeira-dama Janja da Silva foram recebidos pelo imperador do Jap\u00e3o, Naruhito, e a imperatriz Masako, \u00e0s\u00a021h20 desta segunda-feira (24), manh\u00e3 de ter\u00e7a-feira (25) no hor\u00e1rio oficial de T\u00f3quio (12 horas \u00e0 frente do hor\u00e1rio de Bras\u00edlia). A cerim\u00f4nia de boas-vindas, com honras militares, ocorreu no Pal\u00e1cio [&hellip;]<\/p>\n","protected":false},"author":1,"featured_media":27971,"comment_status":"open","ping_status":"open","sticky":false,"template":"","format":"standard","meta":{"_jetpack_newsletter_access":"","_jetpack_dont_email_post_to_subs":false,"_jetpack_newsletter_tier_id":0,"_jetpack_memberships_contains_paywalled_content":false,"_mbp_banners":[],"_jetpack_feature_clip_id":0,"_jetpack_memberships_contains_paid_content":false,"footnotes":"","jetpack_publicize_message":"","jetpack_publicize_feature_enabled":true,"jetpack_social_post_already_shared":true,"jetpack_social_options":{"image_generator_settings":{"template":"highway","default_image_id":0,"font":"","enabled":false},"version":2},"jetpack_post_was_ever_published":false},"categories":[25],"tags":[],"class_list":["post-27970","post","type-post","status-publish","format-standard","has-post-thumbnail","category-internacional"],"jetpack_publicize_connections":[],"jetpack-related-posts":[],"jetpack_shortlink":"https:\/\/wp.me\/p7Eq1F-7h8","jetpack_sharing_enabled":true,"jetpack_featured_media_url":"https:\/\/i0.wp.com\/guialimeira.com.br\/news\/wp-content\/uploads\/2025\/03\/lula_japao.jpg?fit=1600%2C800&ssl=1","_links":{"self":[{"href":"https:\/\/guialimeira.com.br\/news\/wp-json\/wp\/v2\/posts\/27970","targetHints":{"allow":["GET"]}}],"collection":[{"href":"https:\/\/guialimeira.com.br\/news\/wp-json\/wp\/v2\/posts"}],"about":[{"href":"https:\/\/guialimeira.com.br\/news\/wp-json\/wp\/v2\/types\/post"}],"author":[{"embeddable":true,"href":"https:\/\/guialimeira.com.br\/news\/wp-json\/wp\/v2\/users\/1"}],"replies":[{"embeddable":true,"href":"https:\/\/guialimeira.com.br\/news\/wp-json\/wp\/v2\/comments?post=27970"}],"version-history":[{"count":0,"href":"https:\/\/guialimeira.com.br\/news\/wp-json\/wp\/v2\/posts\/27970\/revisions"}],"wp:featuredmedia":[{"embeddable":true,"href":"https:\/\/guialimeira.com.br\/news\/wp-json\/wp\/v2\/media\/27971"}],"wp:attachment":[{"href":"https:\/\/guialimeira.com.br\/news\/wp-json\/wp\/v2\/media?parent=27970"}],"wp:term":[{"taxonomy":"category","embeddable":true,"href":"https:\/\/guialimeira.com.br\/news\/wp-json\/wp\/v2\/categories?post=27970"},{"taxonomy":"post_tag","embeddable":true,"href":"https:\/\/guialimeira.com.br\/news\/wp-json\/wp\/v2\/tags?post=27970"}],"curies":[{"name":"wp","href":"https:\/\/api.w.org\/{rel}","templated":true}]}}