{"id":27965,"date":"2025-03-24T22:43:40","date_gmt":"2025-03-25T01:43:40","guid":{"rendered":"https:\/\/guialimeira.com.br\/?p=27965"},"modified":"2025-03-24T22:43:40","modified_gmt":"2025-03-25T01:43:40","slug":"vereadores-aprovam-seis-projetos-e-dez-mocoes-na-sessao-ordinaria-alem-de-discutirem-36-requerimentos","status":"publish","type":"post","link":"https:\/\/guialimeira.com.br\/news\/vereadores-aprovam-seis-projetos-e-dez-mocoes-na-sessao-ordinaria-alem-de-discutirem-36-requerimentos\/","title":{"rendered":"Vereadores aprovam seis projetos e dez mo\u00e7\u00f5es na sess\u00e3o ordin\u00e1ria, al\u00e9m de discutirem 36 requerimentos\u00a0\u00a0"},"content":{"rendered":"\n<figure class=\"wp-block-gallery has-nested-images columns-default is-cropped wp-block-gallery-1 is-layout-flex wp-block-gallery-is-layout-flex\"><\/figure>\n \r\n<br><img data-recalc-dims=\"1\" decoding=\"async\" src=\"https:\/\/i0.wp.com\/guialimeira.com.br\/wp-content\/uploads\/2025\/03\/2025-03-24_vereadores-aprovam-dez-mocoes-e-seis-projetos-na-sessao-ordinaria-alem-de-discutirem-36-r.jpeg?w=696&#038;ssl=1\" \/><br><div>\n\t\t\t\t\t<p>Na sess\u00e3o ordin\u00e1ria desta segunda-feira, 24 de mar\u00e7o, a C\u00e2mara Municipal de Limeira aprovou seis proposituras pautadas na<a href=\"https:\/\/consulta.limeira.sp.leg.br\/Sessoes\/Documento\/370819\" rel=\"noopener\"> Ordem do Dia<\/a>. As mat\u00e9rias tratam de temas como transpar\u00eancia, acesso \u00e0 internet e denomina\u00e7\u00e3o de \u00e1reas p\u00fablicas. Tamb\u00e9m foram discutidos 36 requerimentos e votadas dez mo\u00e7\u00f5es, durante o <a href=\"https:\/\/consulta.limeira.sp.leg.br\/Sessoes\/Documento\/371064\" rel=\"noopener\">Expediente<\/a>, momento reservado \u00e0 leitura de todos os documentos protocolados na Casa.\u00a0 Os trabalhos foram transmitidos ao vivo, confira o v\u00eddeo na \u00edntegra neste <a href=\"https:\/\/www.youtube.com\/watch?v=j4L9-otep0U\" rel=\"noopener\">link<\/a>.<\/p><p><strong>Participa\u00e7\u00e3o popular<\/strong><\/p><p>Na Tribuna Livre desta semana, parte da sess\u00e3o na qual mun\u00edcipes falam sobre assuntos de interesse da cidade, foi debatida a campanha salarial dos servidores municipais 2025. Confira os discursos na \u00edntegra neste <a href=\"https:\/\/youtu.be\/j4L9-otep0U?t=7633\" rel=\"noopener\">link<\/a>.\u00a0<\/p><p>A coordenadora do Sindicato dos Professores do Ensino Oficial do Estado de S\u00e3o Paulo (Apeoesp), \u00c9rika Monteiro, discursou sobre demandas da campanha salarial dos profissionais do magist\u00e9rio da rede municipal de Limeira. Entre os pleitos para 2025, est\u00e3o melhorias salariais, pedag\u00f3gicas e na estrutura das escolas. Ela enfatizou a import\u00e2ncia de garantir o respeito ao piso salarial dos professores e a valoriza\u00e7\u00e3o real da categoria.\u00a0<\/p><p>Representando o Sindicato dos Funcion\u00e1rios e Servidores P\u00fablicos Municipais de Limeira (Sindsel), Eunice Lopes comentou as tratativas com a Prefeitura, destacando que a reposi\u00e7\u00e3o da infla\u00e7\u00e3o (5,06%) proposta pela gest\u00e3o assegura uma valoriza\u00e7\u00e3o efetiva dos servidores. Ela mencionou ainda an\u00e1lise do Tribunal de Contas do Estado de S\u00e3o Paulo (TCESP), informando uma redu\u00e7\u00e3o no percentual do or\u00e7amento destinado ao custeio de pessoal, que, em 2024, caiu para 43,28% em junho e 41% em dezembro, abaixo do limite da Lei de Responsabilidade Fiscal (LRF).\u00a0\u00a0<\/p><p>Os vereadores falaram da import\u00e2ncia de mediar o di\u00e1logo entre a Prefeitura e os sindicatos. Foi sugerida a cria\u00e7\u00e3o de uma Comiss\u00e3o de Assuntos Relevantes para acompanhar as negocia\u00e7\u00f5es do diss\u00eddio dos servidores, mas a proposta foi retirada, pois j\u00e1 existe uma Mesa de Negocia\u00e7\u00e3o oficialmente institu\u00edda entre os servidores e a administra\u00e7\u00e3o municipal.\u00a0\u00a0<\/p><p><strong>Confira o resultado da vota\u00e7\u00e3o da<\/strong><a href=\"https:\/\/consulta.limeira.sp.leg.br\/Sessoes\/Documento\/370819\" rel=\"noopener\"><strong> Ordem do Dia<\/strong><\/a><strong>:\u00a0<\/strong><\/p><p>Aprovado &#8211;<strong> <\/strong><a href=\"http:\/\/consulta.limeira.sp.leg.br\/Documentos\/Documento\/283590\" rel=\"noopener\">Projeto de Lei N\u00ba 82\/2022<\/a>, do vereador Sidney Pascotto (PRTB), perpetua o nome de Eliete Olivia da Silva \u00e0 Rua Projetada 6, do loteamento Residencial Colinas do Engenho II.\u00a0<\/p><p>Aprovado &#8211; <a href=\"http:\/\/consulta.limeira.sp.leg.br\/Documentos\/Documento\/345385\" rel=\"noopener\">Projeto de Lei N\u00b0 62\/2024<\/a>, da vereadora Isabelly Carvalho (PT), acrescenta o Art.1-B \u00e0 <a href=\"http:\/\/legislacao.limeira.sp.leg.br\/Limeira-SP\/LeisOrdinarias\/2893-1998\" rel=\"noopener\">Lei N\u00b0 2.893\/1998<\/a>, alterada pela <a href=\"http:\/\/legislacao.limeira.sp.leg.br\/Limeira-SP\/LeisOrdinarias\/4646-2010\" rel=\"noopener\">Lei N\u00ba 4.646\/2010<\/a>, e estabelece a obrigatoriedade da instala\u00e7\u00e3o de placas informativas em obras paralisadas, contendo de forma resumida a exposi\u00e7\u00e3o dos motivos que levaram \u00e0 sua paralisa\u00e7\u00e3o, bem como, informa\u00e7\u00f5es acerca da previs\u00e3o de continuidade.<\/p><p>Aprovado &#8211; <a href=\"https:\/\/consulta.limeira.sp.leg.br\/Documentos\/Documento\/351868\" rel=\"noopener\">Projeto de Lei N\u00ba 132\/2024<\/a>, da vereadora Mara Isa Mattos Silveira (PL), perpetua o nome de Luiz Carlos Corr\u00eaa da Silva na pra\u00e7a rotat\u00f3ria da Via Francisco D\u2019Andr\u00e9a, localizada no Bairro do Pisciteli.<\/p><p>Aprovado &#8211; <a href=\"https:\/\/consulta.limeira.sp.leg.br\/Documentos\/Documento\/365614\" rel=\"noopener\">Projeto de Lei N\u00ba 9\/2025<\/a>, do vereador Nilton Santos (Republicanos), assegura aos usu\u00e1rios do sistema municipal de sa\u00fade, de forma gratuita, a disponibilidade de protocolo de internet Wi-Fi nas unidades de pronto atendimento (UPAs), unidades b\u00e1sicas de sa\u00fade (UBSs), no Ambulat\u00f3rio de Sa\u00fade Mental e nos demais espa\u00e7os de atendimento \u00e0 sa\u00fade.\u00a0\u00a0\u00a0\u00a0<\/p><p>Aprovado &#8211; <a href=\"https:\/\/consulta.limeira.sp.leg.br\/Documentos\/Documento\/365747\" rel=\"noopener\">Projeto de Lei N\u00ba 13\/2025<\/a>, do vereador Estev\u00e3o Nogueira (Avante), institui o M\u00eas da Empregabilidade no Calend\u00e1rio Oficial do Munic\u00edpio de Limeira, a ser realizado anualmente em maio.\u00a0<\/p><p>Aprovado &#8211; <a href=\"https:\/\/consulta.limeira.sp.leg.br\/Documentos\/Documento\/367503\" rel=\"noopener\">Projeto de Lei N\u00ba 28\/2025<\/a>, do vereador Costa J\u00fanior (Podemos), disp\u00f5e sobre a obrigatoriedade de divulga\u00e7\u00e3o, no site oficial do munic\u00edpio, de informa\u00e7\u00f5es sobre as a\u00e7\u00f5es de combate ao <i>Aedes aegypti<\/i>, particularmente nas regi\u00f5es com maior \u00edndice de casos de dengue e de doen\u00e7as causadas pelo v\u00edrus zika.\u00a0<\/p>\t\t\t\t<\/div>\r\n<br>\r\n<br><a href=\"https:\/\/www.limeira.sp.leg.br\/noticias\/view\/2025-03-24_vereadores-aprovam-seis-projetos-e-dez-mocoes-na-sessao-ordinaria-alem-de-discutirem-36-requerimentos\" rel=\"noopener\">Informa\u00e7\u00f5es CML <\/a>","protected":false},"excerpt":{"rendered":"<p>Na sess\u00e3o ordin\u00e1ria desta segunda-feira, 24 de mar\u00e7o, a C\u00e2mara Municipal de Limeira aprovou seis proposituras pautadas na Ordem do Dia. As mat\u00e9rias tratam de temas como transpar\u00eancia, acesso \u00e0 internet e denomina\u00e7\u00e3o de \u00e1reas p\u00fablicas. Tamb\u00e9m foram discutidos 36 requerimentos e votadas dez mo\u00e7\u00f5es, durante o Expediente, momento reservado \u00e0 leitura de todos os [&hellip;]<\/p>\n","protected":false},"author":1,"featured_media":27966,"comment_status":"open","ping_status":"open","sticky":false,"template":"","format":"standard","meta":{"_jetpack_newsletter_access":"","_jetpack_dont_email_post_to_subs":false,"_jetpack_newsletter_tier_id":0,"_jetpack_memberships_contains_paywalled_content":false,"_mbp_banners":[],"_jetpack_feature_clip_id":0,"_jetpack_memberships_contains_paid_content":false,"footnotes":"","jetpack_publicize_message":"","jetpack_publicize_feature_enabled":true,"jetpack_social_post_already_shared":true,"jetpack_social_options":{"image_generator_settings":{"template":"highway","default_image_id":0,"font":"","enabled":false},"version":2},"jetpack_post_was_ever_published":false},"categories":[19],"tags":[],"class_list":["post-27965","post","type-post","status-publish","format-standard","has-post-thumbnail","category-politica"],"jetpack_publicize_connections":[],"jetpack-related-posts":[],"jetpack_shortlink":"https:\/\/wp.me\/p7Eq1F-7h3","jetpack_sharing_enabled":true,"jetpack_featured_media_url":"https:\/\/i0.wp.com\/guialimeira.com.br\/news\/wp-content\/uploads\/2025\/03\/Vereadores-aprovam-seis-projetos-e-dez-mocoes-na-sessao-ordinaria.jpeg?fit=1280%2C640&ssl=1","_links":{"self":[{"href":"https:\/\/guialimeira.com.br\/news\/wp-json\/wp\/v2\/posts\/27965","targetHints":{"allow":["GET"]}}],"collection":[{"href":"https:\/\/guialimeira.com.br\/news\/wp-json\/wp\/v2\/posts"}],"about":[{"href":"https:\/\/guialimeira.com.br\/news\/wp-json\/wp\/v2\/types\/post"}],"author":[{"embeddable":true,"href":"https:\/\/guialimeira.com.br\/news\/wp-json\/wp\/v2\/users\/1"}],"replies":[{"embeddable":true,"href":"https:\/\/guialimeira.com.br\/news\/wp-json\/wp\/v2\/comments?post=27965"}],"version-history":[{"count":1,"href":"https:\/\/guialimeira.com.br\/news\/wp-json\/wp\/v2\/posts\/27965\/revisions"}],"predecessor-version":[{"id":27967,"href":"https:\/\/guialimeira.com.br\/news\/wp-json\/wp\/v2\/posts\/27965\/revisions\/27967"}],"wp:featuredmedia":[{"embeddable":true,"href":"https:\/\/guialimeira.com.br\/news\/wp-json\/wp\/v2\/media\/27966"}],"wp:attachment":[{"href":"https:\/\/guialimeira.com.br\/news\/wp-json\/wp\/v2\/media?parent=27965"}],"wp:term":[{"taxonomy":"category","embeddable":true,"href":"https:\/\/guialimeira.com.br\/news\/wp-json\/wp\/v2\/categories?post=27965"},{"taxonomy":"post_tag","embeddable":true,"href":"https:\/\/guialimeira.com.br\/news\/wp-json\/wp\/v2\/tags?post=27965"}],"curies":[{"name":"wp","href":"https:\/\/api.w.org\/{rel}","templated":true}]}}