{"id":27951,"date":"2025-03-24T20:29:38","date_gmt":"2025-03-24T23:29:38","guid":{"rendered":"https:\/\/guialimeira.com.br\/2025\/03\/24\/caminhos-da-reportagem-mostra-impacto-dos-microplasticos-na-saude\/"},"modified":"2025-03-24T20:29:38","modified_gmt":"2025-03-24T23:29:38","slug":"caminhos-da-reportagem-mostra-impacto-dos-microplasticos-na-saude","status":"publish","type":"post","link":"https:\/\/guialimeira.com.br\/news\/caminhos-da-reportagem-mostra-impacto-dos-microplasticos-na-saude\/","title":{"rendered":"Caminhos da Reportagem mostra impacto dos micropl\u00e1sticos na sa\u00fade"},"content":{"rendered":"<p> <br \/>\n<\/p>\n<div>\n<p>O c\u00e9rebro \u00e9 o \u00f3rg\u00e3o mais protegido do corpo humano. At\u00e9 por isso, \u201chavia d\u00favida se o micropl\u00e1stico [part\u00edcula com menos de meio cent\u00edmetro] conseguiria chegar l\u00e1\u201d, revela a pesquisadora brasileira Thais Mauad.<img data-recalc-dims=\"1\" decoding=\"async\" src=\"https:\/\/i0.wp.com\/agenciabrasil.ebc.com.br\/ebc.png?w=696&#038;ssl=1\" style=\"width:1px; height:1px; display:inline;\"\/><img data-recalc-dims=\"1\" decoding=\"async\" src=\"https:\/\/i0.wp.com\/agenciabrasil.ebc.com.br\/ebc.gif?w=696&#038;ssl=1\" style=\"width:1px; height:1px; display:inline;\"\/><\/p>\n<blockquote>\n<p>\u201cA gente resolveu estudar uma estrutura que se chama bulbo olfat\u00f3rio, que \u00e9 a nossa primeira conex\u00e3o com o nariz\u201d, continua a professora do Departamento de Patologia da USP. \u201cE encontrou, nesse local, part\u00edculas de micropl\u00e1stico\u201d.<\/p>\n<\/blockquote>\n<p>O cora\u00e7\u00e3o tamb\u00e9m \u00e9 um \u00f3rg\u00e3o nobre. E outro estudo, esse do pesquisador italiano Raffaele Marfella, mostra que <strong>pacientes com pl\u00e1stico na car\u00f3tida, art\u00e9ria que leva sangue do cora\u00e7\u00e3o para o c\u00e9rebro, t\u00eam quatro vezes mais chances de ter infarto, AVC ou mesmo morrer<\/strong>.<\/p>\n<p>Nossa equipe conversou com Marfella, que \u2013 depois da descoberta \u2013 tenta desenvolver um tratamento eficaz para combater inflama\u00e7\u00f5es causadas por micropl\u00e1stico.<\/p>\n<p>\u201cAs bact\u00e9rias que se alimentam de pl\u00e1stico o digerem para produzir energia. Essas bact\u00e9rias agem com duas enzimas. A nossa ideia \u00e9 isolar essas enzimas e inseri-las onde h\u00e1 contamina\u00e7\u00e3o\u201d, explica o professor de Medicina da Universidade Vanvitelli de N\u00e1poles.<\/p>\n<p>Al\u00e9m do c\u00e9rebro e da car\u00f3tida, <strong>outras pesquisas descobriram micropl\u00e1stico no pulm\u00e3o, no f\u00edgado, nos rins, no leite materno, no s\u00eamen e no sangue<\/strong>. Mas <strong>quais s\u00e3o as consequ\u00eancias dessa invas\u00e3o de pl\u00e1stico no nosso corpo? E mais: o que pode ser feito para minimizar o problema?<\/strong><\/p>\n<p>As respostas est\u00e3o no programa <em>Caminhos da Reportagem<\/em>, da <strong>TV Brasil<\/strong>. No epis\u00f3dio \u201cMicropl\u00e1stico na veia\u201d, que vai <strong>ao ar nesta segunda-feira (24)<\/strong>, a rep\u00f3rter <strong>Flavia Peixoto conversa com cientistas, professores, pesquisadores, gestores ambientais e representantes da ind\u00fastria do pl\u00e1stico<\/strong>.<\/p>\n<p>A reciclagem, na avalia\u00e7\u00e3o da maioria dos especialistas no assunto, \u00e9 importante. Mas n\u00e3o resolve o problema. A sa\u00edda, ainda segundo eles, \u00e9 reduzir a produ\u00e7\u00e3o. Tarefa que n\u00e3o \u00e9 simples.<\/p>\n<blockquote>\n<p>\u201cO pl\u00e1stico tem uma limita\u00e7\u00e3o t\u00e9cnica e qu\u00edmica. Ele s\u00f3 pode ser reciclado uma ou duas vezes\u201d, ataca a gerente de Advocacy e Estrat\u00e9gia da ONG Oceana, Lara Iwanicki.<\/p>\n<\/blockquote>\n<p>\u201cTem pl\u00e1sticos que conseguem ser reciclados dezenas de vezes, depende da tecnologia que voc\u00ea empregar\u201d, defende o presidente-executivo da Associa\u00e7\u00e3o Brasileira da Ind\u00fastria Qu\u00edmica, Andr\u00e9 Passos Cordeiro.<\/p>\n<p>\u201cO que o minist\u00e9rio do Meio Ambiente deseja \u00e9 que o pl\u00e1stico seja usado na menor quantidade poss\u00edvel, tendo em vista o impacto que ele causa hoje nos oceanos, no solo e na sa\u00fade humana\u201d, afirma o diretor de Gest\u00e3o de Res\u00edduos S\u00f3lidos do minist\u00e9rio, Eduardo Rocha.<\/p>\n<p>O <strong>epis\u00f3dio \u201cMicropl\u00e1stico na veia\u201d vai ao ar nesta segunda-feira (24), \u00e0s 23h, na TV Brasil<\/strong>.<br \/>\u00a0<\/p>\n<h2>&gt;&gt; Assista na TV Brasil<\/h2>\n<p><span class=\"embed-youtube\" style=\"text-align:center; display: block;\"><iframe loading=\"lazy\" class=\"youtube-player\" width=\"696\" height=\"392\" src=\"https:\/\/www.youtube.com\/embed\/J1Sa_xkyWWg?version=3&#038;rel=1&#038;showsearch=0&#038;showinfo=1&#038;iv_load_policy=1&#038;fs=1&#038;hl=pt-BR&#038;autohide=2&#038;wmode=transparent\" allowfullscreen=\"true\" style=\"border:0;\" sandbox=\"allow-scripts allow-same-origin allow-popups allow-presentation allow-popups-to-escape-sandbox\"><\/iframe><\/span><\/p>\n<p>      <!-- Relacionada --><\/p>\n<p>            <!-- Relacionada -->\n    <\/div>\n<p><br \/>\n<br \/><a href=\"https:\/\/agenciabrasil.ebc.com.br\/saude\/noticia\/2025-03\/caminhos-da-reportagem-mostra-impacto-dos-microplasticos-na-saude\" rel=\"noopener\">Ag\u00eancia Brasil <\/a><\/p>\n","protected":false},"excerpt":{"rendered":"<p>O c\u00e9rebro \u00e9 o \u00f3rg\u00e3o mais protegido do corpo humano. At\u00e9 por isso, \u201chavia d\u00favida se o micropl\u00e1stico [part\u00edcula com menos de meio cent\u00edmetro] conseguiria chegar l\u00e1\u201d, revela a pesquisadora brasileira Thais Mauad. \u201cA gente resolveu estudar uma estrutura que se chama bulbo olfat\u00f3rio, que \u00e9 a nossa primeira conex\u00e3o com o nariz\u201d, continua a [&hellip;]<\/p>\n","protected":false},"author":1,"featured_media":27952,"comment_status":"open","ping_status":"open","sticky":false,"template":"","format":"standard","meta":{"_jetpack_newsletter_access":"","_jetpack_dont_email_post_to_subs":false,"_jetpack_newsletter_tier_id":0,"_jetpack_memberships_contains_paywalled_content":false,"_mbp_banners":[],"_jetpack_feature_clip_id":0,"_jetpack_memberships_contains_paid_content":false,"footnotes":"","jetpack_publicize_message":"","jetpack_publicize_feature_enabled":true,"jetpack_social_post_already_shared":true,"jetpack_social_options":{"image_generator_settings":{"template":"highway","default_image_id":0,"font":"","enabled":false},"version":2},"jetpack_post_was_ever_published":false},"categories":[15],"tags":[],"class_list":["post-27951","post","type-post","status-publish","format-standard","has-post-thumbnail","category-saude"],"jetpack_publicize_connections":[],"jetpack-related-posts":[],"jetpack_shortlink":"https:\/\/wp.me\/p7Eq1F-7gP","jetpack_sharing_enabled":true,"jetpack_featured_media_url":"https:\/\/i0.wp.com\/guialimeira.com.br\/news\/wp-content\/uploads\/2025\/03\/especialistas_defendem_a_reducao_da_producao_de_plastico_copiar.jpg?fit=1600%2C800&ssl=1","_links":{"self":[{"href":"https:\/\/guialimeira.com.br\/news\/wp-json\/wp\/v2\/posts\/27951","targetHints":{"allow":["GET"]}}],"collection":[{"href":"https:\/\/guialimeira.com.br\/news\/wp-json\/wp\/v2\/posts"}],"about":[{"href":"https:\/\/guialimeira.com.br\/news\/wp-json\/wp\/v2\/types\/post"}],"author":[{"embeddable":true,"href":"https:\/\/guialimeira.com.br\/news\/wp-json\/wp\/v2\/users\/1"}],"replies":[{"embeddable":true,"href":"https:\/\/guialimeira.com.br\/news\/wp-json\/wp\/v2\/comments?post=27951"}],"version-history":[{"count":0,"href":"https:\/\/guialimeira.com.br\/news\/wp-json\/wp\/v2\/posts\/27951\/revisions"}],"wp:featuredmedia":[{"embeddable":true,"href":"https:\/\/guialimeira.com.br\/news\/wp-json\/wp\/v2\/media\/27952"}],"wp:attachment":[{"href":"https:\/\/guialimeira.com.br\/news\/wp-json\/wp\/v2\/media?parent=27951"}],"wp:term":[{"taxonomy":"category","embeddable":true,"href":"https:\/\/guialimeira.com.br\/news\/wp-json\/wp\/v2\/categories?post=27951"},{"taxonomy":"post_tag","embeddable":true,"href":"https:\/\/guialimeira.com.br\/news\/wp-json\/wp\/v2\/tags?post=27951"}],"curies":[{"name":"wp","href":"https:\/\/api.w.org\/{rel}","templated":true}]}}