{"id":27945,"date":"2025-03-24T19:40:50","date_gmt":"2025-03-24T22:40:50","guid":{"rendered":"https:\/\/guialimeira.com.br\/?p=27945"},"modified":"2025-03-24T19:40:50","modified_gmt":"2025-03-24T22:40:50","slug":"prefeito-murilo-felix-se-reune-com-vereadores-na-camara-de-limeira","status":"publish","type":"post","link":"https:\/\/guialimeira.com.br\/news\/prefeito-murilo-felix-se-reune-com-vereadores-na-camara-de-limeira\/","title":{"rendered":"Prefeito Murilo F\u00e9lix se re\u00fane com vereadores na C\u00e2mara de Limeira"},"content":{"rendered":"\n<figure class=\"wp-block-gallery has-nested-images columns-default is-cropped wp-block-gallery-1 is-layout-flex wp-block-gallery-is-layout-flex\"><\/figure>\n \r\n<br><img data-recalc-dims=\"1\" decoding=\"async\" src=\"https:\/\/i0.wp.com\/guialimeira.com.br\/wp-content\/uploads\/2025\/03\/2025-03-24_prefeito-murilo-felix-se-reune-com-vereadores-na-camara-de-limeira_1.JPG?w=696&#038;ssl=1\" \/><br><div>\n\t\t\t\t\t<p>Nesta segunda-feira, 24 de mar\u00e7o, o prefeito Murilo F\u00e9lix (Podemos) se reuniu com os vereadores na C\u00e2mara Municipal de Limeira. A economia realizada pelo Poder Executivo nos tr\u00eas primeiros meses do ano, a busca por recursos para a cidade em viagem para Bras\u00edlia e as tratativas com a Mesa de Negocia\u00e7\u00f5es na campanha salarial 2025 foram pautados no encontro.<\/p><p>De acordo com Murilo, nos tr\u00eas primeiros meses do ano a Prefeitura conseguiu economizar cerca de R$170 milh\u00f5es, com renegocia\u00e7\u00f5es de contratos e com a exonera\u00e7\u00e3o de cargos comissionados. Ele destacou que, apesar da economia, os cofres p\u00fablicos ainda est\u00e3o deficit\u00e1rios: em janeiro, o d\u00e9ficit or\u00e7ament\u00e1rio foi de R$25 milh\u00f5es; em fevereiro, R$40 milh\u00f5es.<\/p><p>Ao mencionar a situa\u00e7\u00e3o econ\u00f4mica da cidade e as a\u00e7\u00f5es que est\u00e3o sendo tomadas para tentar resolver as dificuldades, o prefeito assinalou que est\u00e1 comprometido com a efici\u00eancia da gest\u00e3o e pediu aos vereadores que confiem no trabalho que est\u00e1 sendo realizado. \u201cSe n\u00e3o houver uni\u00e3o entre n\u00f3s, n\u00e3o conseguiremos sanar esse problema\u201d, afirmou.<\/p><p>O presidente da C\u00e2mara, vereador Everton Ferreira (PSD), ponderou sobre as a\u00e7\u00f5es realizadas pela Prefeitura e apresentou um relat\u00f3rio completo do Tribunal de Contas do Estado de S\u00e3o Paulo (TCESP) relativo ao m\u00eas de dezembro.\u00a0<\/p><p>Al\u00e9m do prefeito, do presidente e dos vereadores da Casa, estiveram presentes o secret\u00e1rio de Educa\u00e7\u00e3o, Ant\u00f4nio Montesano Neto; e o secret\u00e1rio de Neg\u00f3cios Jur\u00eddicos, Fabio Mariano.\u00a0<\/p><p>Ao final, o prefeito respondeu a questionamentos dos vereadores sobre os assuntos tratados.\u00a0<\/p><p><strong>Situa\u00e7\u00e3o econ\u00f4mica<\/strong><\/p><p>Murilo F\u00e9lix mostrou aos parlamentares um documento do TCESP recebido pela Prefeitura, que pontuou que em 2024 as contas do Executivo alcan\u00e7aram o limite de 98% da receita municipal. Ele frisou que o limite prudencial constitucional \u00e9 de at\u00e9 85% e que nos 98% n\u00e3o tinham sido consideradas notas de fornecedores do ano passado e nem os restos a pagar.\u00a0<\/p><p>Ele considerou o cen\u00e1rio municipal em rela\u00e7\u00e3o ao or\u00e7amento preocupante, uma vez que a receita prevista para o ano na <a href=\"https:\/\/legislacao.limeira.sp.leg.br\/limeira-SP\/LeisOrdinarias\/7079\" rel=\"noopener\">Lei Or\u00e7ament\u00e1ria Anual (LOA)<\/a> n\u00e3o \u00e9 real, segundo ele. Na LOA 2025 a receita prevista era de R$2,2 bilh\u00f5es, no entanto, o prefeito disse que foi feito um novo c\u00e1lculo pela gest\u00e3o e a previs\u00e3o de receita para o ano ficou em R$1,6 bilh\u00e3o. J\u00e1 a previs\u00e3o das despesas \u00e9 de quase R$2,4 bilh\u00f5es.\u00a0<\/p><p>Na vis\u00e3o do presidente Everton, a receita do Munic\u00edpio, em 2025, poder\u00e1 ficar acima de R$ 2,9 bilh\u00f5es.\u00a0<\/p><p>Outra preocupa\u00e7\u00e3o do prefeito \u00e9 em rela\u00e7\u00e3o \u00e0 d\u00edvida com o Instituto de Previd\u00eancia Municipal de Limeira (IPML). Conforme explicou, nas condi\u00e7\u00f5es atuais, se nada for feito, o IPML entraria em colapso em 2027. Por esse motivo Murilo disse que a Prefeitura pretende come\u00e7ar a fazer aportes ainda este ano e no pr\u00f3ximo para evitar que isso ocorra. \u201cO IPML tem liquidez no curto prazo, mas \u00e9 deficit\u00e1rio, de fato, no longo prazo\u201d, afirmou Everton Ferreira.\u00a0<\/p><p><strong>Visita a Bras\u00edlia<\/strong><\/p><p>O prefeito contou aos vereadores sobre as duas visitas que realizou a Bras\u00edlia, nas quais buscou recursos financeiros para a cidade, para as \u00e1reas da sa\u00fade e educa\u00e7\u00e3o, principalmente, bem como conv\u00eanios com entidades. No Minist\u00e9rio do Trabalho buscou conv\u00eanio para reabrir a Escola do Trabalho. J\u00e1 no Minist\u00e9rio dos Portos e Aeroportos, realizou tratativas sobre o aeroporto de Limeira.\u00a0<\/p><p><strong>Mesa de Negocia\u00e7\u00f5es<\/strong><\/p><p>Diante do cen\u00e1rio econ\u00f4mico, Murilo destacou que a proposta feita pela Prefeitura para o reajuste dos servidores \u00e9 o m\u00e1ximo poss\u00edvel. Ele destacou que, na verdade, a proposta da Prefeitura est\u00e1 acima do que o or\u00e7amento permite e vai impactar o d\u00e9ficit or\u00e7ament\u00e1rio do ano.<\/p>\t\t\t\t<\/div>\r\n<br>\r\n<br><a href=\"https:\/\/www.limeira.sp.leg.br\/noticias\/view\/2025-03-24_prefeito-murilo-felix-se-reune-com-vereadores-na-camara-de-limeira\" rel=\"noopener\">Informa\u00e7\u00f5es CML <\/a>","protected":false},"excerpt":{"rendered":"<p>Nesta segunda-feira, 24 de mar\u00e7o, o prefeito Murilo F\u00e9lix (Podemos) se reuniu com os vereadores na C\u00e2mara Municipal de Limeira. A economia realizada pelo Poder Executivo nos tr\u00eas primeiros meses do ano, a busca por recursos para a cidade em viagem para Bras\u00edlia e as tratativas com a Mesa de Negocia\u00e7\u00f5es na campanha salarial 2025 [&hellip;]<\/p>\n","protected":false},"author":1,"featured_media":27946,"comment_status":"open","ping_status":"open","sticky":false,"template":"","format":"standard","meta":{"_jetpack_newsletter_access":"","_jetpack_dont_email_post_to_subs":false,"_jetpack_newsletter_tier_id":0,"_jetpack_memberships_contains_paywalled_content":false,"_mbp_banners":[],"_jetpack_feature_clip_id":0,"_jetpack_memberships_contains_paid_content":false,"footnotes":"","jetpack_publicize_message":"","jetpack_publicize_feature_enabled":true,"jetpack_social_post_already_shared":true,"jetpack_social_options":{"image_generator_settings":{"template":"highway","default_image_id":0,"font":"","enabled":false},"version":2},"jetpack_post_was_ever_published":false},"categories":[19],"tags":[],"class_list":["post-27945","post","type-post","status-publish","format-standard","has-post-thumbnail","category-politica"],"jetpack_publicize_connections":[],"jetpack-related-posts":[],"jetpack_shortlink":"https:\/\/wp.me\/p7Eq1F-7gJ","jetpack_sharing_enabled":true,"jetpack_featured_media_url":"https:\/\/i0.wp.com\/guialimeira.com.br\/news\/wp-content\/uploads\/2025\/03\/Prefeito-Murilo-Felix-se-reune-com-vereadores-na-Camara-de.JPG?fit=1280%2C640&ssl=1","_links":{"self":[{"href":"https:\/\/guialimeira.com.br\/news\/wp-json\/wp\/v2\/posts\/27945","targetHints":{"allow":["GET"]}}],"collection":[{"href":"https:\/\/guialimeira.com.br\/news\/wp-json\/wp\/v2\/posts"}],"about":[{"href":"https:\/\/guialimeira.com.br\/news\/wp-json\/wp\/v2\/types\/post"}],"author":[{"embeddable":true,"href":"https:\/\/guialimeira.com.br\/news\/wp-json\/wp\/v2\/users\/1"}],"replies":[{"embeddable":true,"href":"https:\/\/guialimeira.com.br\/news\/wp-json\/wp\/v2\/comments?post=27945"}],"version-history":[{"count":1,"href":"https:\/\/guialimeira.com.br\/news\/wp-json\/wp\/v2\/posts\/27945\/revisions"}],"predecessor-version":[{"id":27947,"href":"https:\/\/guialimeira.com.br\/news\/wp-json\/wp\/v2\/posts\/27945\/revisions\/27947"}],"wp:featuredmedia":[{"embeddable":true,"href":"https:\/\/guialimeira.com.br\/news\/wp-json\/wp\/v2\/media\/27946"}],"wp:attachment":[{"href":"https:\/\/guialimeira.com.br\/news\/wp-json\/wp\/v2\/media?parent=27945"}],"wp:term":[{"taxonomy":"category","embeddable":true,"href":"https:\/\/guialimeira.com.br\/news\/wp-json\/wp\/v2\/categories?post=27945"},{"taxonomy":"post_tag","embeddable":true,"href":"https:\/\/guialimeira.com.br\/news\/wp-json\/wp\/v2\/tags?post=27945"}],"curies":[{"name":"wp","href":"https:\/\/api.w.org\/{rel}","templated":true}]}}