{"id":27934,"date":"2025-03-24T18:04:35","date_gmt":"2025-03-24T21:04:35","guid":{"rendered":"https:\/\/guialimeira.com.br\/?p=27934"},"modified":"2025-03-24T18:04:36","modified_gmt":"2025-03-24T21:04:36","slug":"vagas-de-emprego-oportunidades-operacionais-e-administrativas-na-mastra","status":"publish","type":"post","link":"https:\/\/guialimeira.com.br\/news\/vagas-de-emprego-oportunidades-operacionais-e-administrativas-na-mastra\/","title":{"rendered":"Vagas de Emprego: oportunidades operacionais e administrativas na Mastra"},"content":{"rendered":"\n<p class=\"wp-block-paragraph\">Se voc\u00ea est\u00e1 em busca de uma nova oportunidade profissional, a Mastra est\u00e1 com vagas abertas para diversas \u00e1reas operacionais e administrativas. Confira abaixo os detalhes das oportunidades e saiba como se candidatar!<\/p>\n\n\n\n<h2 class=\"wp-block-heading\"><strong>Oportunidades Operacionais<\/strong><\/h2>\n\n\n\n<p class=\"wp-block-paragraph\">A Mastra est\u00e1 contratando para as seguintes fun\u00e7\u00f5es:<\/p>\n\n\n\n<h3 class=\"wp-block-heading\"><strong>1. Auxiliar de Produ\u00e7\u00e3o<\/strong><\/h3>\n\n\n\n<ul class=\"wp-block-list\">\n<li><strong>Requisitos<\/strong>: Ensino m\u00e9dio completo e experi\u00eancia na \u00e1rea de produ\u00e7\u00e3o.<\/li>\n<\/ul>\n\n\n\n<h3 class=\"wp-block-heading\"><strong>2. Moldador de Prot\u00f3tipos<\/strong><\/h3>\n\n\n\n<ul class=\"wp-block-list\">\n<li><strong>Requisitos<\/strong>: Cursos t\u00e9cnicos de Ajustagem em bancada ou ferramentaria, al\u00e9m de conhecimento em leitura e interpreta\u00e7\u00e3o de desenho.<\/li>\n<\/ul>\n\n\n\n<h3 class=\"wp-block-heading\"><strong>3. Operador de Produ\u00e7\u00e3o<\/strong><\/h3>\n\n\n\n<ul class=\"wp-block-list\">\n<li><strong>Requisitos<\/strong>: Ensino m\u00e9dio completo e experi\u00eancia na opera\u00e7\u00e3o e prepara\u00e7\u00e3o de m\u00e1quinas.<\/li>\n<\/ul>\n\n\n\n<h3 class=\"wp-block-heading\"><strong>4. Operador de Curvadora CNC<\/strong><\/h3>\n\n\n\n<ul class=\"wp-block-list\">\n<li><strong>Requisitos<\/strong>: Conhecimento em Curvadora CNC, instrumentos de medi\u00e7\u00e3o e desenho t\u00e9cnico.<\/li>\n<\/ul>\n\n\n\n<hr class=\"wp-block-separator has-alpha-channel-opacity\"\/>\n\n\n\n<h2 class=\"wp-block-heading\"><strong>Oportunidades Administrativas<\/strong><\/h2>\n\n\n\n<p class=\"wp-block-paragraph\">Para quem busca uma vaga na \u00e1rea administrativa, a empresa tamb\u00e9m possui oportunidades nas seguintes fun\u00e7\u00f5es:<\/p>\n\n\n\n<h3 class=\"wp-block-heading\"><strong>1. Analista de Processos Jr.<\/strong><\/h3>\n\n\n\n<ul class=\"wp-block-list\">\n<li><strong>Requisitos<\/strong>: Conhecimento em tubos, m\u00e1quinas a laser e CNC ser\u00e1 um diferencial.<\/li>\n<\/ul>\n\n\n\n<h3 class=\"wp-block-heading\"><strong>2. Analista de Log\u00edstica<\/strong><\/h3>\n\n\n\n<ul class=\"wp-block-list\">\n<li><strong>Requisitos<\/strong>: Forma\u00e7\u00e3o em Log\u00edstica ou Administra\u00e7\u00e3o.<\/li>\n<\/ul>\n\n\n\n<h3 class=\"wp-block-heading\"><strong>3. Analista Fiscal<\/strong><\/h3>\n\n\n\n<ul class=\"wp-block-list\">\n<li><strong>Requisitos<\/strong>: Forma\u00e7\u00e3o em Administra\u00e7\u00e3o ou Contabilidade, al\u00e9m de experi\u00eancia na fun\u00e7\u00e3o.<\/li>\n<\/ul>\n\n\n\n<h3 class=\"wp-block-heading\"><strong>4. Auxiliar Administrativo (\u00c1rea Fiscal)<\/strong><\/h3>\n\n\n\n<ul class=\"wp-block-list\">\n<li><strong>Requisitos<\/strong>: Experi\u00eancia com notas fiscais e conhecimento no sistema Microsiga Protheus ser\u00e1 um diferencial.<\/li>\n<\/ul>\n\n\n\n<h3 class=\"wp-block-heading\"><strong>5. Consultor de Vendas Jr.<\/strong><\/h3>\n\n\n\n<ul class=\"wp-block-list\">\n<li><strong>Requisitos<\/strong>: Experi\u00eancia em televendas, atendimento ao cliente e prospec\u00e7\u00e3o de novos clientes.<\/li>\n<\/ul>\n\n\n\n<hr class=\"wp-block-separator has-alpha-channel-opacity\"\/>\n\n\n\n<h2 class=\"wp-block-heading\"><strong>Benef\u00edcios Oferecidos<\/strong><\/h2>\n\n\n\n<p class=\"wp-block-paragraph\">A Mastra oferece benef\u00edcios que garantem bem-estar e qualidade de vida para seus colaboradores:<br>\u2705 Refei\u00e7\u00e3o no local<br>\u2705 Fretado gratuito<br>\u2705 Conv\u00eanio m\u00e9dico co-participativo<br>\u2705 Acolhimento psicol\u00f3gico e jur\u00eddico<\/p>\n\n\n\n<hr class=\"wp-block-separator has-alpha-channel-opacity\"\/>\n\n\n\n<h2 class=\"wp-block-heading\"><strong>Como se Candidatar?<\/strong><\/h2>\n\n\n\n<p class=\"wp-block-paragraph\">Se voc\u00ea se encaixa nos requisitos de alguma das vagas e deseja fazer parte do time Mastra, envie seu curr\u00edculo para <strong><a>selecao@mastra.com.br<\/a><\/strong> com o nome da vaga no assunto do e-mail.<\/p>\n\n\n\n<p class=\"wp-block-paragraph\">\ud83d\udce2 <strong>N\u00e3o perca essa oportunidade! Compartilhe com amigos e familiares que possam se interessar.<\/strong><\/p>\n\n\n\n<hr class=\"wp-block-separator has-alpha-channel-opacity\"\/>\n\n\n\n<h3 class=\"wp-block-heading\"><strong>Sobre a Mastra<\/strong><\/h3>\n\n\n\n<p class=\"wp-block-paragraph\">A Mastra \u00e9 refer\u00eancia no mercado de escapamentos e catalisadores, oferecendo produtos de alta qualidade e inova\u00e7\u00e3o para o setor automotivo. Com um ambiente de trabalho din\u00e2mico e acolhedor, a empresa valoriza seus colaboradores e investe constantemente no seu desenvolvimento profissional.<\/p>\n\n\n\n<p class=\"wp-block-paragraph\">\ud83d\ude80 <strong>Venha fazer parte dessa equipe!<\/strong><\/p>\n","protected":false},"excerpt":{"rendered":"<p>Se voc\u00ea est\u00e1 em busca de uma nova oportunidade profissional, a Mastra est\u00e1 com vagas abertas para diversas \u00e1reas operacionais e administrativas. Confira abaixo os detalhes das oportunidades e saiba como se candidatar! Oportunidades Operacionais A Mastra est\u00e1 contratando para as seguintes fun\u00e7\u00f5es: 1. Auxiliar de Produ\u00e7\u00e3o 2. Moldador de Prot\u00f3tipos 3. Operador de Produ\u00e7\u00e3o [&hellip;]<\/p>\n","protected":false},"author":1,"featured_media":27935,"comment_status":"open","ping_status":"open","sticky":false,"template":"","format":"standard","meta":{"_jetpack_newsletter_access":"","_jetpack_dont_email_post_to_subs":false,"_jetpack_newsletter_tier_id":0,"_jetpack_memberships_contains_paywalled_content":false,"_mbp_banners":[],"_jetpack_feature_clip_id":0,"_jetpack_memberships_contains_paid_content":false,"footnotes":"","jetpack_publicize_message":"","jetpack_publicize_feature_enabled":true,"jetpack_social_post_already_shared":true,"jetpack_social_options":{"image_generator_settings":{"template":"highway","default_image_id":0,"font":"","enabled":false},"version":2},"jetpack_post_was_ever_published":false},"categories":[17,16],"tags":[],"class_list":["post-27934","post","type-post","status-publish","format-standard","has-post-thumbnail","category-empregos","category-local"],"jetpack_publicize_connections":[],"jetpack-related-posts":[],"jetpack_shortlink":"https:\/\/wp.me\/p7Eq1F-7gy","jetpack_sharing_enabled":true,"jetpack_featured_media_url":"https:\/\/i0.wp.com\/guialimeira.com.br\/news\/wp-content\/uploads\/2025\/03\/460049871_3989569211279482_4549921290187476225_n.jpg?fit=1482%2C727&ssl=1","_links":{"self":[{"href":"https:\/\/guialimeira.com.br\/news\/wp-json\/wp\/v2\/posts\/27934","targetHints":{"allow":["GET"]}}],"collection":[{"href":"https:\/\/guialimeira.com.br\/news\/wp-json\/wp\/v2\/posts"}],"about":[{"href":"https:\/\/guialimeira.com.br\/news\/wp-json\/wp\/v2\/types\/post"}],"author":[{"embeddable":true,"href":"https:\/\/guialimeira.com.br\/news\/wp-json\/wp\/v2\/users\/1"}],"replies":[{"embeddable":true,"href":"https:\/\/guialimeira.com.br\/news\/wp-json\/wp\/v2\/comments?post=27934"}],"version-history":[{"count":1,"href":"https:\/\/guialimeira.com.br\/news\/wp-json\/wp\/v2\/posts\/27934\/revisions"}],"predecessor-version":[{"id":27936,"href":"https:\/\/guialimeira.com.br\/news\/wp-json\/wp\/v2\/posts\/27934\/revisions\/27936"}],"wp:featuredmedia":[{"embeddable":true,"href":"https:\/\/guialimeira.com.br\/news\/wp-json\/wp\/v2\/media\/27935"}],"wp:attachment":[{"href":"https:\/\/guialimeira.com.br\/news\/wp-json\/wp\/v2\/media?parent=27934"}],"wp:term":[{"taxonomy":"category","embeddable":true,"href":"https:\/\/guialimeira.com.br\/news\/wp-json\/wp\/v2\/categories?post=27934"},{"taxonomy":"post_tag","embeddable":true,"href":"https:\/\/guialimeira.com.br\/news\/wp-json\/wp\/v2\/tags?post=27934"}],"curies":[{"name":"wp","href":"https:\/\/api.w.org\/{rel}","templated":true}]}}