{"id":27925,"date":"2025-03-24T17:38:46","date_gmt":"2025-03-24T20:38:46","guid":{"rendered":"https:\/\/guialimeira.com.br\/?p=27925"},"modified":"2025-03-24T17:38:46","modified_gmt":"2025-03-24T20:38:46","slug":"felipe-penedo-requer-esclarecimentos-sobre-medidas-de-preservacao-do-predio-da-antiga-machina-sao-paulo","status":"publish","type":"post","link":"https:\/\/guialimeira.com.br\/news\/felipe-penedo-requer-esclarecimentos-sobre-medidas-de-preservacao-do-predio-da-antiga-machina-sao-paulo\/","title":{"rendered":"Felipe Penedo requer esclarecimentos sobre medidas de preserva\u00e7\u00e3o do pr\u00e9dio da antiga Machina S\u00e3o Paulo"},"content":{"rendered":"\n<figure class=\"wp-block-gallery has-nested-images columns-default is-cropped wp-block-gallery-1 is-layout-flex wp-block-gallery-is-layout-flex\"><\/figure>\n \r\n<br><img data-recalc-dims=\"1\" decoding=\"async\" src=\"https:\/\/i0.wp.com\/guialimeira.com.br\/wp-content\/uploads\/2025\/03\/2025-03-24_felipe-penedo-requer-esclarecimentos-sobre-medidas-de-preservacao-do-predio-da-antiga-mac.jpeg?w=696&#038;ssl=1\" \/><br><div>\n\t\t\t\t\t<p>Esclarecimentos sobre as medidas de preserva\u00e7\u00e3o e destina\u00e7\u00e3o do pr\u00e9dio da antiga Machina S\u00e3o Paulo foram solicitados pelo vereador Felipe Penedo (PL) no <a href=\"https:\/\/consulta.limeira.sp.leg.br\/Documentos\/Documento\/370242\" rel=\"noopener\">Requerimento N\u00b0 179\/2025<\/a>, encaminhado \u00e0 Prefeitura no dia 17 de mar\u00e7o. A edifica\u00e7\u00e3o localizada na avenida Campinas, 115,\u00a0 foi sede do Centro de Promo\u00e7\u00e3o Social (Ceprosom) em Limeira durante os anos de 2014 a 2022.<\/p><p>\u201cO pr\u00e9dio da Machina S\u00e3o Paulo tem uma import\u00e2ncia hist\u00f3rica para Limeira, pois abrigou uma das principais ind\u00fastrias do munic\u00edpio, contribuindo significativamente para o desenvolvimento econ\u00f4mico e industrial da cidade. Muitos empres\u00e1rios e trabalhadores que ajudaram a construir a economia local passaram por essa ind\u00fastria\u201d, considerou o vereador.<\/p><p>O parlamentar questionou o Executivo sobre medidas de preserva\u00e7\u00e3o do patrim\u00f4nio em rela\u00e7\u00e3o \u00e0 situa\u00e7\u00e3o atual da edifica\u00e7\u00e3o, incluindo a atua\u00e7\u00e3o da Guarda Municipal quanto \u00e0 seguran\u00e7a do local.<\/p><p>Tamb\u00e9m foram t\u00f3picos abordados pelo vereador:\u00a0<\/p><ul><li>Existe um projeto para a preserva\u00e7\u00e3o das caracter\u00edsticas arquitet\u00f4nicas e hist\u00f3ricas do edif\u00edcio?<\/li><li>H\u00e1 inten\u00e7\u00e3o de ocupar o pr\u00e9dio com servi\u00e7os p\u00fablicos ou outras iniciativas que promovam sua utiliza\u00e7\u00e3o cont\u00ednua? O Ceprosom poderia retornar ao local?<\/li><li>Caso n\u00e3o haja a reocupa\u00e7\u00e3o pelo Ceprosom, qual ser\u00e1 a destina\u00e7\u00e3o do im\u00f3vel e quais a\u00e7\u00f5es est\u00e3o previstas para evitar seu novo abandono?<\/li><li>O im\u00f3vel ser\u00e1 inclu\u00eddo em um plano de requalifica\u00e7\u00e3o do centro da cidade, de modo a garantir sua utiliza\u00e7\u00e3o efetiva como um polo de atra\u00e7\u00e3o de pessoas?<\/li><\/ul><p>O vereador Felipe Penedo argumentou que existe a necessidade de garantir a prote\u00e7\u00e3o do patrim\u00f4nio p\u00fablico, a valoriza\u00e7\u00e3o da hist\u00f3ria da cidade e a melhor utiliza\u00e7\u00e3o do espa\u00e7o, evitando que volte a ser alvo de ocupa\u00e7\u00f5es irregulares e depreda\u00e7\u00f5es. \u201cAl\u00e9m disso, \u00e9 fundamental que esse edif\u00edcio seja inserido em um plano estrat\u00e9gico para a regi\u00e3o central, contribuindo para a revitaliza\u00e7\u00e3o urbana e social da \u00e1rea\u201d, explicou.<\/p><p><i>Do Gabinete Parlamentar \u2013 Vereador Felipe Penedo\u00a0 (PL)<\/i><\/p><p><i>*Fotos do Gabinete parlamentar<\/i><\/p><p><strong>As mat\u00e9rias de origem dos Gabinetes Parlamentares s\u00e3o de inteira\u00a0 responsabilidade dos parlamentares e de suas assessorias. S\u00e3o devidamente assinadas e n\u00e3o refletem, necessariamente, a opini\u00e3o institucional da C\u00e2mara Municipal de Limeira.<\/strong><\/p>\t\t\t\t<\/div>\r\n<br>\r\n<br><a href=\"https:\/\/www.limeira.sp.leg.br\/noticias\/view\/2025-03-24_felipe-penedo-requer-esclarecimentos-sobre-medidas-de-preservacao-do-predio-da-antiga-machina-sao-paulo\" rel=\"noopener\">Informa\u00e7\u00f5es CML <\/a>","protected":false},"excerpt":{"rendered":"<p>Esclarecimentos sobre as medidas de preserva\u00e7\u00e3o e destina\u00e7\u00e3o do pr\u00e9dio da antiga Machina S\u00e3o Paulo foram solicitados pelo vereador Felipe Penedo (PL) no Requerimento N\u00b0 179\/2025, encaminhado \u00e0 Prefeitura no dia 17 de mar\u00e7o. A edifica\u00e7\u00e3o localizada na avenida Campinas, 115,\u00a0 foi sede do Centro de Promo\u00e7\u00e3o Social (Ceprosom) em Limeira durante os anos de [&hellip;]<\/p>\n","protected":false},"author":1,"featured_media":27926,"comment_status":"open","ping_status":"open","sticky":false,"template":"","format":"standard","meta":{"_jetpack_newsletter_access":"","_jetpack_dont_email_post_to_subs":false,"_jetpack_newsletter_tier_id":0,"_jetpack_memberships_contains_paywalled_content":false,"_mbp_banners":[],"_jetpack_feature_clip_id":0,"_jetpack_memberships_contains_paid_content":false,"footnotes":"","jetpack_publicize_message":"","jetpack_publicize_feature_enabled":true,"jetpack_social_post_already_shared":true,"jetpack_social_options":{"image_generator_settings":{"template":"highway","default_image_id":0,"font":"","enabled":false},"version":2},"jetpack_post_was_ever_published":false},"categories":[19],"tags":[],"class_list":["post-27925","post","type-post","status-publish","format-standard","has-post-thumbnail","category-politica"],"jetpack_publicize_connections":[],"jetpack-related-posts":[],"jetpack_shortlink":"https:\/\/wp.me\/p7Eq1F-7gp","jetpack_sharing_enabled":true,"jetpack_featured_media_url":"https:\/\/i0.wp.com\/guialimeira.com.br\/news\/wp-content\/uploads\/2025\/03\/Felipe-Penedo-requer-esclarecimentos-sobre-medidas-de-preservacao-do-predio.jpeg?fit=1280%2C640&ssl=1","_links":{"self":[{"href":"https:\/\/guialimeira.com.br\/news\/wp-json\/wp\/v2\/posts\/27925","targetHints":{"allow":["GET"]}}],"collection":[{"href":"https:\/\/guialimeira.com.br\/news\/wp-json\/wp\/v2\/posts"}],"about":[{"href":"https:\/\/guialimeira.com.br\/news\/wp-json\/wp\/v2\/types\/post"}],"author":[{"embeddable":true,"href":"https:\/\/guialimeira.com.br\/news\/wp-json\/wp\/v2\/users\/1"}],"replies":[{"embeddable":true,"href":"https:\/\/guialimeira.com.br\/news\/wp-json\/wp\/v2\/comments?post=27925"}],"version-history":[{"count":1,"href":"https:\/\/guialimeira.com.br\/news\/wp-json\/wp\/v2\/posts\/27925\/revisions"}],"predecessor-version":[{"id":27927,"href":"https:\/\/guialimeira.com.br\/news\/wp-json\/wp\/v2\/posts\/27925\/revisions\/27927"}],"wp:featuredmedia":[{"embeddable":true,"href":"https:\/\/guialimeira.com.br\/news\/wp-json\/wp\/v2\/media\/27926"}],"wp:attachment":[{"href":"https:\/\/guialimeira.com.br\/news\/wp-json\/wp\/v2\/media?parent=27925"}],"wp:term":[{"taxonomy":"category","embeddable":true,"href":"https:\/\/guialimeira.com.br\/news\/wp-json\/wp\/v2\/categories?post=27925"},{"taxonomy":"post_tag","embeddable":true,"href":"https:\/\/guialimeira.com.br\/news\/wp-json\/wp\/v2\/tags?post=27925"}],"curies":[{"name":"wp","href":"https:\/\/api.w.org\/{rel}","templated":true}]}}