{"id":27921,"date":"2025-03-24T17:30:36","date_gmt":"2025-03-24T20:30:36","guid":{"rendered":"https:\/\/guialimeira.com.br\/2025\/03\/24\/trump-anuncia-tarifa-contra-paises-que-comprarem-petroleo-da-venezuela\/"},"modified":"2025-03-24T17:30:36","modified_gmt":"2025-03-24T20:30:36","slug":"trump-anuncia-tarifa-contra-paises-que-comprarem-petroleo-da-venezuela","status":"publish","type":"post","link":"https:\/\/guialimeira.com.br\/news\/trump-anuncia-tarifa-contra-paises-que-comprarem-petroleo-da-venezuela\/","title":{"rendered":"Trump anuncia tarifa contra pa\u00edses que comprarem petr\u00f3leo da Venezuela"},"content":{"rendered":"<p> <br \/>\n<\/p>\n<div>\n<p><strong>Os pa\u00edses que comprarem petr\u00f3leo ou g\u00e1s da Venezuela devem ser taxados em 25% em cima de qualquer produto que venha\u00a0a comercializar com os Estados Unidos (EUA).<\/strong> O an\u00fancio do presidente dos EUA, Donald Trump, foi publicado em uma rede social nesta segunda-feira (24). Segundo o comunicado, a <a href=\"https:\/\/truthsocial.com\/@realDonaldTrump\/posts\/114217914259825110\" target=\"_blank\" rel=\"noopener\">tarifa come\u00e7ar\u00e1 a valer a partir do pr\u00f3ximo dia 2 de abril<\/a>.\u00a0<img data-recalc-dims=\"1\" decoding=\"async\" src=\"https:\/\/i0.wp.com\/agenciabrasil.ebc.com.br\/ebc.png?w=696&#038;ssl=1\" style=\"width:1px; height:1px; display:inline;\"\/><img data-recalc-dims=\"1\" decoding=\"async\" src=\"https:\/\/i0.wp.com\/agenciabrasil.ebc.com.br\/ebc.gif?w=696&#038;ssl=1\" style=\"width:1px; height:1px; display:inline;\"\/><\/p>\n<blockquote>\n<p>\u201c[A tarifa ser\u00e1 implementada] por in\u00fameras raz\u00f5es, incluindo o fato de a Venezuela ter enviado propositalmente e enganosamente aos Estados Unidos, disfar\u00e7ados, dezenas de milhares de criminosos de alto escal\u00e3o e outros, muitos dos quais s\u00e3o assassinos e pessoas de natureza muito violenta\u201d, afirmou Trump.<\/p>\n<\/blockquote>\n<p><strong>O governo dos EUA acusa a Venezuela de enviar para o pa\u00eds membros da fac\u00e7\u00e3o criminosa Tren de Aragua, considerada uma organiza\u00e7\u00e3o terrorista por Washington.<\/strong> Pouco mais de uma semana atr\u00e1s, o governo Trump deportou 238 imigrantes venezuelanos para El Salvador acusados de integrarem essa organiza\u00e7\u00e3o.<\/p>\n<p>As fam\u00edlias e advogados dos deportados para o pa\u00eds centro-americano questionam a vers\u00e3o oficial da Casa Branca e afirmam que os <a href=\"https:\/\/agenciabrasil.ebc.com.br\/direitos-humanos\/noticia\/2025-03\/venezuela-recebe-deportados-apos-eua-enviar-imigrantes-el-salvador\" target=\"_blank\" rel=\"noopener\">imigrantes est\u00e3o sendo acusados injustamente<\/a> com objetivo de permitir sua deporta\u00e7\u00e3o sum\u00e1ria.<\/p>\n<div class=\"dnd-widget-wrapper context-cheio_8colunas type-image\">\n<div class=\"dnd-atom-rendered\"><!-- scald=418402:cheio_8colunas --><br \/>\n            <img data-recalc-dims=\"1\" decoding=\"async\" src=\"https:\/\/i0.wp.com\/imagens.ebc.com.br\/mF8o19nmUKiXI0fNdPuOZGsqTns%3D\/754x0\/smart\/https%3A\/\/agenciabrasil.ebc.com.br\/sites\/default\/files\/thumbnails\/image\/2025\/03\/24\/2025-03-18t231451z_1485152843_rc2vfda7gyt6_rtrmadp_3_usa-trump-migration-venezuela-protest.jpg?w=696&#038;ssl=1\" alt=\"Venezuela's Vice-President and Oil Minister Delcy Rodriguez marches with Family members of Venezuelans deported from the U.S. to El Salvador to be imprisoned in the Terrorism Confinement Center (CECOT) prison, during a pro-government rally to demand their release, in Caracas, Venezuela March 18, 2025. Reuters\/Gaby Oraa\/Proibida reprodu\u00e7\u00e3o\" title=\"Reuters\/Gaby Oraa\/Proibida reprodu\u00e7\u00e3o\"\/><br \/>\n        <img data-recalc-dims=\"1\" decoding=\"async\" src=\"https:\/\/i0.wp.com\/imagens.ebc.com.br\/mF8o19nmUKiXI0fNdPuOZGsqTns%3D\/754x0\/smart\/https%3A\/\/agenciabrasil.ebc.com.br\/sites\/default\/files\/thumbnails\/image\/2025\/03\/24\/2025-03-18t231451z_1485152843_rc2vfda7gyt6_rtrmadp_3_usa-trump-migration-venezuela-protest.jpg?w=696&#038;ssl=1\" alt=\"Venezuela's Vice-President and Oil Minister Delcy Rodriguez marches with Family members of Venezuelans deported from the U.S. to El Salvador to be imprisoned in the Terrorism Confinement Center (CECOT) prison, during a pro-government rally to demand their release, in Caracas, Venezuela March 18, 2025. Reuters\/Gaby Oraa\/Proibida reprodu\u00e7\u00e3o\" title=\"Reuters\/Gaby Oraa\/Proibida reprodu\u00e7\u00e3o\"\/><br \/>\n    <!-- END scald=418402 --><\/div>\n<p><h6 class=\"meta\"><!--copyright=418402-->Venezuelanos defendem compatriotas deportados para El Salvador\u00a0<strong>Reuters\/Gaby Oraa\/Proibida reprodu\u00e7\u00e3o<\/strong><!--END copyright=418402--><\/h6>\n<\/p>\n<\/div>\n<p>Ainda de acordo com o presidente dos Estados Unidos, a taxa\u00e7\u00e3o de 25% sobre os pa\u00edses que comprarem petr\u00f3leo ou g\u00e1s da Venezuela ser\u00e1 adotada porque \u201ca Venezuela tem sido muito hostil aos Estados Unidos e \u00e0s liberdades que defendemos\u201d. Os atritos entre Washington e Caracas vem desde o governo do ex-presidente Hugo Ch\u00e1vez (1999-2013).<\/p>\n<p>At\u00e9 o publica\u00e7\u00e3o desta reportagem, o governo da Venezuela n\u00e3o havia se manifestado sobre o an\u00fancio de Donald Trump.<\/p>\n<p><strong>Medidas Coercitivas Unilaterais<\/strong><\/p>\n<p><strong>A Venezuela j\u00e1 sofre com uma s\u00e9rie de Medidas Coercitivas Unilaterais (MCU), chamadas tamb\u00e9m de san\u00e7\u00f5es econ\u00f4micas, aplicadas pelos EUA.<\/strong> A maior parte dessas medidas foi\u00a0implementada\u00a0ainda no primeiro mandato de Trump, entre 2017 e 2019. \u00a0<\/p>\n<p>No final de fevereiro, Trump anunciou o cancelamento de uma <a href=\"https:\/\/agenciabrasil.ebc.com.br\/internacional\/noticia\/2025-02\/trump-retira-autorizacao-para-petroleira-dos-eua-atuar-na-venezuela\" target=\"_blank\" rel=\"noopener\">autoriza\u00e7\u00e3o para petroleira estadunidense Chevron atuar na Venezuela<\/a>. Por\u00e9m, o departamento respons\u00e1vel pelas san\u00e7\u00f5es dos EUA prorrogou nesta segunda-feira (24) uma licen\u00e7a para Chevron atuar no pa\u00eds at\u00e9 o dia 27 de maio. Tal licen\u00e7a perderia a validade no in\u00edcio de abril.<\/p>\n<p>Com o in\u00edcio da guerra na Ucr\u00e2nia, o governo anterior de Joe Biden havia flexibilizado algumas san\u00e7\u00f5es contra o pa\u00eds sul-americano, permitindo o retorno das exporta\u00e7\u00f5es de petr\u00f3leo cru para os EUA.<\/p>\n<p>O especialista venezuelano Francisco Rodr\u00edguez, professor da Universidade de Denver, nos Estados Unidos, avalia\u00a0que a decis\u00e3o anunciada hoje \u00e9 de dif\u00edcil aplica\u00e7\u00e3o e que, por enquanto, <strong>os EUA continuam comprando \u00f3leo venezuelano, apesar do anuncio para suspender as atividades da Chevron.<\/strong><\/p>\n<blockquote>\n<p>\u201cSe Repsol (empresa espanhola privada) compra petr\u00f3leo venezuelano, os EUA poder\u00e3o impor uma tarifa de 25% sobre todas as exporta\u00e7\u00f5es espanholas? Isso sugere Trump. Mas a Repsol n\u00e3o \u00e9 a Espanha e o governo espanhol n\u00e3o controla suas decis\u00f5es comerciais\u201d, ponderou o pesquisador dos efeitos das san\u00e7\u00f5es contra a Venezuela.<\/p>\n<\/blockquote>\n<p><strong>Para Rodr\u00edguez, a medida de taxar em 25% os pa\u00edses que comprarem o \u00f3leo venezuelano pode ter o efeito de privilegiar as exporta\u00e7\u00f5es da Venezuela para os EUA caso as licen\u00e7as da Crevron sigam sendo prorrogadas. \u00a0<\/strong><\/p>\n<blockquote>\n<p>\u201cVale lembrar que muitas dessas licen\u00e7as s\u00e3o emitidas por per\u00edodos curtos e renovadas rotineiramente. O melhor exemplo \u00e9 a Licen\u00e7a Geral 5, que foi renovada 18 vezes. N\u00e3o seria surpreendente se um padr\u00e3o semelhante surgisse com a Chevron\u201d, completou o professor em uma rede social.<\/p>\n<\/blockquote>\n<p>      <!-- Relacionada --><\/p>\n<p>            <!-- Relacionada -->\n    <\/div>\n<p><br \/>\n<br \/><a href=\"https:\/\/agenciabrasil.ebc.com.br\/internacional\/noticia\/2025-03\/trump-anuncia-tarifa-contra-paises-que-comprarem-petroleo-da-venezuela\" rel=\"noopener\">Ag\u00eancia Brasil <\/a><\/p>\n","protected":false},"excerpt":{"rendered":"<p>Os pa\u00edses que comprarem petr\u00f3leo ou g\u00e1s da Venezuela devem ser taxados em 25% em cima de qualquer produto que venha\u00a0a comercializar com os Estados Unidos (EUA). O an\u00fancio do presidente dos EUA, Donald Trump, foi publicado em uma rede social nesta segunda-feira (24). Segundo o comunicado, a tarifa come\u00e7ar\u00e1 a valer a partir do [&hellip;]<\/p>\n","protected":false},"author":1,"featured_media":27922,"comment_status":"open","ping_status":"open","sticky":false,"template":"","format":"standard","meta":{"_jetpack_newsletter_access":"","_jetpack_dont_email_post_to_subs":false,"_jetpack_newsletter_tier_id":0,"_jetpack_memberships_contains_paywalled_content":false,"_mbp_banners":[],"_jetpack_feature_clip_id":0,"_jetpack_memberships_contains_paid_content":false,"footnotes":"","jetpack_publicize_message":"","jetpack_publicize_feature_enabled":true,"jetpack_social_post_already_shared":true,"jetpack_social_options":{"image_generator_settings":{"template":"highway","default_image_id":0,"font":"","enabled":false},"version":2},"jetpack_post_was_ever_published":false},"categories":[25],"tags":[],"class_list":["post-27921","post","type-post","status-publish","format-standard","has-post-thumbnail","category-internacional"],"jetpack_publicize_connections":[],"jetpack-related-posts":[],"jetpack_shortlink":"https:\/\/wp.me\/p7Eq1F-7gl","jetpack_sharing_enabled":true,"jetpack_featured_media_url":"https:\/\/i0.wp.com\/guialimeira.com.br\/news\/wp-content\/uploads\/2025\/03\/2025-02-10t223306z_866632265_rc2wrca7q1hq_rtrmadp_3_usa-trump_0.jpg?fit=1600%2C800&ssl=1","_links":{"self":[{"href":"https:\/\/guialimeira.com.br\/news\/wp-json\/wp\/v2\/posts\/27921","targetHints":{"allow":["GET"]}}],"collection":[{"href":"https:\/\/guialimeira.com.br\/news\/wp-json\/wp\/v2\/posts"}],"about":[{"href":"https:\/\/guialimeira.com.br\/news\/wp-json\/wp\/v2\/types\/post"}],"author":[{"embeddable":true,"href":"https:\/\/guialimeira.com.br\/news\/wp-json\/wp\/v2\/users\/1"}],"replies":[{"embeddable":true,"href":"https:\/\/guialimeira.com.br\/news\/wp-json\/wp\/v2\/comments?post=27921"}],"version-history":[{"count":0,"href":"https:\/\/guialimeira.com.br\/news\/wp-json\/wp\/v2\/posts\/27921\/revisions"}],"wp:featuredmedia":[{"embeddable":true,"href":"https:\/\/guialimeira.com.br\/news\/wp-json\/wp\/v2\/media\/27922"}],"wp:attachment":[{"href":"https:\/\/guialimeira.com.br\/news\/wp-json\/wp\/v2\/media?parent=27921"}],"wp:term":[{"taxonomy":"category","embeddable":true,"href":"https:\/\/guialimeira.com.br\/news\/wp-json\/wp\/v2\/categories?post=27921"},{"taxonomy":"post_tag","embeddable":true,"href":"https:\/\/guialimeira.com.br\/news\/wp-json\/wp\/v2\/tags?post=27921"}],"curies":[{"name":"wp","href":"https:\/\/api.w.org\/{rel}","templated":true}]}}