{"id":27901,"date":"2025-03-24T16:15:51","date_gmt":"2025-03-24T19:15:51","guid":{"rendered":"https:\/\/guialimeira.com.br\/?p=27901"},"modified":"2025-03-24T16:15:53","modified_gmt":"2025-03-24T19:15:53","slug":"vereador-helder-do-taxi-questiona-prefeitura-sobre-combate-a-dengue-e-superlotacao-em-unidades-de-saude","status":"publish","type":"post","link":"https:\/\/guialimeira.com.br\/news\/vereador-helder-do-taxi-questiona-prefeitura-sobre-combate-a-dengue-e-superlotacao-em-unidades-de-saude\/","title":{"rendered":"Vereador Helder do T\u00e1xi questiona Prefeitura sobre combate \u00e0 dengue e superlota\u00e7\u00e3o em unidades de sa\u00fade"},"content":{"rendered":"\n<p class=\"wp-block-paragraph\">A cidade de Limeira enfrenta um crescimento preocupante no n\u00famero de casos de <strong>dengue<\/strong>, gerando impactos diretos na rede de sa\u00fade municipal. Diante disso, o vereador <strong>Helder L\u00facio de Oliveira \u2013 Helder do T\u00e1xi (PSD)<\/strong> apresentou um requerimento ao <strong>Poder Executivo<\/strong>, solicitando informa\u00e7\u00f5es detalhadas sobre as a\u00e7\u00f5es da <strong>Divis\u00e3o de Controle de Zoonoses<\/strong> e o atendimento prestado \u00e0s v\u00edtimas da doen\u00e7a.<\/p>\n\n\n\n<h2 class=\"wp-block-heading\"><strong>Casos de dengue aumentam e preocupam a popula\u00e7\u00e3o<\/strong><\/h2>\n\n\n\n<p class=\"wp-block-paragraph\">Segundo dados divulgados pela <strong>Prefeitura de Limeira<\/strong>, a cidade j\u00e1 registrou <strong>446 casos de dengue<\/strong>. A alta demanda tem causado longas filas nas unidades de sa\u00fade, levando a <strong>atendimentos demorados e falta de suporte para pacientes em estado cr\u00edtico<\/strong>.<\/p>\n\n\n\n<p class=\"wp-block-paragraph\">Diante desse cen\u00e1rio, Helder do T\u00e1xi faz uma s\u00e9rie de questionamentos \u00e0 administra\u00e7\u00e3o municipal, cobrando <strong>transpar\u00eancia e medidas eficazes<\/strong> no combate \u00e0 doen\u00e7a e no atendimento hospitalar.<\/p>\n\n\n\n<h2 class=\"wp-block-heading\"><strong>Principais questionamentos do requerimento<\/strong><\/h2>\n\n\n\n<p class=\"wp-block-paragraph\">Entre os pontos levantados pelo vereador, destacam-se:<\/p>\n\n\n\n<p class=\"wp-block-paragraph\">\ud83d\udccc <strong>Os hospitais particulares tamb\u00e9m notificam os casos de dengue \u00e0 Divis\u00e3o de Controle de Zoonoses?<\/strong><br>\ud83d\udccc <strong>O n\u00famero de casos divulgado refere-se apenas \u00e0 rede p\u00fablica ou inclui toda a cidade?<\/strong><br>\ud83d\udccc <strong>Com a superlota\u00e7\u00e3o das unidades de sa\u00fade, h\u00e1 planejamento para contrata\u00e7\u00e3o de mais m\u00e9dicos ou cria\u00e7\u00e3o de um hospital de campanha?<\/strong><br>\ud83d\udccc <strong>Como funciona o atendimento preferencial em casos de grande demanda?<\/strong><br>\ud83d\udccc <strong>A equipe de Controle de Zoonoses recebe apoio para limpar im\u00f3veis abandonados ou com ac\u00famulo de lixo, respeitando a Lei Municipal n\u00ba 4.853\/2011? Quantas limpezas compuls\u00f3rias foram feitas nos \u00faltimos dois meses?<\/strong><\/p>\n\n\n\n<h2 class=\"wp-block-heading\"><strong>Relatos de pacientes revelam caos no atendimento<\/strong><\/h2>\n\n\n\n<p class=\"wp-block-paragraph\">Mun\u00edcipes relataram ao vereador a <strong>situa\u00e7\u00e3o cr\u00edtica nas unidades de sa\u00fade<\/strong>, com longas filas e falta de estrutura para atender a crescente demanda.<\/p>\n\n\n\n<p class=\"wp-block-paragraph\">Um paciente que esteve na <strong>Unidade de Pronto Atendimento (UPA) do Parque Hip\u00f3lito<\/strong> descreveu o <strong>tempo de espera superior a 5 horas<\/strong>, mesmo para casos graves. Segundo ele, <strong>idosos e cadeirantes foram ignorados<\/strong>, sem receber atendimento priorit\u00e1rio.<\/p>\n\n\n\n<p class=\"wp-block-paragraph\">Outro depoimento veio de uma m\u00e3e que aguardava atendimento na <strong>Santa Casa de Limeira<\/strong> com seu filho autista. Ela classificou a situa\u00e7\u00e3o como um <strong>&#8220;descaso total&#8221;<\/strong>, enfatizando a falta de estrutura para atender adequadamente os pacientes.<\/p>\n\n\n\n<h2 class=\"wp-block-heading\"><strong>A import\u00e2ncia de medidas urgentes<\/strong><\/h2>\n\n\n\n<p class=\"wp-block-paragraph\">Com o avan\u00e7o da dengue em Limeira, \u00e9 essencial que o <strong>Poder Executivo implemente a\u00e7\u00f5es concretas<\/strong> para combater a prolifera\u00e7\u00e3o do mosquito <strong>Aedes aegypti<\/strong> e, ao mesmo tempo, <strong>garantir um atendimento de qualidade aos pacientes<\/strong>.<\/p>\n\n\n\n<p class=\"wp-block-paragraph\">O vereador <strong>Helder do T\u00e1xi segue acompanhando a situa\u00e7\u00e3o<\/strong> e cobrando provid\u00eancias para que a popula\u00e7\u00e3o <strong>tenha acesso a um atendimento digno e eficiente<\/strong>.<\/p>\n\n\n\n<p class=\"wp-block-paragraph\">\ud83d\udea8 <strong>Voc\u00ea tamb\u00e9m enfrentou dificuldades para atendimento na rede p\u00fablica de sa\u00fade? Comente abaixo e compartilhe sua experi\u00eancia!<\/strong><\/p>\n","protected":false},"excerpt":{"rendered":"<p>A cidade de Limeira enfrenta um crescimento preocupante no n\u00famero de casos de dengue, gerando impactos diretos na rede de sa\u00fade municipal. Diante disso, o vereador Helder L\u00facio de Oliveira \u2013 Helder do T\u00e1xi (PSD) apresentou um requerimento ao Poder Executivo, solicitando informa\u00e7\u00f5es detalhadas sobre as a\u00e7\u00f5es da Divis\u00e3o de Controle de Zoonoses e o [&hellip;]<\/p>\n","protected":false},"author":1,"featured_media":8210,"comment_status":"open","ping_status":"open","sticky":false,"template":"","format":"standard","meta":{"_jetpack_newsletter_access":"","_jetpack_dont_email_post_to_subs":false,"_jetpack_newsletter_tier_id":0,"_jetpack_memberships_contains_paywalled_content":false,"_mbp_banners":[],"_jetpack_feature_clip_id":0,"_jetpack_memberships_contains_paid_content":false,"footnotes":"","jetpack_publicize_message":"","jetpack_publicize_feature_enabled":true,"jetpack_social_post_already_shared":true,"jetpack_social_options":{"image_generator_settings":{"template":"highway","default_image_id":0,"font":"","enabled":false},"version":2},"jetpack_post_was_ever_published":false},"categories":[19,15],"tags":[],"class_list":["post-27901","post","type-post","status-publish","format-standard","has-post-thumbnail","category-politica","category-saude"],"jetpack_publicize_connections":[],"jetpack-related-posts":[],"jetpack_shortlink":"https:\/\/wp.me\/p7Eq1F-7g1","jetpack_sharing_enabled":true,"jetpack_featured_media_url":"https:\/\/i0.wp.com\/guialimeira.com.br\/news\/wp-content\/uploads\/2024\/06\/aedes_dengue_zika.jpg?fit=1600%2C800&ssl=1","_links":{"self":[{"href":"https:\/\/guialimeira.com.br\/news\/wp-json\/wp\/v2\/posts\/27901","targetHints":{"allow":["GET"]}}],"collection":[{"href":"https:\/\/guialimeira.com.br\/news\/wp-json\/wp\/v2\/posts"}],"about":[{"href":"https:\/\/guialimeira.com.br\/news\/wp-json\/wp\/v2\/types\/post"}],"author":[{"embeddable":true,"href":"https:\/\/guialimeira.com.br\/news\/wp-json\/wp\/v2\/users\/1"}],"replies":[{"embeddable":true,"href":"https:\/\/guialimeira.com.br\/news\/wp-json\/wp\/v2\/comments?post=27901"}],"version-history":[{"count":1,"href":"https:\/\/guialimeira.com.br\/news\/wp-json\/wp\/v2\/posts\/27901\/revisions"}],"predecessor-version":[{"id":27902,"href":"https:\/\/guialimeira.com.br\/news\/wp-json\/wp\/v2\/posts\/27901\/revisions\/27902"}],"wp:featuredmedia":[{"embeddable":true,"href":"https:\/\/guialimeira.com.br\/news\/wp-json\/wp\/v2\/media\/8210"}],"wp:attachment":[{"href":"https:\/\/guialimeira.com.br\/news\/wp-json\/wp\/v2\/media?parent=27901"}],"wp:term":[{"taxonomy":"category","embeddable":true,"href":"https:\/\/guialimeira.com.br\/news\/wp-json\/wp\/v2\/categories?post=27901"},{"taxonomy":"post_tag","embeddable":true,"href":"https:\/\/guialimeira.com.br\/news\/wp-json\/wp\/v2\/tags?post=27901"}],"curies":[{"name":"wp","href":"https:\/\/api.w.org\/{rel}","templated":true}]}}