{"id":2789,"date":"2024-04-25T16:21:53","date_gmt":"2024-04-25T19:21:53","guid":{"rendered":"https:\/\/guialimeira.com.br\/2024\/04\/25\/lancada-2a-olimpiada-limeirense-de-empreendedorismo-ole\/"},"modified":"2024-04-25T16:21:53","modified_gmt":"2024-04-25T19:21:53","slug":"lancada-2a-olimpiada-limeirense-de-empreendedorismo-ole","status":"publish","type":"post","link":"https:\/\/guialimeira.com.br\/news\/lancada-2a-olimpiada-limeirense-de-empreendedorismo-ole\/","title":{"rendered":"Lan\u00e7ada 2\u00aa Olimp\u00edada Limeirense de Empreendedorismo (OLE)"},"content":{"rendered":"<p> <br \/>\n<\/p>\n<div>\n            <main class=\"\">&#13;<br \/>\n                &#13;<br \/>\n&#13;<br \/>\n&#13;<br \/>\n&#13;<br \/>\n    <img data-recalc-dims=\"1\" decoding=\"async\" src=\"https:\/\/i0.wp.com\/ecrie.com.br\/sistema\/conteudos\/imagem\/m_137_0_1_25042024160837.jpeg?w=696&#038;ssl=1\" alt=\"Lan\u00e7ada 2\u00aa Olimp\u00edada Limeirense de Empreendedorismo (OLE)\"\/>&#13;<br \/>\n&#13;<\/p>\n<p>A\u00a0Secretaria de Desenvolvimento, Turismo e Inova\u00e7\u00e3o lan\u00e7ou na ter\u00e7a-feira (23) a 2\u00aa Edi\u00e7\u00e3o da Olimp\u00edada Limeirense de Empreendedorismo (OLE), voltada\u00a0a alunos e professores do segundo e do terceiro anos\u00a0do Ensino M\u00e9dio. O evento ocorreu no audit\u00f3rio da Diretoria Regional de Ensino, e contou com a presen\u00e7a de diretores, coordenadores e professores de escolas estaduais. Na ocasi\u00e3o, a analista de neg\u00f3cios do Sebrae Piracicaba, Vivian Louren\u00e7o, ministrou uma capacita\u00e7\u00e3o \u00a0sobre \u201cComportamento Empreendedor\u201d.<\/p>\n<p>&#13;<\/p>\n<p>O objetivo da OLE, segundo o secret\u00e1rio de Desenvolvimento, Turismo e Inova\u00e7\u00e3o, Tito Almirall, \u00e9 estimular habilidades empreendedoras, para que os alunos desenvolvam trabalhos inspiradores, inovadores e sustent\u00e1veis.\u00a0As atividades ser\u00e3o realizadas ao longo do ano e encerram-se em 30 de novembro, durante o M\u00eas Global do Empreendedorismo. \u201c\u00c9 uma iniciativa muito importante, por levar a cultura empreendedora aos jovens, num momento em que j\u00e1 est\u00e3o pr\u00f3ximos de ingressar no mercado de trabalho. A primeira edi\u00e7\u00e3o foi um grande sucesso\u00a0e temos certeza de que neste ano\u00a0teremos v\u00e1rios projetos inovadores\u201d, salientou Almirall.<\/p>\n<p>&#13;<br \/>\n&#13;<br \/>\n&#13;<br \/>\n&#13;<\/p>\n<aside class=\"list-related no-print\">&#13;<br \/>\n        &#13;<br \/>\n&#13;<\/p>\n<article class=\"list-item noticias \">&#13;<br \/>\n                    <a class=\"list-item__img\" href=\"https:\/\/limeira.sp.gov.br\/imprensa\/noticias\/desenvolvimento-turismo-e-inovacao\/curso-que-ajuda-empreendedor-a-se-organizar-recebe-inscricoes\" tabindex=\"-1\" aria-hidden=\"true\" rel=\"noopener\">&#13;<br \/>\n                        <img data-recalc-dims=\"1\" decoding=\"async\" src=\"https:\/\/i0.wp.com\/ecrie.com.br\/sistema\/conteudos\/imagem\/m_137_0_1_24042024172413.jpeg?w=696&#038;ssl=1\" alt=\"Curso que ajuda empreendedor a se organizar recebe inscri\u00e7\u00f5es\"\/>&#13;<br \/>\n                    <\/a>&#13;<br \/>\n&#13;<br \/>\n                &#13;<br \/>\n            <\/article>\n<p>&#13;<\/p>\n<article class=\"list-item noticias \">&#13;<br \/>\n                    <a class=\"list-item__img\" href=\"https:\/\/limeira.sp.gov.br\/imprensa\/noticias\/desenvolvimento-turismo-e-inovacao\/vice-prefeita-erika-tank-participa-de-primeiro-dia-do-liquida-estoque\" tabindex=\"-1\" aria-hidden=\"true\" rel=\"noopener\">&#13;<br \/>\n                        <img data-recalc-dims=\"1\" decoding=\"async\" src=\"https:\/\/i0.wp.com\/ecrie.com.br\/sistema\/conteudos\/imagem\/m_137_0_1_06042024140604.jpeg?w=696&#038;ssl=1\" alt=\"Vice-prefeita Erika Tank participa de primeiro dia do Liquida Estoque\"\/>&#13;<br \/>\n                    <\/a>&#13;<br \/>\n&#13;<br \/>\n                &#13;<br \/>\n            <\/article>\n<p>&#13;<\/p>\n<article class=\"list-item noticias \">&#13;<br \/>\n                    <a class=\"list-item__img\" href=\"https:\/\/limeira.sp.gov.br\/imprensa\/noticias\/desenvolvimento-turismo-e-inovacao\/em-dois-anos-governo-botion-cria-mais-de-72-mil-empregos-formais-em-limeira\" tabindex=\"-1\" aria-hidden=\"true\" rel=\"noopener\">&#13;<br \/>\n                        <img data-recalc-dims=\"1\" decoding=\"async\" src=\"https:\/\/i0.wp.com\/ecrie.com.br\/sistema\/conteudos\/imagem\/m_137_0_1_29032023114710.jpg?w=696&#038;ssl=1\" alt=\"Em dois anos, governo Botion cria mais de 7,2 mil empregos formais em Limeira\"\/>&#13;<br \/>\n                    <\/a>&#13;<br \/>\n&#13;<br \/>\n                &#13;<br \/>\n            <\/article>\n<p>&#13;<br \/>\n    <\/aside>\n<p>&#13;<br \/>\n&#13;<br \/>\n            <\/main><\/p><\/div>\n<p><br \/>\n<br \/><a href=\"https:\/\/limeira.sp.gov.br\/lancada-2-olimpiada-limeirense-de-empreendedorismo-ole\" rel=\"noopener\">Informa\u00e7\u00f5es da PML <\/a><\/p>\n","protected":false},"excerpt":{"rendered":"<p>&#13; &#13; &#13; &#13; &#13; &#13; &#13; A\u00a0Secretaria de Desenvolvimento, Turismo e Inova\u00e7\u00e3o lan\u00e7ou na ter\u00e7a-feira (23) a 2\u00aa Edi\u00e7\u00e3o da Olimp\u00edada Limeirense de Empreendedorismo (OLE), voltada\u00a0a alunos e professores do segundo e do terceiro anos\u00a0do Ensino M\u00e9dio. O evento ocorreu no audit\u00f3rio da Diretoria Regional de Ensino, e contou com a presen\u00e7a de diretores, [&hellip;]<\/p>\n","protected":false},"author":1,"featured_media":2790,"comment_status":"open","ping_status":"open","sticky":false,"template":"","format":"standard","meta":{"_jetpack_newsletter_access":"","_jetpack_dont_email_post_to_subs":false,"_jetpack_newsletter_tier_id":0,"_jetpack_memberships_contains_paywalled_content":false,"_mbp_banners":[],"_jetpack_feature_clip_id":0,"_jetpack_memberships_contains_paid_content":false,"footnotes":"","jetpack_publicize_message":"","jetpack_publicize_feature_enabled":true,"jetpack_social_post_already_shared":true,"jetpack_social_options":{"image_generator_settings":{"template":"highway","default_image_id":0,"font":"","enabled":false},"version":2},"jetpack_post_was_ever_published":false},"categories":[16],"tags":[],"class_list":["post-2789","post","type-post","status-publish","format-standard","has-post-thumbnail","category-local"],"jetpack_publicize_connections":[],"jetpack-related-posts":[],"jetpack_shortlink":"https:\/\/wp.me\/p7Eq1F-IZ","jetpack_sharing_enabled":true,"jetpack_featured_media_url":"https:\/\/i0.wp.com\/guialimeira.com.br\/news\/wp-content\/uploads\/2024\/04\/m_137_0_1_25042024160837.jpeg?fit=900%2C675&ssl=1","_links":{"self":[{"href":"https:\/\/guialimeira.com.br\/news\/wp-json\/wp\/v2\/posts\/2789","targetHints":{"allow":["GET"]}}],"collection":[{"href":"https:\/\/guialimeira.com.br\/news\/wp-json\/wp\/v2\/posts"}],"about":[{"href":"https:\/\/guialimeira.com.br\/news\/wp-json\/wp\/v2\/types\/post"}],"author":[{"embeddable":true,"href":"https:\/\/guialimeira.com.br\/news\/wp-json\/wp\/v2\/users\/1"}],"replies":[{"embeddable":true,"href":"https:\/\/guialimeira.com.br\/news\/wp-json\/wp\/v2\/comments?post=2789"}],"version-history":[{"count":0,"href":"https:\/\/guialimeira.com.br\/news\/wp-json\/wp\/v2\/posts\/2789\/revisions"}],"wp:featuredmedia":[{"embeddable":true,"href":"https:\/\/guialimeira.com.br\/news\/wp-json\/wp\/v2\/media\/2790"}],"wp:attachment":[{"href":"https:\/\/guialimeira.com.br\/news\/wp-json\/wp\/v2\/media?parent=2789"}],"wp:term":[{"taxonomy":"category","embeddable":true,"href":"https:\/\/guialimeira.com.br\/news\/wp-json\/wp\/v2\/categories?post=2789"},{"taxonomy":"post_tag","embeddable":true,"href":"https:\/\/guialimeira.com.br\/news\/wp-json\/wp\/v2\/tags?post=2789"}],"curies":[{"name":"wp","href":"https:\/\/api.w.org\/{rel}","templated":true}]}}