{"id":27885,"date":"2025-03-24T14:35:35","date_gmt":"2025-03-24T17:35:35","guid":{"rendered":"https:\/\/guialimeira.com.br\/?p=27885"},"modified":"2025-03-24T14:35:35","modified_gmt":"2025-03-24T17:35:35","slug":"pertenser-estreia-do-documentario-sobre-198-anos-de-historia-de-limeira-sera-nesta-quarta-feira","status":"publish","type":"post","link":"https:\/\/guialimeira.com.br\/news\/pertenser-estreia-do-documentario-sobre-198-anos-de-historia-de-limeira-sera-nesta-quarta-feira\/","title":{"rendered":"PertenSer: estreia do document\u00e1rio sobre 198 anos de hist\u00f3ria de Limeira ser\u00e1 nesta quarta-feira"},"content":{"rendered":"\n<figure class=\"wp-block-gallery has-nested-images columns-default is-cropped wp-block-gallery-1 is-layout-flex wp-block-gallery-is-layout-flex\"><\/figure>\n \r\n<br><img data-recalc-dims=\"1\" decoding=\"async\" src=\"https:\/\/i0.wp.com\/guialimeira.com.br\/wp-content\/uploads\/2025\/03\/2025-03-24_pertenser-estreia-do-documentario-sobre-198-anos-de-historia-de-limeira-sera-nesta-quarta.jpeg?w=696&#038;ssl=1\" \/><br><div>\n\t\t\t\t\t<p>Nesta quarta-feira, 26 de mar\u00e7o, estreia o primeiro epis\u00f3dio do document\u00e1rio \u201cPertenSer\u201d, produzido pela C\u00e2mara Municipal, por meio da Escola Legislativa Paulo Freire, em parceria com o\u00a0 N\u00facleo de Servi\u00e7os de Informa\u00e7\u00e3o, Arquivo e Documentos do Poder Legislativo. A mostra come\u00e7a \u00e0s 19h30, no Teatro Vit\u00f3ria, com entrada gratuita; aberta ao p\u00fablico.<\/p><p>Criado pela <a href=\"https:\/\/legislacao.limeira.sp.leg.br\/Limeira-SP\/Resolucoes\/853-2023\" rel=\"noopener\">Resolu\u00e7\u00e3o N\u00b0 853\/2023<\/a>, de autoria do vereador Everton Ferreira (PSD), o projeto PertenSer tem a finalidade de promover a\u00e7\u00f5es educacionais que possibilitem o amplo acesso \u00e0 hist\u00f3ria e mem\u00f3ria constru\u00eddas no processo de forma\u00e7\u00e3o e estrutura\u00e7\u00e3o de Limeira at\u00e9 os dias atuais.<\/p><p>O projeto tem como objetivo ensinar acerca da hist\u00f3ria de Limeira, ajudando tanto os alunos das escolas p\u00fablicas e particulares quanto a popula\u00e7\u00e3o em geral a conhecer melhor a origem da cidade, o crescimento e as mudan\u00e7as ao longo do tempo. Como tamb\u00e9m preservar a mem\u00f3ria do munic\u00edpio e facilitar o acesso a estudos sobre a forma\u00e7\u00e3o do povo limeirense. Al\u00e9m de buscar incentivar as crian\u00e7as a se interessarem mais pela hist\u00f3ria de onde vivem e assim fortalecer o sentimento de pertencimento.\u00a0<\/p><p><strong>Informa\u00e7\u00f5es<\/strong><\/p><p><strong>O qu\u00ea:<\/strong> Estreia do primeiro epis\u00f3dio do document\u00e1rio PertenSer<\/p><p><strong>Local: <\/strong>Teatro Vit\u00f3ria (Pra\u00e7a Toledo de Barros &#8211; Centro, Limeira\/SP)<\/p><p><strong>Entrada:<\/strong> Mostra aberta ao p\u00fablico com entrada gratuita<\/p><p><strong>Quando:<\/strong> 26 de mar\u00e7o, \u00e0s 19h30<\/p>\t\t\t\t<\/div>\r\n<br>\r\n<br><a href=\"https:\/\/www.limeira.sp.leg.br\/noticias\/view\/2025-03-24_pertenser-estreia-do-documentario-sobre-198-anos-de-historia-de-limeira-sera-nesta-quartafeira\" rel=\"noopener\">Informa\u00e7\u00f5es CML <\/a>","protected":false},"excerpt":{"rendered":"<p>Nesta quarta-feira, 26 de mar\u00e7o, estreia o primeiro epis\u00f3dio do document\u00e1rio \u201cPertenSer\u201d, produzido pela C\u00e2mara Municipal, por meio da Escola Legislativa Paulo Freire, em parceria com o\u00a0 N\u00facleo de Servi\u00e7os de Informa\u00e7\u00e3o, Arquivo e Documentos do Poder Legislativo. A mostra come\u00e7a \u00e0s 19h30, no Teatro Vit\u00f3ria, com entrada gratuita; aberta ao p\u00fablico. Criado pela Resolu\u00e7\u00e3o [&hellip;]<\/p>\n","protected":false},"author":1,"featured_media":27886,"comment_status":"open","ping_status":"open","sticky":false,"template":"","format":"standard","meta":{"_jetpack_newsletter_access":"","_jetpack_dont_email_post_to_subs":false,"_jetpack_newsletter_tier_id":0,"_jetpack_memberships_contains_paywalled_content":false,"_mbp_banners":[],"_jetpack_feature_clip_id":0,"_jetpack_memberships_contains_paid_content":false,"footnotes":"","jetpack_publicize_message":"","jetpack_publicize_feature_enabled":true,"jetpack_social_post_already_shared":true,"jetpack_social_options":{"image_generator_settings":{"template":"highway","default_image_id":0,"font":"","enabled":false},"version":2},"jetpack_post_was_ever_published":false},"categories":[19],"tags":[],"class_list":["post-27885","post","type-post","status-publish","format-standard","has-post-thumbnail","category-politica"],"jetpack_publicize_connections":[],"jetpack-related-posts":[],"jetpack_shortlink":"https:\/\/wp.me\/p7Eq1F-7fL","jetpack_sharing_enabled":true,"jetpack_featured_media_url":"https:\/\/i0.wp.com\/guialimeira.com.br\/news\/wp-content\/uploads\/2025\/03\/PertenSer-estreia-do-documentario-sobre-198-anos-de-historia-de.jpeg?fit=1280%2C640&ssl=1","_links":{"self":[{"href":"https:\/\/guialimeira.com.br\/news\/wp-json\/wp\/v2\/posts\/27885","targetHints":{"allow":["GET"]}}],"collection":[{"href":"https:\/\/guialimeira.com.br\/news\/wp-json\/wp\/v2\/posts"}],"about":[{"href":"https:\/\/guialimeira.com.br\/news\/wp-json\/wp\/v2\/types\/post"}],"author":[{"embeddable":true,"href":"https:\/\/guialimeira.com.br\/news\/wp-json\/wp\/v2\/users\/1"}],"replies":[{"embeddable":true,"href":"https:\/\/guialimeira.com.br\/news\/wp-json\/wp\/v2\/comments?post=27885"}],"version-history":[{"count":1,"href":"https:\/\/guialimeira.com.br\/news\/wp-json\/wp\/v2\/posts\/27885\/revisions"}],"predecessor-version":[{"id":27887,"href":"https:\/\/guialimeira.com.br\/news\/wp-json\/wp\/v2\/posts\/27885\/revisions\/27887"}],"wp:featuredmedia":[{"embeddable":true,"href":"https:\/\/guialimeira.com.br\/news\/wp-json\/wp\/v2\/media\/27886"}],"wp:attachment":[{"href":"https:\/\/guialimeira.com.br\/news\/wp-json\/wp\/v2\/media?parent=27885"}],"wp:term":[{"taxonomy":"category","embeddable":true,"href":"https:\/\/guialimeira.com.br\/news\/wp-json\/wp\/v2\/categories?post=27885"},{"taxonomy":"post_tag","embeddable":true,"href":"https:\/\/guialimeira.com.br\/news\/wp-json\/wp\/v2\/tags?post=27885"}],"curies":[{"name":"wp","href":"https:\/\/api.w.org\/{rel}","templated":true}]}}