{"id":27874,"date":"2025-03-24T12:24:37","date_gmt":"2025-03-24T15:24:37","guid":{"rendered":"https:\/\/guialimeira.com.br\/2025\/03\/24\/dilma-continua-a-frente-do-banco-do-brics-por-mais-5-anos\/"},"modified":"2025-03-24T12:24:37","modified_gmt":"2025-03-24T15:24:37","slug":"dilma-continua-a-frente-do-banco-do-brics-por-mais-5-anos","status":"publish","type":"post","link":"https:\/\/guialimeira.com.br\/news\/dilma-continua-a-frente-do-banco-do-brics-por-mais-5-anos\/","title":{"rendered":"Dilma continua \u00e0 frente do Banco do Brics por mais 5 anos"},"content":{"rendered":"<p> <br \/>\n<\/p>\n<div>\n<p>A ex-presidenta <strong>Dilma Rousseff\u00a0continuar\u00e1 \u00e0 frente do Banco do Brics<\/strong>. A recondu\u00e7\u00e3o da brasileira ao\u00a0cargo &#8211;\u00a0indicada\u00a0em 2023\u00a0para mandato que se encerraria\u00a0em julho deste ano &#8211;\u00a0foi confirmada pela ministra-chefe da Secretaria de Rela\u00e7\u00f5es Institucionais, Gleisi Hoffmann.<img data-recalc-dims=\"1\" decoding=\"async\" src=\"https:\/\/i0.wp.com\/agenciabrasil.ebc.com.br\/ebc.png?w=696&#038;ssl=1\" style=\"width:1px; height:1px; display:inline;\"\/><img data-recalc-dims=\"1\" decoding=\"async\" src=\"https:\/\/i0.wp.com\/agenciabrasil.ebc.com.br\/ebc.gif?w=696&#038;ssl=1\" style=\"width:1px; height:1px; display:inline;\"\/><\/p>\n<p>\u201cParab\u00e9ns, presidenta Dilma Rousseff, pela recondu\u00e7\u00e3o \u00e0 presid\u00eancia do Novo Banco de Desenvolvimento. Sob sua dire\u00e7\u00e3o, o <strong>Banco dos\u00a0Brics vem cumprindo importante papel no desenvolvimento de nossos pa\u00edses\u201d, postou Gleisi em suas redes sociais.<\/strong><\/p>\n<blockquote class=\"twitter-tweet\">\n<p dir=\"ltr\" lang=\"pt\" xml:lang=\"pt\">Parab\u00e9ns, presidenta Dilma Rousseff, pela recondu\u00e7\u00e3o \u00e0 presid\u00eancia do Novo Banco de Desenvolvimento. Sob sua dire\u00e7\u00e3o, o Banco dos BRICS vem cumprindo importante papel no desenvolvimento de nossos pa\u00edses.<\/p>\n<p>\u2014 Gleisi Hoffmann (@gleisi) <a href=\"https:\/\/twitter.com\/gleisi\/status\/1903916661037736139?ref_src=twsrc%5Etfw\" rel=\"noopener\">March 23, 2025<\/a><\/p><\/blockquote>\n<p>A indica\u00e7\u00e3o de Dilma para continuar \u00e0 frente do Novo Banco de Desenvolvimento (NDB &#8211; sigla em ingl\u00eas) pelos pr\u00f3ximos cinco anos j\u00e1 havia sido acenada no final do ano passado pelo presidente da R\u00fassia, Vladimir Putin.<\/p>\n<p>De acordo com as regras do banco, h\u00e1 um rod\u00edzio de indica\u00e7\u00f5es para o cargo, entre cada pa\u00eds-membro fundador do Brics, para mandatos de cinco anos. S\u00e3o membros fundadores do bloco Brasil, R\u00fassia, \u00cdndia, China e \u00c1frica do Sul.<\/p>\n<p><strong>Seguindo esse crit\u00e9rio, a pr\u00f3xima indica\u00e7\u00e3o ficaria a cargo da R\u00fassia.<\/strong><\/p>\n<p>No entanto, durante o encerramento da 16\u00ba C\u00fapula dos Brics, em Kazan, na R\u00fassia,\u00a0<strong><a href=\"https:\/\/agenciabrasil.ebc.com.br\/internacional\/noticia\/2024-10\/putin-oferece-ao-brasil-novo-mandato-no-banco-dos-brics-com-dilma\" target=\"_blank\" rel=\"noopener\">Putin j\u00e1 havia acenado<\/a> com a indica\u00e7\u00e3o de Dilma<\/strong>, enquanto estrat\u00e9gia para evitar &#8220;transferir todos os problemas [que em fun\u00e7\u00e3o da guerra com a Ucr\u00e2nia] est\u00e3o associados \u00e0 R\u00fassia&#8221;, discursou o presidente russo.<\/p>\n<p><a href=\"https:\/\/agenciabrasil.ebc.com.br\/internacional\/noticia\/2024-10\/putin-oferece-ao-brasil-novo-mandato-no-banco-dos-brics-com-dilma\" target=\"_blank\" rel=\"noopener\">&gt;&gt;Putin oferece ao Brasil novo mandato no banco dos Brics com Dilma<\/a><\/p>\n<p>Dilma assumiu a chefia do banco em mar\u00e7o de 2023, no lugar de Marcos Troyjo, indicado pelo governo de Jair Bolsonaro. A troca dos ocupantes do cargo foi feita ap\u00f3s Luiz In\u00e1cio Lula da Silva assumir a Presid\u00eancia do Brasil.<\/p>\n<p>      <!-- Relacionada --><\/p>\n<p>            <!-- Relacionada -->\n    <\/div>\n<p><script async src=\"\/\/platform.twitter.com\/widgets.js\" charset=\"utf-8\"><\/script><br \/>\n<br \/><br \/>\n<br \/><a href=\"https:\/\/agenciabrasil.ebc.com.br\/internacional\/noticia\/2025-03\/dilma-continua-frente-do-banco-do-brics-por-mais-5-anos\" rel=\"noopener\">Ag\u00eancia Brasil <\/a><\/p>\n","protected":false},"excerpt":{"rendered":"<p>A ex-presidenta Dilma Rousseff\u00a0continuar\u00e1 \u00e0 frente do Banco do Brics. A recondu\u00e7\u00e3o da brasileira ao\u00a0cargo &#8211;\u00a0indicada\u00a0em 2023\u00a0para mandato que se encerraria\u00a0em julho deste ano &#8211;\u00a0foi confirmada pela ministra-chefe da Secretaria de Rela\u00e7\u00f5es Institucionais, Gleisi Hoffmann. \u201cParab\u00e9ns, presidenta Dilma Rousseff, pela recondu\u00e7\u00e3o \u00e0 presid\u00eancia do Novo Banco de Desenvolvimento. Sob sua dire\u00e7\u00e3o, o Banco dos\u00a0Brics vem [&hellip;]<\/p>\n","protected":false},"author":1,"featured_media":269,"comment_status":"open","ping_status":"open","sticky":false,"template":"","format":"standard","meta":{"_jetpack_newsletter_access":"","_jetpack_dont_email_post_to_subs":false,"_jetpack_newsletter_tier_id":0,"_jetpack_memberships_contains_paywalled_content":false,"_mbp_banners":[],"_jetpack_feature_clip_id":0,"_jetpack_memberships_contains_paid_content":false,"footnotes":"","jetpack_publicize_message":"","jetpack_publicize_feature_enabled":true,"jetpack_social_post_already_shared":true,"jetpack_social_options":{"image_generator_settings":{"template":"highway","default_image_id":0,"font":"","enabled":false},"version":2},"jetpack_post_was_ever_published":false},"categories":[25],"tags":[],"class_list":["post-27874","post","type-post","status-publish","format-standard","has-post-thumbnail","category-internacional"],"jetpack_publicize_connections":[],"jetpack-related-posts":[],"jetpack_shortlink":"https:\/\/wp.me\/p7Eq1F-7fA","jetpack_sharing_enabled":true,"jetpack_featured_media_url":"https:\/\/i0.wp.com\/guialimeira.com.br\/news\/wp-content\/uploads\/2024\/03\/thumb_1200x600_agbrasil.png?fit=1200%2C600&ssl=1","_links":{"self":[{"href":"https:\/\/guialimeira.com.br\/news\/wp-json\/wp\/v2\/posts\/27874","targetHints":{"allow":["GET"]}}],"collection":[{"href":"https:\/\/guialimeira.com.br\/news\/wp-json\/wp\/v2\/posts"}],"about":[{"href":"https:\/\/guialimeira.com.br\/news\/wp-json\/wp\/v2\/types\/post"}],"author":[{"embeddable":true,"href":"https:\/\/guialimeira.com.br\/news\/wp-json\/wp\/v2\/users\/1"}],"replies":[{"embeddable":true,"href":"https:\/\/guialimeira.com.br\/news\/wp-json\/wp\/v2\/comments?post=27874"}],"version-history":[{"count":0,"href":"https:\/\/guialimeira.com.br\/news\/wp-json\/wp\/v2\/posts\/27874\/revisions"}],"wp:featuredmedia":[{"embeddable":true,"href":"https:\/\/guialimeira.com.br\/news\/wp-json\/wp\/v2\/media\/269"}],"wp:attachment":[{"href":"https:\/\/guialimeira.com.br\/news\/wp-json\/wp\/v2\/media?parent=27874"}],"wp:term":[{"taxonomy":"category","embeddable":true,"href":"https:\/\/guialimeira.com.br\/news\/wp-json\/wp\/v2\/categories?post=27874"},{"taxonomy":"post_tag","embeddable":true,"href":"https:\/\/guialimeira.com.br\/news\/wp-json\/wp\/v2\/tags?post=27874"}],"curies":[{"name":"wp","href":"https:\/\/api.w.org\/{rel}","templated":true}]}}