{"id":2787,"date":"2024-04-25T16:16:43","date_gmt":"2024-04-25T19:16:43","guid":{"rendered":"https:\/\/guialimeira.com.br\/2024\/04\/25\/pf-faz-acao-contra-divulgacao-de-imagens-de-abuso-sexual-infantil\/"},"modified":"2024-04-25T16:16:43","modified_gmt":"2024-04-25T19:16:43","slug":"pf-faz-acao-contra-divulgacao-de-imagens-de-abuso-sexual-infantil","status":"publish","type":"post","link":"https:\/\/guialimeira.com.br\/news\/pf-faz-acao-contra-divulgacao-de-imagens-de-abuso-sexual-infantil\/","title":{"rendered":"PF faz a\u00e7\u00e3o contra divulga\u00e7\u00e3o de imagens de abuso sexual infantil"},"content":{"rendered":"<p> <br \/>\n<\/p>\n<div>\n<p>A Pol\u00edcia Federal (PF) cumpre, nesta quinta-feira (25), uma opera\u00e7\u00e3o para reprimir a distribui\u00e7\u00e3o de imagens de abuso sexual de crian\u00e7as e adolescentes na internet. A opera\u00e7\u00e3o Kori cumpre cinco mandados de busca e apreens\u00e3o nos munic\u00edpios de Duque de Caxias e Nova Igua\u00e7u, na Baixada Fluminense.<img data-recalc-dims=\"1\" decoding=\"async\" src=\"https:\/\/i0.wp.com\/agenciabrasil.ebc.com.br\/ebc.png?w=696&#038;ssl=1\" style=\"width:1px; height:1px; display:inline;\"\/><img data-recalc-dims=\"1\" decoding=\"async\" src=\"https:\/\/i0.wp.com\/agenciabrasil.ebc.com.br\/ebc.gif?w=696&#038;ssl=1\" style=\"width:1px; height:1px; display:inline;\"\/><\/p>\n<p>Em um dos endere\u00e7os, os policiais encontraram um dispositivo de mem\u00f3ria externa (HD) contendo mais de 1.150 arquivos de imagens com cenas de abuso sexual infantil. O investigado, um homem de 49 anos, foi preso em flagrante pelo armazenamento dessas imagens.<\/p>\n<p>De acordo com a PF, as investiga\u00e7\u00f5es foram iniciadas em fevereiro deste ano, ap\u00f3s identifica\u00e7\u00e3o, por meio de rondas virtuais pelos agentes, de usu\u00e1rios de internet que estavam armazenando e disseminando arquivos de fotos e v\u00eddeos contendo abuso sexual infanto-juvenil.<\/p>\n<p>A PF busca identificar os respons\u00e1veis pela produ\u00e7\u00e3o e compartilhamento do material encontrado durante as investiga\u00e7\u00f5es, atrav\u00e9s da avalia\u00e7\u00e3o dos equipamentos apreendidos na opera\u00e7\u00e3o de hoje.<\/p>\n<\/p><\/div>\n<p><br \/>\n<br \/><a href=\"https:\/\/agenciabrasil.ebc.com.br\/geral\/noticia\/2024-04\/pf-faz-acao-contra-divulgacao-de-imagens-de-abuso-sexual-infantil\" rel=\"noopener\">Ag\u00eancia Brasil<\/a><\/p>\n","protected":false},"excerpt":{"rendered":"<p>A Pol\u00edcia Federal (PF) cumpre, nesta quinta-feira (25), uma opera\u00e7\u00e3o para reprimir a distribui\u00e7\u00e3o de imagens de abuso sexual de crian\u00e7as e adolescentes na internet. A opera\u00e7\u00e3o Kori cumpre cinco mandados de busca e apreens\u00e3o nos munic\u00edpios de Duque de Caxias e Nova Igua\u00e7u, na Baixada Fluminense. Em um dos endere\u00e7os, os policiais encontraram um [&hellip;]<\/p>\n","protected":false},"author":1,"featured_media":2788,"comment_status":"open","ping_status":"open","sticky":false,"template":"","format":"standard","meta":{"_jetpack_newsletter_access":"","_jetpack_dont_email_post_to_subs":false,"_jetpack_newsletter_tier_id":0,"_jetpack_memberships_contains_paywalled_content":false,"_mbp_banners":[],"_jetpack_feature_clip_id":0,"_jetpack_memberships_contains_paid_content":false,"footnotes":"","jetpack_publicize_message":"","jetpack_publicize_feature_enabled":true,"jetpack_social_post_already_shared":true,"jetpack_social_options":{"image_generator_settings":{"template":"highway","default_image_id":0,"font":"","enabled":false},"version":2},"jetpack_post_was_ever_published":false},"categories":[1],"tags":[],"class_list":["post-2787","post","type-post","status-publish","format-standard","has-post-thumbnail","category-geral"],"jetpack_publicize_connections":[],"jetpack-related-posts":[],"jetpack_shortlink":"https:\/\/wp.me\/p7Eq1F-IX","jetpack_sharing_enabled":true,"jetpack_featured_media_url":"https:\/\/i0.wp.com\/guialimeira.com.br\/news\/wp-content\/uploads\/2024\/04\/1714072605_imagem_materia.jpeg?fit=1600%2C800&ssl=1","_links":{"self":[{"href":"https:\/\/guialimeira.com.br\/news\/wp-json\/wp\/v2\/posts\/2787","targetHints":{"allow":["GET"]}}],"collection":[{"href":"https:\/\/guialimeira.com.br\/news\/wp-json\/wp\/v2\/posts"}],"about":[{"href":"https:\/\/guialimeira.com.br\/news\/wp-json\/wp\/v2\/types\/post"}],"author":[{"embeddable":true,"href":"https:\/\/guialimeira.com.br\/news\/wp-json\/wp\/v2\/users\/1"}],"replies":[{"embeddable":true,"href":"https:\/\/guialimeira.com.br\/news\/wp-json\/wp\/v2\/comments?post=2787"}],"version-history":[{"count":0,"href":"https:\/\/guialimeira.com.br\/news\/wp-json\/wp\/v2\/posts\/2787\/revisions"}],"wp:featuredmedia":[{"embeddable":true,"href":"https:\/\/guialimeira.com.br\/news\/wp-json\/wp\/v2\/media\/2788"}],"wp:attachment":[{"href":"https:\/\/guialimeira.com.br\/news\/wp-json\/wp\/v2\/media?parent=2787"}],"wp:term":[{"taxonomy":"category","embeddable":true,"href":"https:\/\/guialimeira.com.br\/news\/wp-json\/wp\/v2\/categories?post=2787"},{"taxonomy":"post_tag","embeddable":true,"href":"https:\/\/guialimeira.com.br\/news\/wp-json\/wp\/v2\/tags?post=2787"}],"curies":[{"name":"wp","href":"https:\/\/api.w.org\/{rel}","templated":true}]}}