{"id":27823,"date":"2025-03-23T12:57:34","date_gmt":"2025-03-23T15:57:34","guid":{"rendered":"https:\/\/guialimeira.com.br\/2025\/03\/23\/estado-de-sp-registra-20-mortes-por-febre-amarela-desde-dezembro\/"},"modified":"2025-03-23T12:57:34","modified_gmt":"2025-03-23T15:57:34","slug":"estado-de-sp-registra-20-mortes-por-febre-amarela-desde-dezembro","status":"publish","type":"post","link":"https:\/\/guialimeira.com.br\/news\/estado-de-sp-registra-20-mortes-por-febre-amarela-desde-dezembro\/","title":{"rendered":"Estado de SP registra 20 mortes por febre amarela desde dezembro"},"content":{"rendered":"<p> <br \/>\n<\/p>\n<div>\n<p>Entre dezembro do ano passado e fevereiro deste ano, o estado de S\u00e3o Paulo registrou 20 mortes por febre amarela. A maioria dos \u00f3bitos pela doen\u00e7a, 11, ocorreu em fevereiro. Os dados constam de boletim epidemiol\u00f3gico da Secretaria Estadual da Sa\u00fade do Estado de S\u00e3o Paulo, divulgado na quarta-feira (19).<img data-recalc-dims=\"1\" decoding=\"async\" src=\"https:\/\/i0.wp.com\/agenciabrasil.ebc.com.br\/ebc.png?w=696&#038;ssl=1\" style=\"width:1px; height:1px; display:inline;\"\/><img data-recalc-dims=\"1\" decoding=\"async\" src=\"https:\/\/i0.wp.com\/agenciabrasil.ebc.com.br\/ebc.gif?w=696&#038;ssl=1\" style=\"width:1px; height:1px; display:inline;\"\/><\/p>\n<p>Nesse per\u00edodo, foram confirmados 32 casos da doen\u00e7a em todo o estado, n\u00famero bem superior ao registrado em todo o ano passado, quando houve duas confirma\u00e7\u00f5es e um \u00f3bito. Este \u00e9 o maior n\u00famero de casos registrados no estado desde 2018, quando foram confirmados 502 casos aut\u00f3ctones (adquiridos no pr\u00f3prio munic\u00edpio onde a pessoa reside), com 175 \u00f3bitos.<\/p>\n<p>Os registros da doen\u00e7a neste ano ocorreram em cidades que comp\u00f5em as regi\u00f5es de Bauru, Campinas, Piracicaba e S\u00e3o Jos\u00e9 dos Campos. Em dois casos, o local onde a doen\u00e7a foi contra\u00edda ainda est\u00e1 em investiga\u00e7\u00e3o. H\u00e1 ainda dois casos importados, de pessoas que contra\u00edram o v\u00edrus em viagem para Minas Gerais.<\/p>\n<p>Segundo o boletim, oito em cada dez pessoas que foram infectadas pelo v\u00edrus (81% do total) n\u00e3o tinham sido vacinadas contra a doen\u00e7a. Dois casos ainda est\u00e3o sob investiga\u00e7\u00e3o.<\/p>\n<h2>Macacos<\/h2>\n<div class=\"dnd-widget-wrapper context-grande_6colunas type-image atom-align-left\">\n<div class=\"dnd-atom-rendered\"><!-- scald=40658:grande_6colunas {\"additionalClasses\":\"\"} --><br \/>\n            <img data-recalc-dims=\"1\" decoding=\"async\" src=\"https:\/\/i0.wp.com\/imagens.ebc.com.br\/NOkiF-2cxLdSQbZy1wRcIcl17NY%3D\/463x0\/smart\/https%3A\/\/agenciabrasil.ebc.com.br\/sites\/default\/files\/atoms\/image\/macaco_0.jpg?w=696&#038;ssl=1\" alt=\"De acordo com a secretaria de Sa\u00fade mineira, 65 munic\u00edpios j\u00e1 confirmaram mortes de macacos por febre amarela (Arquivo\/F\u00e1bio Massalli)\" title=\"Rio de Janeiro\/Arquivo\/F\u00e1bio Massalli\"\/><br \/>\n        <img data-recalc-dims=\"1\" decoding=\"async\" src=\"https:\/\/i0.wp.com\/imagens.ebc.com.br\/NOkiF-2cxLdSQbZy1wRcIcl17NY%3D\/463x0\/smart\/https%3A\/\/agenciabrasil.ebc.com.br\/sites\/default\/files\/atoms\/image\/macaco_0.jpg?w=696&#038;ssl=1\" alt=\"De acordo com a secretaria de Sa\u00fade mineira, 65 munic\u00edpios j\u00e1 confirmaram mortes de macacos por febre amarela (Arquivo\/F\u00e1bio Massalli)\" title=\"Rio de Janeiro\/Arquivo\/F\u00e1bio Massalli\"\/><br \/>\n    <!-- END scald=40658 --><\/div>\n<div class=\"dnd-caption-wrapper\">\n<p><!--copyright=40658-->Desde dezembro, 47 macacos tiveram confirma\u00e7\u00e3o para febre amarela o estado, mas estes animais n\u00e3o transmitem a doen\u00e7a &#8211; <strong>F\u00e1bio Massali &#8211; Ag\u00eancia Brasil <\/strong><!--END copyright=40658--><\/p>\n<\/div>\n<\/div>\n<p>\u00a0<\/p>\n<p>Desde dezembro, 47 macacos tiveram confirma\u00e7\u00e3o para febre amarela no estado, sendo que 25 deles foram identificados na regi\u00e3o de Ribeir\u00e3o Preto e 18 na regi\u00e3o de Campinas. Tamb\u00e9m houve casos confirmados nas regi\u00f5es de Barretos e metropolitana de S\u00e3o Paulo.<\/p>\n<p>Macacos n\u00e3o transmitem a febre amarela, mas s\u00e3o indicadores importantes sobre a presen\u00e7a do v\u00edrus circulando na regi\u00e3o.<\/p>\n<h2>A doen\u00e7a<\/h2>\n<p>A febre amarela \u00e9 uma doen\u00e7a infecciosa febril aguda causada por um v\u00edrus transmitido pela picada de um mosquito silvestre que vive em zonas de mata, e n\u00e3o h\u00e1 transmiss\u00e3o direta de pessoa para pessoa.<\/p>\n<p>Um indicador da presen\u00e7a dos mosquitos transmissores em determinada \u00e1rea se d\u00e1 com a morte de macacos, que tamb\u00e9m sofrem com altos \u00edndices de mortalidade quando contaminados. Por isso, o avistamento de macacos mortos deve ser informado \u00e0s equipes de sa\u00fade do munic\u00edpio.<\/p>\n<p>Os sintomas iniciais da febre amarela s\u00e3o febre, calafrios, dor de cabe\u00e7a intensa, dores nas costas, dores no corpo, n\u00e1useas e v\u00f4mitos, fadiga e fraqueza.<\/p>\n<p>A doen\u00e7a pode ser prevenida por meio de vacina, que est\u00e1 dispon\u00edvel gratuitamente pelo Sistema \u00danico de Sa\u00fade (SUS).<\/p>\n<p>Desde abril de 2017, o Brasil adota o esquema vacinal de apenas uma dose durante toda a vida, medida que est\u00e1 de acordo com as recomenda\u00e7\u00f5es da Organiza\u00e7\u00e3o Mundial da Sa\u00fade (OMS). A vacina \u00e9 a melhor forma de preven\u00e7\u00e3o da doen\u00e7a e est\u00e1 dispon\u00edvel em todos os postos de sa\u00fade do estado de S\u00e3o Paulo.<\/p>\n<p>      <!-- Relacionada --><\/p>\n<p>            <!-- Relacionada -->\n    <\/div>\n<p><br \/>\n<br \/><a href=\"https:\/\/agenciabrasil.ebc.com.br\/saude\/noticia\/2025-03\/estado-de-sp-registra-20-mortes-por-febre-amarela-desde-dezembro\" rel=\"noopener\">Ag\u00eancia Brasil <\/a><\/p>\n","protected":false},"excerpt":{"rendered":"<p>Entre dezembro do ano passado e fevereiro deste ano, o estado de S\u00e3o Paulo registrou 20 mortes por febre amarela. A maioria dos \u00f3bitos pela doen\u00e7a, 11, ocorreu em fevereiro. Os dados constam de boletim epidemiol\u00f3gico da Secretaria Estadual da Sa\u00fade do Estado de S\u00e3o Paulo, divulgado na quarta-feira (19). Nesse per\u00edodo, foram confirmados 32 [&hellip;]<\/p>\n","protected":false},"author":1,"featured_media":20101,"comment_status":"open","ping_status":"open","sticky":false,"template":"","format":"standard","meta":{"_jetpack_newsletter_access":"","_jetpack_dont_email_post_to_subs":false,"_jetpack_newsletter_tier_id":0,"_jetpack_memberships_contains_paywalled_content":false,"_mbp_banners":[],"_jetpack_feature_clip_id":0,"_jetpack_memberships_contains_paid_content":false,"footnotes":"","jetpack_publicize_message":"","jetpack_publicize_feature_enabled":true,"jetpack_social_post_already_shared":true,"jetpack_social_options":{"image_generator_settings":{"template":"highway","default_image_id":0,"font":"","enabled":false},"version":2},"jetpack_post_was_ever_published":false},"categories":[15],"tags":[],"class_list":["post-27823","post","type-post","status-publish","format-standard","has-post-thumbnail","category-saude"],"jetpack_publicize_connections":[],"jetpack-related-posts":[],"jetpack_shortlink":"https:\/\/wp.me\/p7Eq1F-7eL","jetpack_sharing_enabled":true,"jetpack_featured_media_url":"https:\/\/i0.wp.com\/guialimeira.com.br\/news\/wp-content\/uploads\/2025\/01\/vacina_contra_febre_amarela.jpg?fit=1600%2C800&ssl=1","_links":{"self":[{"href":"https:\/\/guialimeira.com.br\/news\/wp-json\/wp\/v2\/posts\/27823","targetHints":{"allow":["GET"]}}],"collection":[{"href":"https:\/\/guialimeira.com.br\/news\/wp-json\/wp\/v2\/posts"}],"about":[{"href":"https:\/\/guialimeira.com.br\/news\/wp-json\/wp\/v2\/types\/post"}],"author":[{"embeddable":true,"href":"https:\/\/guialimeira.com.br\/news\/wp-json\/wp\/v2\/users\/1"}],"replies":[{"embeddable":true,"href":"https:\/\/guialimeira.com.br\/news\/wp-json\/wp\/v2\/comments?post=27823"}],"version-history":[{"count":0,"href":"https:\/\/guialimeira.com.br\/news\/wp-json\/wp\/v2\/posts\/27823\/revisions"}],"wp:featuredmedia":[{"embeddable":true,"href":"https:\/\/guialimeira.com.br\/news\/wp-json\/wp\/v2\/media\/20101"}],"wp:attachment":[{"href":"https:\/\/guialimeira.com.br\/news\/wp-json\/wp\/v2\/media?parent=27823"}],"wp:term":[{"taxonomy":"category","embeddable":true,"href":"https:\/\/guialimeira.com.br\/news\/wp-json\/wp\/v2\/categories?post=27823"},{"taxonomy":"post_tag","embeddable":true,"href":"https:\/\/guialimeira.com.br\/news\/wp-json\/wp\/v2\/tags?post=27823"}],"curies":[{"name":"wp","href":"https:\/\/api.w.org\/{rel}","templated":true}]}}