{"id":2782,"date":"2024-04-25T15:20:52","date_gmt":"2024-04-25T18:20:52","guid":{"rendered":"https:\/\/guialimeira.com.br\/2024\/04\/25\/limeira-conquista-8o-lugar-nos-jogos-da-melhor-idade-etapa-casa-branca\/"},"modified":"2024-04-25T15:20:52","modified_gmt":"2024-04-25T18:20:52","slug":"limeira-conquista-8o-lugar-nos-jogos-da-melhor-idade-etapa-casa-branca","status":"publish","type":"post","link":"https:\/\/guialimeira.com.br\/news\/limeira-conquista-8o-lugar-nos-jogos-da-melhor-idade-etapa-casa-branca\/","title":{"rendered":"Limeira conquista 8\u00ba lugar nos Jogos da Melhor Idade, etapa Casa Branca"},"content":{"rendered":"<p> <br \/>\n<\/p>\n<div id=\"\">&#13;<br \/>\n                &#13;<br \/>\n&#13;<br \/>\n&#13;<br \/>\n&#13;<br \/>\n    <img data-recalc-dims=\"1\" decoding=\"async\" src=\"https:\/\/i0.wp.com\/ecrie.com.br\/sistema\/conteudos\/imagem\/m_137_0_1_25042024145341.jpg?w=696&#038;ssl=1\" alt=\"Limeira conquista 8\u00ba lugar nos Jogos da Melhor Idade, etapa Casa Branca\"\/>&#13;<br \/>\n&#13;<\/p>\n<p>O munic\u00edpio de Limeira conquistou o 8\u00ba Lugar na classifica\u00e7\u00e3o geral do 26\u00ba\u00a0Jogos da Melhor Idade\u00a0(Jomi), da 4\u00aa\u00a0Regi\u00e3o Estadual, em Casa Branca, com 58 pontos.\u00a0O destaque ficou com a modalidade de corrida, em que dois atletas conquistaram o 1\u00ba lugar: Manoel Jos\u00e9 Valentim\u00a0(nos 2 mil metros\u00a0&#8211; Categoria A)\u00a0e Ata\u00edde Vailante Miranda\u00a0(nos mil metros &#8211; Categoria D). J\u00e1 no t\u00eanis de mesa masculino, Jos\u00e9 Citeli\u00a0obteve o 1\u00ba lugar geral, na Categoria C.<\/p>\n<p>&#13;<\/p>\n<p>\u201cRealmente os Jogos n\u00e3o poderiam ter outra defini\u00e7\u00e3o: s\u00e3o, com certeza, da Melhor Idade. Poder representar a nossa cidade e ainda voltar com medalhas \u00e9 uma grande honra e alegria\u201d, afirmou o prefeito Mario Botion. \u201cRegistro a minha gratid\u00e3o a todos &#8211; atletas e equipe t\u00e9cnica. Parab\u00e9ns, pela brilhante participa\u00e7\u00e3o&#8221;, citou Botion.<\/p>\n<p>&#13;<\/p>\n<p>A vice-prefeita Erika Tank tamb\u00e9m parabenizou os atletas e os servidores da Secretaria de Esporte e Lazer. \u201c\u00c9 a nossa popula\u00e7\u00e3o mostrando a for\u00e7a e o vigor em todas as idades. O resultado alcan\u00e7ado \u00e9 fruto de um trabalho muito importante dedicado \u00e0 melhor idade\u201d, frisou Erika Tank.<\/p>\n<p>&#13;<\/p>\n<p>Tamb\u00e9m apresentaram bom desempenho, Jos\u00e9 Carlos da Silva, 2\u00ba lugar na corrida\/700\u00a0metros\u00a0(Categoria E); Vera L\u00facia Alves,\u00a02\u00ba lugar na corrida\/1,2 mil metros\u00a0(Categoria B); Denise Amaral Servilha,\u00a02\u00ba lugar no arremesso de peso (Categoria A \u2013 3\u00a0quilos); e Ari Mendes, 2\u00ba lugar geral\u00a0no t\u00eanis individual (Categoria C).<\/p>\n<p>&#13;<\/p>\n<p>Nos jogos coletivos, as equipes de v\u00f4lei adaptado feminino (60+) e masculino (70+) alcan\u00e7aram, respectivamente, a segunda e a terceira coloca\u00e7\u00f5es. A professora da Secretaria de Esporte e Lazer e t\u00e9cnica do v\u00f4lei adaptado, Glaucia B\u00fcll Perriello,\u00a0afirmou que essa foi a melhor campanha dos \u00faltimos anos nessa modalidade (desde 2009). \u201cLevamos quatro equipes para o Jomi, nas categorias 60+ e 70+, e duas delas conquistaram o p\u00f3dio\u201d, comemorou. \u201cNos treinos, a participa\u00e7\u00e3o desse p\u00fablico \u00e9 grande, tanto no feminino quanto no masculino\u201d, completou.<\/p>\n<p>&#13;<\/p>\n<p>O\u00a0evento ocorreu entre os dias 15 e 21 de abril e contou com a participa\u00e7\u00e3o de 36\u00a0cidades. Todos os primeiros e segundos colocados est\u00e3o classificados para a pr\u00f3xima fase estadual, de 17 a 23 de junho, em local a ser confirmado. A exce\u00e7\u00e3o fica por conta do atletismo, em que todos os tr\u00eas primeiros colocados tamb\u00e9m ficam automaticamente classificados. \u201cA participa\u00e7\u00e3o ativa do\u00a0pessoal da terceira idade em jogos e demais competi\u00e7\u00f5es mostra o quanto nossa cidade \u00e9 saud\u00e1vel\u201d, salientou o secret\u00e1rio da pasta, Luiz Augusto Zanon.<\/p>\n<p>&#13;<\/p>\n<p>Integraram a delega\u00e7\u00e3o limeirense, 85\u00a0atletas e 7 membros da equipe t\u00e9cnica. No total, o munic\u00edpio participou de 14 modalidades: Atletismo Masculino (Categoria A, B, C, D e E), Atletismo Feminino (Categoria A, B e D), Bocha, Buraco Masculino, Damas Masculino, Domin\u00f3 Feminino, Malha, T\u00eanis Individual Masculino (Categoria C), T\u00eanis de Mesa Masculino (Categoria B e C), T\u00eanis de Mesa Feminino (Categoria B), Truco, Voleibol Adaptado Feminino (Categoria A e B), Voleibol Adaptado Masculino (Categoria A e B) e Xadrez Masculino. O diretor de Esporte e Lazer\u00a0e chefe da delega\u00e7\u00e3o de Limeira, Emerson Ricardo S\u00e9rgio, tamb\u00e9m comentou o desempenho dos atletas. \u201cFoi uma grande satisfa\u00e7\u00e3o acompanhar as equipes e ver tamanha dedica\u00e7\u00e3o dos atletas que representaram nossa cidade\u201d, disse.<\/p>\n<p>&#13;<\/p>\n<p><strong>Atletismo Masculino (3\u00ba lugar geral): <\/strong><strong><br \/><\/strong><br \/><u>&#8211; Prova 2<\/u><u>\u00a0mil metros<\/u><u>\u00a0(Categoria A): Manoel Jos\u00e9 Valentim \u2013 1\u00ba lugar e Jo\u00e3o Jarme da Silva \u2013 2\u00ba lugar <\/u><u><br \/><\/u>&#8211; Prova 1,5\u00a0mil metros\u00a0(Categoria B): Arnaldo F\u00e9lix \u2013 3\u00ba lugar<br \/>&#8211; Prova 1,2 mil metros\u00a0(Categoria C): Benedito Barbosa Cara\u00e7a \u2013 3\u00ba lugar <br \/><u>&#8211; Prova 1<\/u><u>\u00a0mil metros <\/u><u>(Categoria D): Ata<\/u><u>\u00ed<\/u><u>de Vailante Miranda \u2013 1\u00ba lugar <\/u><u><br \/><\/u>&#8211; Prova 700\u00a0metros\u00a0(Categoria E): Jos\u00e9 Carlos da Silva &#8211; 2\u00ba lugar <\/p>\n<p><strong>Atletismo Feminino <\/strong><strong><br \/><\/strong><br \/>&#8211; Prova 1,2 mil metros\u00a0(Categoria B): Vera L\u00facia Alves \u2013 2\u00ba lugar <br \/>&#8211; Prova 800\u00a0metros\u00a0(Categoria D): Maria Dora da Costa \u2013 3\u00ba lugar <br \/>&#8211; Arremesso de Peso (Categoria A \u2013 3\u00a0quilos): Denise Amaral Servilha \u2013 2\u00ba lugar <\/p>\n<p><strong>T\u00eanis Individual Masculino:<\/strong><strong><br \/><\/strong><br \/>&#8211; Categoria C: Ari Mendes\u00a0&#8211; 2\u00ba lugar geral<\/p>\n<p><strong>T\u00eanis de Mesa Feminino:<\/strong><strong><br \/><\/strong><br \/>&#8211; Categoria B: Miriam de Souza Monteiro\u00a0&#8211; 3\u00ba lugar geral<\/p>\n<p><strong>T\u00eanis de Mesa Masculino:<\/strong><strong><br \/><\/strong><br \/><u>&#8211; Categoria C : Jos\u00e9 Citeli<\/u><u>\u00a0&#8211; <\/u><u>1\u00ba lugar geral<\/u><u><br \/><\/u><br \/><strong>Voleibol Adaptado Feminino:<\/strong><strong><br \/><\/strong><br \/>&#8211; Categoria A (2\u00ba lugar geral)<\/p>\n<p><strong>Voleibol Adaptado Masculino:<\/strong><strong><br \/><\/strong><br \/>&#8211; Categoria B (3\u00ba lugar geral)<\/p>\n<p>&#13;<\/p>\n<p>\u00a0<\/p>\n<p>&#13;<\/p>\n<p>\u00a0<\/p>\n<p>&#13;<br \/>\n&#13;<br \/>\n&#13;<br \/>\n&#13;<\/p>\n<aside class=\"list-related no-print\">&#13;<br \/>\n        &#13;<br \/>\n&#13;<\/p>\n<article class=\"list-item noticias \">&#13;<br \/>\n                    <a class=\"list-item__img\" href=\"https:\/\/limeira.sp.gov.br\/imprensa\/noticias\/esporte-e-lazer\/equipes-disputam-copa-jaboti-2024-de-futsal\" tabindex=\"-1\" aria-hidden=\"true\" rel=\"noopener\">&#13;<br \/>\n                        <img data-recalc-dims=\"1\" decoding=\"async\" src=\"https:\/\/i0.wp.com\/ecrie.com.br\/sistema\/conteudos\/imagem\/m_137_0_1_24042024115522.jpeg?w=696&#038;ssl=1\" alt=\"Equipes disputam Copa Jaboti 2024 de futsal\"\/>&#13;<br \/>\n                    <\/a>&#13;<br \/>\n&#13;<br \/>\n                &#13;<br \/>\n            <\/article>\n<p>&#13;<\/p>\n<article class=\"list-item noticias \">&#13;<br \/>\n                    <a class=\"list-item__img\" href=\"https:\/\/limeira.sp.gov.br\/imprensa\/noticias\/gabinete-do-prefeito\/erika-tank-fala-na-abertura-do-3-empreenda-limeira\" tabindex=\"-1\" aria-hidden=\"true\" rel=\"noopener\">&#13;<br \/>\n                        <img data-recalc-dims=\"1\" decoding=\"async\" src=\"https:\/\/i0.wp.com\/ecrie.com.br\/sistema\/conteudos\/imagem\/m_137_0_1_23042024172801.jpg?w=696&#038;ssl=1\" alt=\"Erika Tank participa de abertura do 3\u00b0 Empreenda Limeira\"\/>&#13;<br \/>\n                    <\/a>&#13;<br \/>\n&#13;<br \/>\n                &#13;<br \/>\n            <\/article>\n<p>&#13;<\/p>\n<article class=\"list-item noticias \">&#13;<br \/>\n                    <a class=\"list-item__img\" href=\"https:\/\/limeira.sp.gov.br\/imprensa\/noticias\/esporte-e-lazer\/inscricoes-para-os-jogos-municipais-adaptados-terminam-nesta-sexta\" tabindex=\"-1\" aria-hidden=\"true\" rel=\"noopener\">&#13;<br \/>\n                        <img data-recalc-dims=\"1\" decoding=\"async\" src=\"https:\/\/i0.wp.com\/ecrie.com.br\/sistema\/conteudos\/imagem\/m_137_0_1_23042024161228.jpg?w=696&#038;ssl=1\" alt=\"Inscri\u00e7\u00f5es para os Jogos Municipais Adaptados terminam nesta sexta\"\/>&#13;<br \/>\n                    <\/a>&#13;<br \/>\n&#13;<br \/>\n                &#13;<br \/>\n            <\/article>\n<p>&#13;<br \/>\n    <\/aside>\n<p>&#13;<br \/>\n&#13;\n            <\/p><\/div>\n<p><br \/>\n<br \/><a href=\"https:\/\/limeira.sp.gov.br\/limeira-conquista-8-lugar-nos-jogos-da-melhor-idade-etapa-casa-branca\" rel=\"noopener\">Informa\u00e7\u00f5es da PML <\/a><\/p>\n","protected":false},"excerpt":{"rendered":"<p>&#13; &#13; &#13; &#13; &#13; &#13; &#13; O munic\u00edpio de Limeira conquistou o 8\u00ba Lugar na classifica\u00e7\u00e3o geral do 26\u00ba\u00a0Jogos da Melhor Idade\u00a0(Jomi), da 4\u00aa\u00a0Regi\u00e3o Estadual, em Casa Branca, com 58 pontos.\u00a0O destaque ficou com a modalidade de corrida, em que dois atletas conquistaram o 1\u00ba lugar: Manoel Jos\u00e9 Valentim\u00a0(nos 2 mil metros\u00a0&#8211; Categoria A)\u00a0e [&hellip;]<\/p>\n","protected":false},"author":1,"featured_media":2783,"comment_status":"open","ping_status":"open","sticky":false,"template":"","format":"standard","meta":{"_jetpack_newsletter_access":"","_jetpack_dont_email_post_to_subs":false,"_jetpack_newsletter_tier_id":0,"_jetpack_memberships_contains_paywalled_content":false,"_mbp_banners":[],"_jetpack_feature_clip_id":0,"_jetpack_memberships_contains_paid_content":false,"footnotes":"","jetpack_publicize_message":"","jetpack_publicize_feature_enabled":true,"jetpack_social_post_already_shared":true,"jetpack_social_options":{"image_generator_settings":{"template":"highway","default_image_id":0,"font":"","enabled":false},"version":2},"jetpack_post_was_ever_published":false},"categories":[16],"tags":[],"class_list":["post-2782","post","type-post","status-publish","format-standard","has-post-thumbnail","category-local"],"jetpack_publicize_connections":[],"jetpack-related-posts":[],"jetpack_shortlink":"https:\/\/wp.me\/p7Eq1F-IS","jetpack_sharing_enabled":true,"jetpack_featured_media_url":"https:\/\/i0.wp.com\/guialimeira.com.br\/news\/wp-content\/uploads\/2024\/04\/m_137_0_1_25042024145341.jpg?fit=1600%2C900&ssl=1","_links":{"self":[{"href":"https:\/\/guialimeira.com.br\/news\/wp-json\/wp\/v2\/posts\/2782","targetHints":{"allow":["GET"]}}],"collection":[{"href":"https:\/\/guialimeira.com.br\/news\/wp-json\/wp\/v2\/posts"}],"about":[{"href":"https:\/\/guialimeira.com.br\/news\/wp-json\/wp\/v2\/types\/post"}],"author":[{"embeddable":true,"href":"https:\/\/guialimeira.com.br\/news\/wp-json\/wp\/v2\/users\/1"}],"replies":[{"embeddable":true,"href":"https:\/\/guialimeira.com.br\/news\/wp-json\/wp\/v2\/comments?post=2782"}],"version-history":[{"count":0,"href":"https:\/\/guialimeira.com.br\/news\/wp-json\/wp\/v2\/posts\/2782\/revisions"}],"wp:featuredmedia":[{"embeddable":true,"href":"https:\/\/guialimeira.com.br\/news\/wp-json\/wp\/v2\/media\/2783"}],"wp:attachment":[{"href":"https:\/\/guialimeira.com.br\/news\/wp-json\/wp\/v2\/media?parent=2782"}],"wp:term":[{"taxonomy":"category","embeddable":true,"href":"https:\/\/guialimeira.com.br\/news\/wp-json\/wp\/v2\/categories?post=2782"},{"taxonomy":"post_tag","embeddable":true,"href":"https:\/\/guialimeira.com.br\/news\/wp-json\/wp\/v2\/tags?post=2782"}],"curies":[{"name":"wp","href":"https:\/\/api.w.org\/{rel}","templated":true}]}}