{"id":27809,"date":"2025-03-23T09:57:36","date_gmt":"2025-03-23T12:57:36","guid":{"rendered":"https:\/\/guialimeira.com.br\/2025\/03\/23\/papa-francisco-deixa-o-hospital-apos-quase-40-dias-internado\/"},"modified":"2025-03-23T09:57:36","modified_gmt":"2025-03-23T12:57:36","slug":"papa-francisco-deixa-o-hospital-apos-quase-40-dias-internado","status":"publish","type":"post","link":"https:\/\/guialimeira.com.br\/news\/papa-francisco-deixa-o-hospital-apos-quase-40-dias-internado\/","title":{"rendered":"Papa Francisco deixa o hospital ap\u00f3s quase 40 dias internado"},"content":{"rendered":"<p> <br \/>\n<\/p>\n<div>\n<p>Ap\u00f3s 38\u00a0dias internado, o Papa Francisco recebeu alta neste domingo (23). Antes, o pont\u00edfice apareceu na sacada do hospital e acenou para os fi\u00e9is.\u00a0<img data-recalc-dims=\"1\" decoding=\"async\" src=\"https:\/\/i0.wp.com\/agenciabrasil.ebc.com.br\/ebc.png?w=696&#038;ssl=1\" style=\"width:1px; height:1px; display:inline;\"\/><img data-recalc-dims=\"1\" decoding=\"async\" src=\"https:\/\/i0.wp.com\/agenciabrasil.ebc.com.br\/ebc.gif?w=696&#038;ssl=1\" style=\"width:1px; height:1px; display:inline;\"\/><\/p>\n<p>\u201cObrigado a todos!\u201d\u00a0<\/p>\n<p>Essas foram as palavras do Papa ao saudar os fi\u00e9is\u00a0e turistas que foram ao Hospital Gemelli onde ele estava internado desde o dia 14 de fevereiro para tratar uma pneumonia.<\/p>\n<p>Logo em seguida, o Papa deixou o hospital rumo ao Vaticano. Durante o trajeto, fez uma parada na Bas\u00edlica de Santa Maria Maior para rezar diante do \u00edcone da Salus Popoli Romani, agradecer por sua recupera\u00e7\u00e3o.<\/p>\n<h2>Alta m\u00e9dica\u00a0<\/h2>\n<p>Ontem, a equipe m\u00e9dica que acompanha o papa <a href=\"https:\/\/agenciabrasil.ebc.com.br\/internacional\/noticia\/2025-03\/papa-francisco-deve-ter-alta-hospitalar-neste-domingo\" target=\"_blank\" rel=\"noopener\">informou que ele teria alta neste domingo<\/a>, mas deveria continuar a recupera\u00e7\u00e3o com fisioterapia e acompanhamento m\u00e9dico.<\/p>\n<p>\u201cSegundo a equipe m\u00e9dica, trata-se de uma \u2018alta protegida\u2019, o que significa que a recupera\u00e7\u00e3o exigir\u00e1 fisioterapia respirat\u00f3ria e motora, al\u00e9m de suporte di\u00e1rio com oxig\u00eanio e acompanhamento m\u00e9dico. A voz do Pont\u00edfice dever\u00e1 retornar gradualmente, conforme esperado nesses casos\u201d, disse o Vaticano.<\/p>\n<p>\u00a0<\/p>\n<p>      <!-- Relacionada --><\/p>\n<p>            <!-- Relacionada -->\n    <\/div>\n<p><br \/>\n<br \/><a href=\"https:\/\/agenciabrasil.ebc.com.br\/internacional\/noticia\/2025-03\/papa-francisco-deixa-o-hospital-apos-quase-40-dias-internado\" rel=\"noopener\">Ag\u00eancia Brasil <\/a><\/p>\n","protected":false},"excerpt":{"rendered":"<p>Ap\u00f3s 38\u00a0dias internado, o Papa Francisco recebeu alta neste domingo (23). Antes, o pont\u00edfice apareceu na sacada do hospital e acenou para os fi\u00e9is.\u00a0 \u201cObrigado a todos!\u201d\u00a0 Essas foram as palavras do Papa ao saudar os fi\u00e9is\u00a0e turistas que foram ao Hospital Gemelli onde ele estava internado desde o dia 14 de fevereiro para tratar [&hellip;]<\/p>\n","protected":false},"author":1,"featured_media":269,"comment_status":"open","ping_status":"open","sticky":false,"template":"","format":"standard","meta":{"_jetpack_newsletter_access":"","_jetpack_dont_email_post_to_subs":false,"_jetpack_newsletter_tier_id":0,"_jetpack_memberships_contains_paywalled_content":false,"_mbp_banners":[],"_jetpack_feature_clip_id":0,"_jetpack_memberships_contains_paid_content":false,"footnotes":"","jetpack_publicize_message":"","jetpack_publicize_feature_enabled":true,"jetpack_social_post_already_shared":true,"jetpack_social_options":{"image_generator_settings":{"template":"highway","default_image_id":0,"font":"","enabled":false},"version":2},"jetpack_post_was_ever_published":false},"categories":[25],"tags":[],"class_list":["post-27809","post","type-post","status-publish","format-standard","has-post-thumbnail","category-internacional"],"jetpack_publicize_connections":[],"jetpack-related-posts":[],"jetpack_shortlink":"https:\/\/wp.me\/p7Eq1F-7ex","jetpack_sharing_enabled":true,"jetpack_featured_media_url":"https:\/\/i0.wp.com\/guialimeira.com.br\/news\/wp-content\/uploads\/2024\/03\/thumb_1200x600_agbrasil.png?fit=1200%2C600&ssl=1","_links":{"self":[{"href":"https:\/\/guialimeira.com.br\/news\/wp-json\/wp\/v2\/posts\/27809","targetHints":{"allow":["GET"]}}],"collection":[{"href":"https:\/\/guialimeira.com.br\/news\/wp-json\/wp\/v2\/posts"}],"about":[{"href":"https:\/\/guialimeira.com.br\/news\/wp-json\/wp\/v2\/types\/post"}],"author":[{"embeddable":true,"href":"https:\/\/guialimeira.com.br\/news\/wp-json\/wp\/v2\/users\/1"}],"replies":[{"embeddable":true,"href":"https:\/\/guialimeira.com.br\/news\/wp-json\/wp\/v2\/comments?post=27809"}],"version-history":[{"count":0,"href":"https:\/\/guialimeira.com.br\/news\/wp-json\/wp\/v2\/posts\/27809\/revisions"}],"wp:featuredmedia":[{"embeddable":true,"href":"https:\/\/guialimeira.com.br\/news\/wp-json\/wp\/v2\/media\/269"}],"wp:attachment":[{"href":"https:\/\/guialimeira.com.br\/news\/wp-json\/wp\/v2\/media?parent=27809"}],"wp:term":[{"taxonomy":"category","embeddable":true,"href":"https:\/\/guialimeira.com.br\/news\/wp-json\/wp\/v2\/categories?post=27809"},{"taxonomy":"post_tag","embeddable":true,"href":"https:\/\/guialimeira.com.br\/news\/wp-json\/wp\/v2\/tags?post=27809"}],"curies":[{"name":"wp","href":"https:\/\/api.w.org\/{rel}","templated":true}]}}