{"id":27797,"date":"2025-03-22T19:47:24","date_gmt":"2025-03-22T22:47:24","guid":{"rendered":"https:\/\/guialimeira.com.br\/?p=27797"},"modified":"2025-03-22T19:47:26","modified_gmt":"2025-03-22T22:47:26","slug":"vereador-carlinhos-do-grotta-cobra-informacoes-sobre-reparos-asfalticos-apos-servicos-da-brk-em-limeira","status":"publish","type":"post","link":"https:\/\/guialimeira.com.br\/news\/vereador-carlinhos-do-grotta-cobra-informacoes-sobre-reparos-asfalticos-apos-servicos-da-brk-em-limeira\/","title":{"rendered":"Vereador Carlinhos do Grotta cobra informa\u00e7\u00f5es sobre reparos asf\u00e1lticos ap\u00f3s servi\u00e7os da BRK em Limeira"},"content":{"rendered":"\n<p class=\"wp-block-paragraph\">\ud83d\ude97 <strong>E voc\u00ea, j\u00e1 enfrentou problemas com ruas esburacadas em Limeira? Deixe seu coment\u00e1rio e compartilhe sua experi\u00eancia!<\/strong><\/p>\n\n\n\n<p class=\"wp-block-paragraph\">A qualidade da pavimenta\u00e7\u00e3o asf\u00e1ltica em Limeira tem sido motivo de preocupa\u00e7\u00e3o para moradores de diversas regi\u00f5es da cidade. Diante das constantes reclama\u00e7\u00f5es, o vereador <strong>Carlinhos do Grotta (PL)<\/strong> apresentou um requerimento ao Poder Executivo solicitando esclarecimentos sobre os reparos realizados pela <strong>BRK Ambiental<\/strong> ap\u00f3s a execu\u00e7\u00e3o de seus servi\u00e7os.<\/p>\n\n\n\n<h2 class=\"wp-block-heading\"><strong>Principais questionamentos do requerimento<\/strong><\/h2>\n\n\n\n<p class=\"wp-block-paragraph\">No documento, o vereador levanta tr\u00eas pontos fundamentais para garantir que a popula\u00e7\u00e3o n\u00e3o seja prejudicada pela m\u00e1 qualidade do asfalto ap\u00f3s obras da concession\u00e1ria:<\/p>\n\n\n\n<p class=\"wp-block-paragraph\">\u2705 <strong>Existe um planejamento para recapeamento da pavimenta\u00e7\u00e3o ap\u00f3s os servi\u00e7os da BRK?<\/strong><br>\u2705 <strong>Quando foi realizada a \u00faltima fiscaliza\u00e7\u00e3o dessas obras e quais foram os crit\u00e9rios avaliados?<\/strong><br>\u2705 <strong>Qual a espessura determinada para a camada asf\u00e1ltica ap\u00f3s os reparos?<\/strong><\/p>\n\n\n\n<h2 class=\"wp-block-heading\"><strong>Reivindica\u00e7\u00e3o da popula\u00e7\u00e3o<\/strong><\/h2>\n\n\n\n<p class=\"wp-block-paragraph\">Entre as diversas ruas afetadas, uma das principais queixas dos moradores \u00e9 sobre a <strong>Rua Osmar Guarino Cassaroti<\/strong>, onde a pavimenta\u00e7\u00e3o est\u00e1 <strong>esburacada e desnivelada<\/strong>, causando riscos tanto para motoristas quanto para pedestres. O problema, no entanto, <strong>n\u00e3o se limita a essa via<\/strong>, sendo relatado em v\u00e1rias partes da cidade.<\/p>\n\n\n\n<p class=\"wp-block-paragraph\">A falta de um recapeamento adequado pode gerar <strong>danos aos ve\u00edculos e at\u00e9 mesmo acidentes<\/strong> devido \u00e0 perda de controle da dire\u00e7\u00e3o. Por isso, o vereador Carlinhos do Grotta cobra um posicionamento da Prefeitura de Limeira e de seus setores respons\u00e1veis para que as ruas sejam devidamente recuperadas.<\/p>\n\n\n\n<h2 class=\"wp-block-heading\"><strong>A import\u00e2ncia da fiscaliza\u00e7\u00e3o e manuten\u00e7\u00e3o<\/strong><\/h2>\n\n\n\n<p class=\"wp-block-paragraph\">Garantir um <strong>asfalto de qualidade<\/strong> ap\u00f3s obras \u00e9 essencial para a mobilidade urbana e a seguran\u00e7a da popula\u00e7\u00e3o. O requerimento refor\u00e7a a necessidade de um <strong>plano eficiente de fiscaliza\u00e7\u00e3o e recupera\u00e7\u00e3o das vias<\/strong>, evitando transtornos e preju\u00edzos para os cidad\u00e3os.<\/p>\n\n\n\n<p class=\"wp-block-paragraph\">Agora, aguarda-se a resposta do Executivo sobre as medidas que ser\u00e3o tomadas para resolver essa quest\u00e3o. O vereador segue acompanhando o caso e refor\u00e7ando sua atua\u00e7\u00e3o em defesa de uma infraestrutura urbana mais eficiente e segura para todos.<\/p>\n\n\n\n<p class=\"wp-block-paragraph\"><\/p>\n","protected":false},"excerpt":{"rendered":"<p>\ud83d\ude97 E voc\u00ea, j\u00e1 enfrentou problemas com ruas esburacadas em Limeira? Deixe seu coment\u00e1rio e compartilhe sua experi\u00eancia! A qualidade da pavimenta\u00e7\u00e3o asf\u00e1ltica em Limeira tem sido motivo de preocupa\u00e7\u00e3o para moradores de diversas regi\u00f5es da cidade. Diante das constantes reclama\u00e7\u00f5es, o vereador Carlinhos do Grotta (PL) apresentou um requerimento ao Poder Executivo solicitando esclarecimentos [&hellip;]<\/p>\n","protected":false},"author":1,"featured_media":27798,"comment_status":"open","ping_status":"open","sticky":false,"template":"","format":"standard","meta":{"_jetpack_newsletter_access":"","_jetpack_dont_email_post_to_subs":false,"_jetpack_newsletter_tier_id":0,"_jetpack_memberships_contains_paywalled_content":false,"_mbp_banners":[],"_jetpack_feature_clip_id":0,"_jetpack_memberships_contains_paid_content":false,"footnotes":"","jetpack_publicize_message":"","jetpack_publicize_feature_enabled":true,"jetpack_social_post_already_shared":true,"jetpack_social_options":{"image_generator_settings":{"template":"highway","default_image_id":0,"font":"","enabled":false},"version":2},"jetpack_post_was_ever_published":false},"categories":[19],"tags":[],"class_list":["post-27797","post","type-post","status-publish","format-standard","has-post-thumbnail","category-politica"],"jetpack_publicize_connections":[],"jetpack-related-posts":[],"jetpack_shortlink":"https:\/\/wp.me\/p7Eq1F-7el","jetpack_sharing_enabled":true,"jetpack_featured_media_url":"https:\/\/i0.wp.com\/guialimeira.com.br\/news\/wp-content\/uploads\/2025\/03\/causas-dos-buracos-brk.jpg?fit=800%2C500&ssl=1","_links":{"self":[{"href":"https:\/\/guialimeira.com.br\/news\/wp-json\/wp\/v2\/posts\/27797","targetHints":{"allow":["GET"]}}],"collection":[{"href":"https:\/\/guialimeira.com.br\/news\/wp-json\/wp\/v2\/posts"}],"about":[{"href":"https:\/\/guialimeira.com.br\/news\/wp-json\/wp\/v2\/types\/post"}],"author":[{"embeddable":true,"href":"https:\/\/guialimeira.com.br\/news\/wp-json\/wp\/v2\/users\/1"}],"replies":[{"embeddable":true,"href":"https:\/\/guialimeira.com.br\/news\/wp-json\/wp\/v2\/comments?post=27797"}],"version-history":[{"count":1,"href":"https:\/\/guialimeira.com.br\/news\/wp-json\/wp\/v2\/posts\/27797\/revisions"}],"predecessor-version":[{"id":27799,"href":"https:\/\/guialimeira.com.br\/news\/wp-json\/wp\/v2\/posts\/27797\/revisions\/27799"}],"wp:featuredmedia":[{"embeddable":true,"href":"https:\/\/guialimeira.com.br\/news\/wp-json\/wp\/v2\/media\/27798"}],"wp:attachment":[{"href":"https:\/\/guialimeira.com.br\/news\/wp-json\/wp\/v2\/media?parent=27797"}],"wp:term":[{"taxonomy":"category","embeddable":true,"href":"https:\/\/guialimeira.com.br\/news\/wp-json\/wp\/v2\/categories?post=27797"},{"taxonomy":"post_tag","embeddable":true,"href":"https:\/\/guialimeira.com.br\/news\/wp-json\/wp\/v2\/tags?post=27797"}],"curies":[{"name":"wp","href":"https:\/\/api.w.org\/{rel}","templated":true}]}}