{"id":27789,"date":"2025-03-22T16:40:51","date_gmt":"2025-03-22T19:40:51","guid":{"rendered":"https:\/\/guialimeira.com.br\/2025\/03\/22\/papa-francisco-deve-ter-alta-hospitalar-neste-domingo\/"},"modified":"2025-03-22T16:40:51","modified_gmt":"2025-03-22T19:40:51","slug":"papa-francisco-deve-ter-alta-hospitalar-neste-domingo","status":"publish","type":"post","link":"https:\/\/guialimeira.com.br\/news\/papa-francisco-deve-ter-alta-hospitalar-neste-domingo\/","title":{"rendered":"Papa Francisco deve ter alta hospitalar neste domingo"},"content":{"rendered":"<p> <br \/>\n<\/p>\n<div>\n<p>O <strong>papa Francisco receber\u00e1 alta neste domingo (23) e seguir\u00e1 para a Casa Santa Marta, no Vaticano, onde reside<\/strong>.<img data-recalc-dims=\"1\" decoding=\"async\" src=\"https:\/\/i0.wp.com\/agenciabrasil.ebc.com.br\/ebc.png?w=696&#038;ssl=1\" style=\"width:1px; height:1px; display:inline;\"\/><img data-recalc-dims=\"1\" decoding=\"async\" src=\"https:\/\/i0.wp.com\/agenciabrasil.ebc.com.br\/ebc.gif?w=696&#038;ssl=1\" style=\"width:1px; height:1px; display:inline;\"\/><\/p>\n<p>Internado desde o dia 14 de fevereiro para tratar uma\u00a0pneumonia dupla,<strong> Francisco continuar\u00e1 a recupera\u00e7\u00e3o com fisioterapia e acompanhamento m\u00e9dico.<\/strong><\/p>\n<blockquote>\n<p>\u201cSegundo a equipe m\u00e9dica, trata-se de uma \u2018alta protegida\u2019, o que significa que a recupera\u00e7\u00e3o exigir\u00e1 fisioterapia respirat\u00f3ria e motora, al\u00e9m de suporte di\u00e1rio com oxig\u00eanio e acompanhamento m\u00e9dico. A voz do Pont\u00edfice dever\u00e1 retornar gradualmente, conforme esperado nesses casos\u201d, disse o Vaticano.<\/p>\n<\/blockquote>\n<p>Mais cedo, a Santa S\u00e9 havia anunciado que o <a href=\"https:\/\/agenciabrasil.ebc.com.br\/internacional\/noticia\/2025-03\/papa-pode-aparecer-neste-domingo-para-saudacao-aos-fieis-diz-vaticano\" target=\"_blank\" rel=\"noopener\">papa planeja aparecer amanh\u00e3 na janela do Hospital Gemelli, em Roma<\/a>, <strong>para fazer uma sauda\u00e7\u00e3o aos fi\u00e9is<\/strong>. Esta <strong>ser\u00e1 a primeira apari\u00e7\u00e3o desde que o pont\u00edfice\u00a0foi internado<\/strong>.<\/p>\n<blockquote>\n<p>\u201cDurante a interna\u00e7\u00e3o, enfrentou uma pneumonia severa, mas permaneceu consciente e est\u00e1vel nas \u00faltimas semanas. Antes de retornar ao Vaticano, far\u00e1 uma breve sauda\u00e7\u00e3o e conceder\u00e1 sua b\u00ean\u00e7\u00e3o na sacada do Hospital Gemelli\u201d, informou o Vaticano.<\/p>\n<\/blockquote>\n<p>A condi\u00e7\u00e3o cl\u00ednica de Francisco se manteve est\u00e1vel nas duas \u00faltimas semanas. Al\u00e9m da continuidade\u00a0do tratamento\u00a0medicamentoso, <strong>ser\u00e1 necess\u00e1rio um per\u00edodo de repouso em convalescen\u00e7a por pelo menos dois meses<\/strong>.<\/p>\n<p>      <!-- Relacionada --><\/p>\n<p>            <!-- Relacionada -->\n    <\/div>\n<p><br \/>\n<br \/><a href=\"https:\/\/agenciabrasil.ebc.com.br\/internacional\/noticia\/2025-03\/papa-francisco-deve-ter-alta-hospitalar-neste-domingo\" rel=\"noopener\">Ag\u00eancia Brasil <\/a><\/p>\n","protected":false},"excerpt":{"rendered":"<p>O papa Francisco receber\u00e1 alta neste domingo (23) e seguir\u00e1 para a Casa Santa Marta, no Vaticano, onde reside. Internado desde o dia 14 de fevereiro para tratar uma\u00a0pneumonia dupla, Francisco continuar\u00e1 a recupera\u00e7\u00e3o com fisioterapia e acompanhamento m\u00e9dico. \u201cSegundo a equipe m\u00e9dica, trata-se de uma \u2018alta protegida\u2019, o que significa que a recupera\u00e7\u00e3o exigir\u00e1 [&hellip;]<\/p>\n","protected":false},"author":1,"featured_media":27790,"comment_status":"open","ping_status":"open","sticky":false,"template":"","format":"standard","meta":{"_jetpack_newsletter_access":"","_jetpack_dont_email_post_to_subs":false,"_jetpack_newsletter_tier_id":0,"_jetpack_memberships_contains_paywalled_content":false,"_mbp_banners":[],"_jetpack_feature_clip_id":0,"_jetpack_memberships_contains_paid_content":false,"footnotes":"","jetpack_publicize_message":"","jetpack_publicize_feature_enabled":true,"jetpack_social_post_already_shared":true,"jetpack_social_options":{"image_generator_settings":{"template":"highway","default_image_id":0,"font":"","enabled":false},"version":2},"jetpack_post_was_ever_published":false},"categories":[25],"tags":[],"class_list":["post-27789","post","type-post","status-publish","format-standard","has-post-thumbnail","category-internacional"],"jetpack_publicize_connections":[],"jetpack-related-posts":[],"jetpack_shortlink":"https:\/\/wp.me\/p7Eq1F-7ed","jetpack_sharing_enabled":true,"jetpack_featured_media_url":"https:\/\/i0.wp.com\/guialimeira.com.br\/news\/wp-content\/uploads\/2025\/03\/papa_francisco.jpg?fit=1600%2C800&ssl=1","_links":{"self":[{"href":"https:\/\/guialimeira.com.br\/news\/wp-json\/wp\/v2\/posts\/27789","targetHints":{"allow":["GET"]}}],"collection":[{"href":"https:\/\/guialimeira.com.br\/news\/wp-json\/wp\/v2\/posts"}],"about":[{"href":"https:\/\/guialimeira.com.br\/news\/wp-json\/wp\/v2\/types\/post"}],"author":[{"embeddable":true,"href":"https:\/\/guialimeira.com.br\/news\/wp-json\/wp\/v2\/users\/1"}],"replies":[{"embeddable":true,"href":"https:\/\/guialimeira.com.br\/news\/wp-json\/wp\/v2\/comments?post=27789"}],"version-history":[{"count":0,"href":"https:\/\/guialimeira.com.br\/news\/wp-json\/wp\/v2\/posts\/27789\/revisions"}],"wp:featuredmedia":[{"embeddable":true,"href":"https:\/\/guialimeira.com.br\/news\/wp-json\/wp\/v2\/media\/27790"}],"wp:attachment":[{"href":"https:\/\/guialimeira.com.br\/news\/wp-json\/wp\/v2\/media?parent=27789"}],"wp:term":[{"taxonomy":"category","embeddable":true,"href":"https:\/\/guialimeira.com.br\/news\/wp-json\/wp\/v2\/categories?post=27789"},{"taxonomy":"post_tag","embeddable":true,"href":"https:\/\/guialimeira.com.br\/news\/wp-json\/wp\/v2\/tags?post=27789"}],"curies":[{"name":"wp","href":"https:\/\/api.w.org\/{rel}","templated":true}]}}