{"id":27783,"date":"2025-03-22T15:08:11","date_gmt":"2025-03-22T18:08:11","guid":{"rendered":"https:\/\/guialimeira.com.br\/?p=27783"},"modified":"2025-03-22T15:08:13","modified_gmt":"2025-03-22T18:08:13","slug":"assai-atacadista-realiza-entrevista-de-emprego-em-limeira-participe","status":"publish","type":"post","link":"https:\/\/guialimeira.com.br\/news\/assai-atacadista-realiza-entrevista-de-emprego-em-limeira-participe\/","title":{"rendered":"Assa\u00ed Atacadista realiza entrevista de emprego em Limeira \u2013 Participe!"},"content":{"rendered":"\n<p class=\"wp-block-paragraph\">Se voc\u00ea est\u00e1 em busca de uma oportunidade de emprego em Limeira, essa pode ser a sua chance! O <strong>Assa\u00ed Atacadista<\/strong> est\u00e1 realizando uma entrevista para contrata\u00e7\u00e3o de novos colaboradores na <strong>Loja 21 \u2013 Limeira Centro\/SP<\/strong>. A sele\u00e7\u00e3o acontece no dia <strong>24 de mar\u00e7o, \u00e0s 14h40<\/strong>, e os interessados devem levar o curr\u00edculo para participar.<\/p>\n\n\n\n<h2 class=\"wp-block-heading\"><strong>Vagas dispon\u00edveis<\/strong><\/h2>\n\n\n\n<p class=\"wp-block-paragraph\">O Assa\u00ed Atacadista est\u00e1 contratando para diversas fun\u00e7\u00f5es, entre elas:<\/p>\n\n\n\n<p class=\"wp-block-paragraph\">\ud83d\udd39 <strong>Repositor de Mercadorias<\/strong> (Aprendiz +18)<br>\ud83d\udd39 <strong>Repositor Pleno \u2013 FLV<\/strong><br>\ud83d\udd39 <strong>Conferente<\/strong><br>\ud83d\udd39 <strong>Atendente de Loja \u2013 Venda de Produtos Financeiros<\/strong><br>\ud83d\udd39 <strong>Fiscal de Caixa<\/strong><\/p>\n\n\n\n<p class=\"wp-block-paragraph\"><strong>\ud83d\udccc Importante:<\/strong> Todas as vagas s\u00e3o para maiores de 18 anos.<\/p>\n\n\n\n<h2 class=\"wp-block-heading\"><strong>Benef\u00edcios oferecidos<\/strong><\/h2>\n\n\n\n<p class=\"wp-block-paragraph\">Trabalhar no Assa\u00ed Atacadista garante acesso a diversos benef\u00edcios, como:<\/p>\n\n\n\n<p class=\"wp-block-paragraph\">\u2714 <strong>Assist\u00eancia m\u00e9dica e odontol\u00f3gica<\/strong><br>\u2714 <strong>Seguro de vida<\/strong><br>\u2714 <strong>Refeit\u00f3rio em todas as unidades<\/strong><br>\u2714 <strong>Vale-compras Assa\u00ed<\/strong><br>\u2714 <strong>Capacita\u00e7\u00e3o por meio da Universidade Assa\u00ed<\/strong><br>\u2714 <strong>Plano de carreira<\/strong><\/p>\n\n\n\n<p class=\"wp-block-paragraph\">E muito mais!<\/p>\n\n\n\n<h2 class=\"wp-block-heading\"><strong>Como participar da sele\u00e7\u00e3o?<\/strong><\/h2>\n\n\n\n<p class=\"wp-block-paragraph\">\ud83d\udccd <strong>Data:<\/strong> 24\/03 \u2013 14h40<br>\ud83d\udccd <strong>Local:<\/strong> Loja 21 \u2013 Limeira Centro\/SP (Largo Jos\u00e9 Bonif\u00e1cio, 149, Centro, Limeira\/SP)<br>\ud83d\udccd <strong>Contato:<\/strong> (19) 99882-2797<br>\ud83d\udccd <strong>E-mail:<\/strong> <a>loja021.rh@assai.com.br<\/a><\/p>\n\n\n\n<p class=\"wp-block-paragraph\"><strong>\ud83d\udca1 Dica:<\/strong> Para agilizar o processo, cadastre-se no site <a>assai.gupy.io<\/a> e fique por dentro de outras oportunidades.<\/p>\n\n\n\n<p class=\"wp-block-paragraph\">Essa \u00e9 a sua chance de fazer parte de uma das <strong>melhores empresas para trabalhar no Brasil<\/strong>, segundo o ranking <strong>Great Place to Work 2024<\/strong>. N\u00e3o perca essa oportunidade e venha ser Assa\u00ed! \ud83d\ude80<\/p>\n","protected":false},"excerpt":{"rendered":"<p>Se voc\u00ea est\u00e1 em busca de uma oportunidade de emprego em Limeira, essa pode ser a sua chance! O Assa\u00ed Atacadista est\u00e1 realizando uma entrevista para contrata\u00e7\u00e3o de novos colaboradores na Loja 21 \u2013 Limeira Centro\/SP. A sele\u00e7\u00e3o acontece no dia 24 de mar\u00e7o, \u00e0s 14h40, e os interessados devem levar o curr\u00edculo para participar. [&hellip;]<\/p>\n","protected":false},"author":1,"featured_media":27784,"comment_status":"open","ping_status":"open","sticky":false,"template":"","format":"standard","meta":{"_jetpack_newsletter_access":"","_jetpack_dont_email_post_to_subs":false,"_jetpack_newsletter_tier_id":0,"_jetpack_memberships_contains_paywalled_content":false,"_mbp_banners":[],"_jetpack_feature_clip_id":0,"_jetpack_memberships_contains_paid_content":false,"footnotes":"","jetpack_publicize_message":"","jetpack_publicize_feature_enabled":true,"jetpack_social_post_already_shared":true,"jetpack_social_options":{"image_generator_settings":{"template":"highway","default_image_id":0,"font":"","enabled":false},"version":2},"jetpack_post_was_ever_published":false},"categories":[17,16],"tags":[],"class_list":["post-27783","post","type-post","status-publish","format-standard","has-post-thumbnail","category-empregos","category-local"],"jetpack_publicize_connections":[],"jetpack-related-posts":[],"jetpack_shortlink":"https:\/\/wp.me\/p7Eq1F-7e7","jetpack_sharing_enabled":true,"jetpack_featured_media_url":"https:\/\/i0.wp.com\/guialimeira.com.br\/news\/wp-content\/uploads\/2025\/03\/485739633_9545593395502274_391629990565347694_n-1-e1742666873348.jpg?fit=990%2C630&ssl=1","_links":{"self":[{"href":"https:\/\/guialimeira.com.br\/news\/wp-json\/wp\/v2\/posts\/27783","targetHints":{"allow":["GET"]}}],"collection":[{"href":"https:\/\/guialimeira.com.br\/news\/wp-json\/wp\/v2\/posts"}],"about":[{"href":"https:\/\/guialimeira.com.br\/news\/wp-json\/wp\/v2\/types\/post"}],"author":[{"embeddable":true,"href":"https:\/\/guialimeira.com.br\/news\/wp-json\/wp\/v2\/users\/1"}],"replies":[{"embeddable":true,"href":"https:\/\/guialimeira.com.br\/news\/wp-json\/wp\/v2\/comments?post=27783"}],"version-history":[{"count":1,"href":"https:\/\/guialimeira.com.br\/news\/wp-json\/wp\/v2\/posts\/27783\/revisions"}],"predecessor-version":[{"id":27785,"href":"https:\/\/guialimeira.com.br\/news\/wp-json\/wp\/v2\/posts\/27783\/revisions\/27785"}],"wp:featuredmedia":[{"embeddable":true,"href":"https:\/\/guialimeira.com.br\/news\/wp-json\/wp\/v2\/media\/27784"}],"wp:attachment":[{"href":"https:\/\/guialimeira.com.br\/news\/wp-json\/wp\/v2\/media?parent=27783"}],"wp:term":[{"taxonomy":"category","embeddable":true,"href":"https:\/\/guialimeira.com.br\/news\/wp-json\/wp\/v2\/categories?post=27783"},{"taxonomy":"post_tag","embeddable":true,"href":"https:\/\/guialimeira.com.br\/news\/wp-json\/wp\/v2\/tags?post=27783"}],"curies":[{"name":"wp","href":"https:\/\/api.w.org\/{rel}","templated":true}]}}