{"id":2778,"date":"2024-04-25T15:15:43","date_gmt":"2024-04-25T18:15:43","guid":{"rendered":"https:\/\/guialimeira.com.br\/2024\/04\/25\/seis-corpos-sao-encontrados-no-guaruja-durante-buscas-por-pm\/"},"modified":"2024-04-25T15:15:43","modified_gmt":"2024-04-25T18:15:43","slug":"seis-corpos-sao-encontrados-no-guaruja-durante-buscas-por-pm","status":"publish","type":"post","link":"https:\/\/guialimeira.com.br\/news\/seis-corpos-sao-encontrados-no-guaruja-durante-buscas-por-pm\/","title":{"rendered":"Seis corpos s\u00e3o encontrados no Guaruj\u00e1 durante buscas por PM"},"content":{"rendered":"<p> <br \/>\n<\/p>\n<div>\n<p>Os corpos de seis pessoas foram encontrados no Guaruj\u00e1 (SP), neste m\u00eas, durante buscas por um soldado da Pol\u00edcia Militar (PM) que est\u00e1 desaparecido desde o \u00faltimo dia 14. O primeiro cad\u00e1ver foi localizado no dia 16, outras duas ossadas no dia 22 e outros tr\u00eas corpos na tarde de quarta-feira (24).<img data-recalc-dims=\"1\" decoding=\"async\" src=\"https:\/\/i0.wp.com\/agenciabrasil.ebc.com.br\/ebc.png?w=696&#038;ssl=1\" style=\"width:1px; height:1px; display:inline;\"\/><img data-recalc-dims=\"1\" decoding=\"async\" src=\"https:\/\/i0.wp.com\/agenciabrasil.ebc.com.br\/ebc.gif?w=696&#038;ssl=1\" style=\"width:1px; height:1px; display:inline;\"\/><\/p>\n<p>As informa\u00e7\u00f5es foram confirmadas pela Secretaria de Seguran\u00e7a P\u00fablica de S\u00e3o Paulo. O desaparecimento do policial militar segue em investiga\u00e7\u00e3o pela Pol\u00edcia Civil. As a\u00e7\u00f5es conjuntas para localiza\u00e7\u00e3o incluem tamb\u00e9m o Corpo de Bombeiros.<\/p>\n<p>Na tarde de ontem (24), policiais da 3\u00aa Delegacia de Homic\u00eddios (Deinter 6) localizaram um barraco na rua Argentina, no Guaruj\u00e1, onde o soldado teria sido mantido. Segundo a Secretaria de Seguran\u00e7a P\u00fablica (SSP), dilig\u00eancias prosseguem para esclarecer os fatos e localizar o policial.<\/p>\n<p>Na ocasi\u00e3o do desaparecimento do soldado Luca Romano, a PM deflagrou uma opera\u00e7\u00e3o na regi\u00e3o para identificar e prender os envolvidos. \u201cCerca de 250 policiais foram deslocados para refor\u00e7ar o policiamento, restabelecer a seguran\u00e7a e auxiliar nas buscas pelo soldado. Um homem de 36 anos foi preso, suspeito de participa\u00e7\u00e3o no desaparecimento\u201d, informou a SSP na \u00e9poca.<\/p>\n<h2>Opera\u00e7\u00f5es policiais<\/h2>\n<p>O munic\u00edpio de Guaruj\u00e1, na Baixada Santista, foi um dos alvos das<a href=\"http:\/\/agenciabrasil.ebc.com.br\/geral\/noticia\/2023-08\/mortos-em-operacao-no-guaruja-chegam-14\" target=\"_blank\" rel=\"noopener\"> Opera\u00e7\u00f5es Escudo<\/a>, no ano passado, e Ver\u00e3o, no in\u00edcio deste ano, realizadas pela PM. Com a justificativa de combate ao crime organizado, o governo do estado deflagrou essas grandes opera\u00e7\u00f5es ap\u00f3s policiais militares serem mortos na regi\u00e3o.<\/p>\n<p>A Opera\u00e7\u00e3o Escudo &#8211; deflagrada ap\u00f3s a morte do policial militar Patrick Bastos Reis, baleado e morto no Guaruj\u00e1, no dia 27 de julho de 2023 &#8211; matou 28 pessoas no per\u00edodo de 40 dias, na Baixada Santista. Uma segunda Opera\u00e7\u00e3o Escudo foi decretada em S\u00e3o Vicente, em 8 de setembro, resultando em mais oito mortes, segundo divulga\u00e7\u00e3o do Instituto Sou da Paz.<\/p>\n<p>Neste ano, quando as a\u00e7\u00f5es passaram a ser nomeadas de Opera\u00e7\u00e3o Ver\u00e3o, 56 pessoas foram mortas por policiais militares na regi\u00e3o, segundo nota da SSP. As mortes ocorreram em supostos confrontos com a pol\u00edcia desde o dia 2 de fevereiro, quando o policial militar Samuel Wesley Cosmo foi morto em Santos, durante patrulhamento. Na ocasi\u00e3o, SSP informou que as pol\u00edcias civil e militar se mobilizaram para localizar e prender os envolvidos na morte de Cosmo.<\/p>\n<h2>Resultados<\/h2>\n<p><a href=\"http:\/\/agenciabrasil.ebc.com.br\/direitos-humanos\/noticia\/2024-03\/operacoes-na-baixada-santista-tem-baixa-eficiencia-aponta-estudo\" target=\"_blank\" rel=\"noopener\">Levantamento realizado pelo Instituto Sou da Paz<\/a>, a partir da an\u00e1lise de dados da SSP, mostrou que as opera\u00e7\u00f5es deflagradas pela Pol\u00edcia Militar na Baixada Santista, no ano passado, n\u00e3o resultaram em avan\u00e7os na redu\u00e7\u00e3o da criminalidade violenta e colocaram a vida de policiais em risco, al\u00e9m de violar direitos das popula\u00e7\u00f5es perif\u00e9ricas da regi\u00e3o.<\/p>\n<p>Com base nos indicadores criminais da regi\u00e3o em agosto e setembro de 2023, os dados demonstraram que as opera\u00e7\u00f5es foram marcadas pela baixa efici\u00eancia, alta letalidade policial, crescimento de infra\u00e7\u00f5es ligadas ao crime organizado, como roubo de cargas, e a incapacidade do policiamento nas ruas para evitar crimes como furtos, roubos e agress\u00f5es.<\/p>\n<p>*<em>Colaborou M\u00e1rcio Garoni, da TV Brasil<\/em><\/p>\n<\/p><\/div>\n<p><br \/>\n<br \/><a href=\"https:\/\/agenciabrasil.ebc.com.br\/geral\/noticia\/2024-04\/seis-corpos-sao-encontrados-no-guaruja-durante-buscas-por-pm\" rel=\"noopener\">Ag\u00eancia Brasil<\/a><\/p>\n","protected":false},"excerpt":{"rendered":"<p>Os corpos de seis pessoas foram encontrados no Guaruj\u00e1 (SP), neste m\u00eas, durante buscas por um soldado da Pol\u00edcia Militar (PM) que est\u00e1 desaparecido desde o \u00faltimo dia 14. O primeiro cad\u00e1ver foi localizado no dia 16, outras duas ossadas no dia 22 e outros tr\u00eas corpos na tarde de quarta-feira (24). As informa\u00e7\u00f5es foram [&hellip;]<\/p>\n","protected":false},"author":1,"featured_media":2779,"comment_status":"open","ping_status":"open","sticky":false,"template":"","format":"standard","meta":{"_jetpack_newsletter_access":"","_jetpack_dont_email_post_to_subs":false,"_jetpack_newsletter_tier_id":0,"_jetpack_memberships_contains_paywalled_content":false,"_mbp_banners":[],"_jetpack_feature_clip_id":0,"_jetpack_memberships_contains_paid_content":false,"footnotes":"","jetpack_publicize_message":"","jetpack_publicize_feature_enabled":true,"jetpack_social_post_already_shared":true,"jetpack_social_options":{"image_generator_settings":{"template":"highway","default_image_id":0,"font":"","enabled":false},"version":2},"jetpack_post_was_ever_published":false},"categories":[1],"tags":[],"class_list":["post-2778","post","type-post","status-publish","format-standard","has-post-thumbnail","category-geral"],"jetpack_publicize_connections":[],"jetpack-related-posts":[],"jetpack_shortlink":"https:\/\/wp.me\/p7Eq1F-IO","jetpack_sharing_enabled":true,"jetpack_featured_media_url":"https:\/\/i0.wp.com\/guialimeira.com.br\/news\/wp-content\/uploads\/2024\/04\/pm_sp02.jpg?fit=1600%2C800&ssl=1","_links":{"self":[{"href":"https:\/\/guialimeira.com.br\/news\/wp-json\/wp\/v2\/posts\/2778","targetHints":{"allow":["GET"]}}],"collection":[{"href":"https:\/\/guialimeira.com.br\/news\/wp-json\/wp\/v2\/posts"}],"about":[{"href":"https:\/\/guialimeira.com.br\/news\/wp-json\/wp\/v2\/types\/post"}],"author":[{"embeddable":true,"href":"https:\/\/guialimeira.com.br\/news\/wp-json\/wp\/v2\/users\/1"}],"replies":[{"embeddable":true,"href":"https:\/\/guialimeira.com.br\/news\/wp-json\/wp\/v2\/comments?post=2778"}],"version-history":[{"count":0,"href":"https:\/\/guialimeira.com.br\/news\/wp-json\/wp\/v2\/posts\/2778\/revisions"}],"wp:featuredmedia":[{"embeddable":true,"href":"https:\/\/guialimeira.com.br\/news\/wp-json\/wp\/v2\/media\/2779"}],"wp:attachment":[{"href":"https:\/\/guialimeira.com.br\/news\/wp-json\/wp\/v2\/media?parent=2778"}],"wp:term":[{"taxonomy":"category","embeddable":true,"href":"https:\/\/guialimeira.com.br\/news\/wp-json\/wp\/v2\/categories?post=2778"},{"taxonomy":"post_tag","embeddable":true,"href":"https:\/\/guialimeira.com.br\/news\/wp-json\/wp\/v2\/tags?post=2778"}],"curies":[{"name":"wp","href":"https:\/\/api.w.org\/{rel}","templated":true}]}}