{"id":27758,"date":"2025-03-22T11:34:42","date_gmt":"2025-03-22T14:34:42","guid":{"rendered":"https:\/\/guialimeira.com.br\/2025\/03\/22\/papa-pode-aparecer-neste-domingo-para-saudacao-aos-fieis-diz-vaticano\/"},"modified":"2025-03-22T11:34:42","modified_gmt":"2025-03-22T14:34:42","slug":"papa-pode-aparecer-neste-domingo-para-saudacao-aos-fieis-diz-vaticano","status":"publish","type":"post","link":"https:\/\/guialimeira.com.br\/news\/papa-pode-aparecer-neste-domingo-para-saudacao-aos-fieis-diz-vaticano\/","title":{"rendered":"Papa pode aparecer neste domingo para sauda\u00e7\u00e3o aos fi\u00e9is, diz Vaticano"},"content":{"rendered":"<p> <br \/>\n<\/p>\n<div>\n<p>O Papa Francisco planeja aparecer amanh\u00e3 (23) na janela do Hospital Gemelli, em Roma, para fazer uma sauda\u00e7\u00e3o aos fi\u00e9is, informou o Vaticano. <strong>Esta ser\u00e1 a primeira apari\u00e7\u00e3o desde que Francisco foi internado, no dia 14 de fevereiro para tratar de uma pneumonia dupla.<\/strong><img data-recalc-dims=\"1\" decoding=\"async\" src=\"https:\/\/i0.wp.com\/agenciabrasil.ebc.com.br\/ebc.png?w=696&#038;ssl=1\" style=\"width:1px; height:1px; display:inline;\"\/><img data-recalc-dims=\"1\" decoding=\"async\" src=\"https:\/\/i0.wp.com\/agenciabrasil.ebc.com.br\/ebc.gif?w=696&#038;ssl=1\" style=\"width:1px; height:1px; display:inline;\"\/><\/p>\n<p><strong>A apari\u00e7\u00e3o est\u00e1 prevista para as 12h, quando o Papa dever\u00e1 fazer uma ben\u00e7\u00e3o da janela do seu quarto<\/strong>. A Santa S\u00e9 disse ainda que divulgar\u00e1 o texto do Angelus, ora\u00e7\u00e3o que relembra aos cat\u00f3licos o momento da anuncia\u00e7\u00e3o da concep\u00e7\u00e3o de Jesus Cristo, para celebra\u00e7\u00e3o do momento.<\/p>\n<p>Ontem (21), o Vaticano informou que a <strong>condi\u00e7\u00e3o de sa\u00fade do Papa Francisco\u00a0permanece est\u00e1vel, com pequenos progressos do ponto de vista respirat\u00f3rio e motor<\/strong>.<\/p>\n<p>\u201c\u00c0 noite, o Papa n\u00e3o usa mais ventila\u00e7\u00e3o mec\u00e2nica com m\u00e1scara, mas oxigena\u00e7\u00e3o de alto fluxo com c\u00e2nulas nasais e, durante o dia, usa cada vez menos os altos fluxos. Os m\u00e9dicos ainda n\u00e3o deram uma indica\u00e7\u00e3o de quando ele receber\u00e1 alta do hospital. O Papa passa os dias entre tratamentos, ora\u00e7\u00f5es e um pouco de atividade de trabalho. E n\u00e3o recebeu visitas\u201d, disse a Santa S\u00e9 que deve divulgar o pr\u00f3ximo boletim m\u00e9dico na segunda-feira (24).<\/p>\n<p>      <!-- Relacionada --><\/p>\n<p>            <!-- Relacionada -->\n    <\/div>\n<p><br \/>\n<br \/><a href=\"https:\/\/agenciabrasil.ebc.com.br\/internacional\/noticia\/2025-03\/papa-pode-aparecer-neste-domingo-para-saudacao-aos-fieis-diz-vaticano\" rel=\"noopener\">Ag\u00eancia Brasil <\/a><\/p>\n","protected":false},"excerpt":{"rendered":"<p>O Papa Francisco planeja aparecer amanh\u00e3 (23) na janela do Hospital Gemelli, em Roma, para fazer uma sauda\u00e7\u00e3o aos fi\u00e9is, informou o Vaticano. Esta ser\u00e1 a primeira apari\u00e7\u00e3o desde que Francisco foi internado, no dia 14 de fevereiro para tratar de uma pneumonia dupla. A apari\u00e7\u00e3o est\u00e1 prevista para as 12h, quando o Papa dever\u00e1 [&hellip;]<\/p>\n","protected":false},"author":1,"featured_media":27759,"comment_status":"open","ping_status":"open","sticky":false,"template":"","format":"standard","meta":{"_jetpack_newsletter_access":"","_jetpack_dont_email_post_to_subs":false,"_jetpack_newsletter_tier_id":0,"_jetpack_memberships_contains_paywalled_content":false,"_mbp_banners":[],"_jetpack_feature_clip_id":0,"_jetpack_memberships_contains_paid_content":false,"footnotes":"","jetpack_publicize_message":"","jetpack_publicize_feature_enabled":true,"jetpack_social_post_already_shared":true,"jetpack_social_options":{"image_generator_settings":{"template":"highway","default_image_id":0,"font":"","enabled":false},"version":2},"jetpack_post_was_ever_published":false},"categories":[25],"tags":[],"class_list":["post-27758","post","type-post","status-publish","format-standard","has-post-thumbnail","category-internacional"],"jetpack_publicize_connections":[],"jetpack-related-posts":[],"jetpack_shortlink":"https:\/\/wp.me\/p7Eq1F-7dI","jetpack_sharing_enabled":true,"jetpack_featured_media_url":"https:\/\/i0.wp.com\/guialimeira.com.br\/news\/wp-content\/uploads\/2025\/03\/2025-02-14t102220z_1966307046_rc2klcagssrj_rtrmadp_3_pope-health.jpg?fit=1600%2C800&ssl=1","_links":{"self":[{"href":"https:\/\/guialimeira.com.br\/news\/wp-json\/wp\/v2\/posts\/27758","targetHints":{"allow":["GET"]}}],"collection":[{"href":"https:\/\/guialimeira.com.br\/news\/wp-json\/wp\/v2\/posts"}],"about":[{"href":"https:\/\/guialimeira.com.br\/news\/wp-json\/wp\/v2\/types\/post"}],"author":[{"embeddable":true,"href":"https:\/\/guialimeira.com.br\/news\/wp-json\/wp\/v2\/users\/1"}],"replies":[{"embeddable":true,"href":"https:\/\/guialimeira.com.br\/news\/wp-json\/wp\/v2\/comments?post=27758"}],"version-history":[{"count":0,"href":"https:\/\/guialimeira.com.br\/news\/wp-json\/wp\/v2\/posts\/27758\/revisions"}],"wp:featuredmedia":[{"embeddable":true,"href":"https:\/\/guialimeira.com.br\/news\/wp-json\/wp\/v2\/media\/27759"}],"wp:attachment":[{"href":"https:\/\/guialimeira.com.br\/news\/wp-json\/wp\/v2\/media?parent=27758"}],"wp:term":[{"taxonomy":"category","embeddable":true,"href":"https:\/\/guialimeira.com.br\/news\/wp-json\/wp\/v2\/categories?post=27758"},{"taxonomy":"post_tag","embeddable":true,"href":"https:\/\/guialimeira.com.br\/news\/wp-json\/wp\/v2\/tags?post=27758"}],"curies":[{"name":"wp","href":"https:\/\/api.w.org\/{rel}","templated":true}]}}