{"id":27746,"date":"2025-03-22T08:12:22","date_gmt":"2025-03-22T11:12:22","guid":{"rendered":"https:\/\/guialimeira.com.br\/?p=27746"},"modified":"2025-03-22T08:12:24","modified_gmt":"2025-03-22T11:12:24","slug":"vereador-waguinho-da-santa-luzia-cobra-informacoes-sobre-a-substituicao-de-lampadas-em-limeira","status":"publish","type":"post","link":"https:\/\/guialimeira.com.br\/news\/vereador-waguinho-da-santa-luzia-cobra-informacoes-sobre-a-substituicao-de-lampadas-em-limeira\/","title":{"rendered":"Vereador Waguinho da Santa Luzia cobra informa\u00e7\u00f5es sobre a substitui\u00e7\u00e3o de l\u00e2mpadas em Limeira"},"content":{"rendered":"\n<p class=\"wp-block-paragraph\">O vereador <strong>Waguinho da Santa Luzia (Progressistas)<\/strong> solicitou informa\u00e7\u00f5es ao Poder Executivo sobre a substitui\u00e7\u00e3o de l\u00e2mpadas no munic\u00edpio de Limeira. O requerimento tem car\u00e1ter fiscalizat\u00f3rio e busca esclarecer pontos importantes sobre o servi\u00e7o prestado \u00e0 popula\u00e7\u00e3o.<\/p>\n\n\n\n<h2 class=\"wp-block-heading\"><strong>Quest\u00f5es levantadas no requerimento<\/strong><\/h2>\n\n\n\n<p class=\"wp-block-paragraph\">Entre os principais questionamentos do vereador, est\u00e3o:<\/p>\n\n\n\n<p class=\"wp-block-paragraph\">\ud83d\udd39 <strong>Empresa respons\u00e1vel:<\/strong> Qual empresa realiza a substitui\u00e7\u00e3o das l\u00e2mpadas e qual o prazo do contrato vigente?<br>\ud83d\udd39 <strong>Terceiriza\u00e7\u00e3o:<\/strong> A empresa contratada pode terceirizar os servi\u00e7os?<br>\ud83d\udd39 <strong>Tempo de atendimento:<\/strong> Qual o prazo para a substitui\u00e7\u00e3o de l\u00e2mpadas ap\u00f3s a solicita\u00e7\u00e3o e qual a puni\u00e7\u00e3o caso o prazo n\u00e3o seja cumprido?<br>\ud83d\udd39 <strong>Demandas pendentes:<\/strong> Quantos pedidos est\u00e3o protocolados e ainda aguardam atendimento? Qual a data do pedido mais antigo?<br>\ud83d\udd39 <strong>Capacidade de atendimento:<\/strong> Quantos servi\u00e7os s\u00e3o realizados diariamente?<br>\ud83d\udd39 <strong>Canais oficiais:<\/strong> Onde os mun\u00edcipes podem registrar pedidos de substitui\u00e7\u00e3o de l\u00e2mpadas?<\/p>\n\n\n\n<h2 class=\"wp-block-heading\"><strong>Fiscaliza\u00e7\u00e3o e transpar\u00eancia no servi\u00e7o p\u00fablico<\/strong><\/h2>\n\n\n\n<p class=\"wp-block-paragraph\">O requerimento apresentado pelo vereador <strong>Waguinho da Santa Luzia<\/strong> est\u00e1 fundamentado no artigo 31 da Constitui\u00e7\u00e3o Federal, no artigo 15, inciso VII, da Lei Org\u00e2nica do Munic\u00edpio de Limeira e no artigo 3\u00ba do Regimento Interno da C\u00e2mara Municipal. A iniciativa refor\u00e7a a import\u00e2ncia da transpar\u00eancia na gest\u00e3o p\u00fablica e busca garantir que os servi\u00e7os essenciais sejam prestados com efici\u00eancia \u00e0 popula\u00e7\u00e3o limeirense.<\/p>\n\n\n\n<p class=\"wp-block-paragraph\">A substitui\u00e7\u00e3o de l\u00e2mpadas \u00e9 um servi\u00e7o fundamental para a seguran\u00e7a e qualidade de vida dos moradores, especialmente em \u00e1reas que sofrem com ilumina\u00e7\u00e3o prec\u00e1ria. A resposta do Poder Executivo ser\u00e1 essencial para esclarecer d\u00favidas e assegurar que os cidad\u00e3os tenham acesso a um atendimento \u00e1gil e eficaz.<\/p>\n\n\n\n<p class=\"wp-block-paragraph\">\ud83d\udccc <strong>Acompanhe as atualiza\u00e7\u00f5es sobre esse requerimento e outras iniciativas do vereador Waguinho da Santa Luzia em nossos pr\u00f3ximos posts!<\/strong><\/p>\n","protected":false},"excerpt":{"rendered":"<p>O vereador Waguinho da Santa Luzia (Progressistas) solicitou informa\u00e7\u00f5es ao Poder Executivo sobre a substitui\u00e7\u00e3o de l\u00e2mpadas no munic\u00edpio de Limeira. O requerimento tem car\u00e1ter fiscalizat\u00f3rio e busca esclarecer pontos importantes sobre o servi\u00e7o prestado \u00e0 popula\u00e7\u00e3o. Quest\u00f5es levantadas no requerimento Entre os principais questionamentos do vereador, est\u00e3o: \ud83d\udd39 Empresa respons\u00e1vel: Qual empresa realiza a [&hellip;]<\/p>\n","protected":false},"author":1,"featured_media":24742,"comment_status":"open","ping_status":"open","sticky":false,"template":"","format":"standard","meta":{"_jetpack_newsletter_access":"","_jetpack_dont_email_post_to_subs":false,"_jetpack_newsletter_tier_id":0,"_jetpack_memberships_contains_paywalled_content":false,"_mbp_banners":[],"_jetpack_feature_clip_id":0,"_jetpack_memberships_contains_paid_content":false,"footnotes":"","jetpack_publicize_message":"","jetpack_publicize_feature_enabled":true,"jetpack_social_post_already_shared":true,"jetpack_social_options":{"image_generator_settings":{"template":"highway","default_image_id":0,"font":"","enabled":false},"version":2},"jetpack_post_was_ever_published":false},"categories":[19],"tags":[],"class_list":["post-27746","post","type-post","status-publish","format-standard","has-post-thumbnail","category-politica"],"jetpack_publicize_connections":[],"jetpack-related-posts":[],"jetpack_shortlink":"https:\/\/wp.me\/p7Eq1F-7dw","jetpack_sharing_enabled":true,"jetpack_featured_media_url":"https:\/\/i0.wp.com\/guialimeira.com.br\/news\/wp-content\/uploads\/2025\/02\/2025-01-31_conheca-seu-vereador-waguinho-da-santa-luzia_1.jpg?fit=1280%2C640&ssl=1","_links":{"self":[{"href":"https:\/\/guialimeira.com.br\/news\/wp-json\/wp\/v2\/posts\/27746","targetHints":{"allow":["GET"]}}],"collection":[{"href":"https:\/\/guialimeira.com.br\/news\/wp-json\/wp\/v2\/posts"}],"about":[{"href":"https:\/\/guialimeira.com.br\/news\/wp-json\/wp\/v2\/types\/post"}],"author":[{"embeddable":true,"href":"https:\/\/guialimeira.com.br\/news\/wp-json\/wp\/v2\/users\/1"}],"replies":[{"embeddable":true,"href":"https:\/\/guialimeira.com.br\/news\/wp-json\/wp\/v2\/comments?post=27746"}],"version-history":[{"count":1,"href":"https:\/\/guialimeira.com.br\/news\/wp-json\/wp\/v2\/posts\/27746\/revisions"}],"predecessor-version":[{"id":27747,"href":"https:\/\/guialimeira.com.br\/news\/wp-json\/wp\/v2\/posts\/27746\/revisions\/27747"}],"wp:featuredmedia":[{"embeddable":true,"href":"https:\/\/guialimeira.com.br\/news\/wp-json\/wp\/v2\/media\/24742"}],"wp:attachment":[{"href":"https:\/\/guialimeira.com.br\/news\/wp-json\/wp\/v2\/media?parent=27746"}],"wp:term":[{"taxonomy":"category","embeddable":true,"href":"https:\/\/guialimeira.com.br\/news\/wp-json\/wp\/v2\/categories?post=27746"},{"taxonomy":"post_tag","embeddable":true,"href":"https:\/\/guialimeira.com.br\/news\/wp-json\/wp\/v2\/tags?post=27746"}],"curies":[{"name":"wp","href":"https:\/\/api.w.org\/{rel}","templated":true}]}}